{"id":10157,"date":"2021-02-26T13:33:25","date_gmt":"2021-02-26T16:33:25","guid":{"rendered":"https:\/\/www.ericpereira.eu\/?p=10157"},"modified":"2021-02-26T13:33:25","modified_gmt":"2021-02-26T16:33:25","slug":"oxi%c9%90%ea%93%ad-%c9%90%ea%93%a4%c9%90%d4%81-%c9%90%cc%a7%c9%94%c7%9d%ea%93%ad%c9%90%c9%94-%c7%9d%ea%93%b7-%c9%90%ea%93%95s%c7%9d-o%ea%93%b7%ea%93%b5%ea%93%95","status":"publish","type":"post","link":"https:\/\/www.clinicadehipnoseenutricao.com\/blog\/oxi%c9%90%ea%93%ad-%c9%90%ea%93%a4%c9%90%d4%81-%c9%90%cc%a7%c9%94%c7%9d%ea%93%ad%c9%90%c9%94-%c7%9d%ea%93%b7-%c9%90%ea%93%95s%c7%9d-o%ea%93%b7%ea%93%b5%ea%93%95\/","title":{"rendered":"\u00a1OXI\u2c6f\ua4ed \u2c6f\ua4e4\u2c6f\u0500 \u2c6f\u0327\u0186\u018e\ua4ed\u2c6f\u0186 \u018e\ua4f7 \u2c6f\ua4d5S\u018e O\ua4f7\ua4f5\ua4d5"},"content":{"rendered":"<p class=\"kvgmc6g5 cxmmr5t8 oygrvhab hcukyx3x c1et5uql ii04i59q\">Eu j\u00e1 ouvi mais de uma vez esta express\u00e3o! N\u00e3o, na verdade eu j\u00e1 ouvi centenas de vezes isso na minha adolesc\u00eancia, na escola, na minha fam\u00edlia e nestas duas d\u00e9cadas atendendo pessoas! Ok, \u00e0s vezes com alguns ajustes, mas ouvi sim! \u201cO mundo est\u00e1 virado\u201d, \u201cminha vida est\u00e1 ao contr\u00e1rio desde que&#8230;\u201d e quando olhamos hoje para o mundo temos a sensa\u00e7\u00e3o de que tudo est\u00e1 de cabe\u00e7a para baixo, n\u00e9? \u00c9&#8230; Talvez para voc\u00ea n\u00e3o, quem sabe&#8230;.<\/p>\n<p dir=\"auto\">Eu j\u00e1 tive esta \u201csensa\u00e7\u00e3o\u201d estranha e at\u00e9 acredito que muito disso veio do que assistia na televis\u00e3o, do que era \u201cvendido\u201d na internet, covid, terremoto, a invas\u00e3o de gafanhotos, a abelha assassina nos EUA e tantas outras coisas que entendidas de maneira individual e no contexto certo at\u00e9 t\u00eam explica\u00e7\u00e3o \u201cl\u00f3gica\u201d, seja l\u00e1 o que isso significa, mas no momento atual e tudo junto e com uma pitadinha de exageros, parece o fim dos tempos, n\u00e9?<\/p>\n<p dir=\"auto\">Aff! \u00c9 s\u00e9rio que eu disse isso?! Ok! Esque\u00e7a o que falei&#8230;.<\/p>\n<p dir=\"auto\">O foco aqui neste artigo \u00e9 fazer voc\u00ea pensar sobre esta situa\u00e7\u00e3o que constru\u00edmos dentro de n\u00f3s, claroooo que gostaria que focasse inclusive nas lentes que s\u00e3o colocadas, aquelas que AUMENTAM, e muitas vezes muito, o que \u00e9 dito e provavelmente aqui cabe algo que digo muito aos meus clientes \u201cN\u00e3o \u00e9 o que dizem e sim COMO dizem\u201d, pois, descontextualizado, qualquer inocente vira criminoso, qualquer pessoa comum tem tra\u00e7os terroristas!<\/p>\n<p dir=\"auto\">Isso me faz pensar (e j\u00e1 penso assim h\u00e1 d\u00e9cadas), que mais de 95% dos nossos conflitos internos, n\u00e3o existem! S\u00e3o apenas pensamentos exagerados, quem sabe diminu\u00eddos, distorcidos, que est\u00e3o misturados com outros e que no final se torna uma GRANDE tortura. Me acompanhe aqui por favor!<\/p>\n<p dir=\"auto\">Eu j\u00e1 atendi mulheres que estavam em sofrimento no in\u00edcio de uma rela\u00e7\u00e3o, construindo hist\u00f3rias ruins sobre o rumo daquele casamento que mal se iniciou, baseadas em um comportamento do marido que remeteu o seu pensamento a um comportamento id\u00eantico do seu pai, por\u00e9m ap\u00f3s o comportamento do pai, suas a\u00e7\u00f5es foram para um lado menos bom com sua m\u00e3e e isso n\u00e3o significa que no seu casamento ter\u00e1 a mesma consequ\u00eancia, compreende?<\/p>\n<p dir=\"auto\">Agora imagine esta mulher j\u00e1 insegura, que j\u00e1 carrega em si o sistema familiar de sofrimento das mulheres de sua fam\u00edlia, mais os comportamentos gravados do pai, incluindo a sua \u201caus\u00eancia\u201d construindo na sua mente o in\u00edcio de um conflito que nem existe na sua fam\u00edlia atual! Agora e se somarmos isso a outras experi\u00eancias em que ela se sentiu insegura ou quem sabe at\u00e9 rejeitada e formos dia a p\u00f3s dia alimentando tudo isso? \u00c9 muito prov\u00e1vel que o conflito se torne real, pois ela vai projetar nesta rela\u00e7\u00e3o tudo o que est\u00e1 sendo construindo na mente.<\/p>\n<p dir=\"auto\">E ainda tem mais \u2013 Aten\u00e7\u00e3o aqui! Esta constru\u00e7\u00e3o mental, ela n\u00e3o fica ali apenas no azul escuro da mente, ok? Ela se espalha pelo corpo, afinal as mem\u00f3rias biologicamente est\u00e3o por todo o corpo e quem sabe fa\u00e7a mais sentido para voc\u00ea agora, se observar que aquela dor de ouvido que surgiu \u201cdo nada\u201d, ela teve um significado maior e quem sabe \u201cn\u00e3o quis ouvir\u201d ou aquelas dores nos ombros ou nas costas, podem ter um efeito de \u201cN\u00e3o estou aguentando mais carregar\u2026.\u201d compreende onde quero chegar aqui?<\/p>\n<p dir=\"auto\">O mundo sempre est\u00e1 de cabe\u00e7a para baixo! Apenas vimos isso em fases diferentes da nossa vida e confesso que quando percebi isso h\u00e1 uns anos atr\u00e1s, fiquei assustado, mas olhando mais de perto, usando as minhas lentes terap\u00eauticas, pude observar que o mundo estava mesmo de cabe\u00e7a para baixo, mas era o \u201cmeu\u201d mundo e apenas o meu. E sabe o que fiz? Descobri que daquela forma tinha mais \u201cordem\u201d do que antes e simplesmente fui feliz assim&#8230;.<\/p>\n<p dir=\"auto\">Ent\u00e3o se o seu mundo estiver de OXI\u2c6f\ua4ed \u2c6f\ua4e4\u2c6f\u0500 \u2c6f\u0327\u0186\u018e\ua4ed\u2c6f\u0186, relaxe e seja mais observador, se n\u00e3o enlouquecemos! Um dia de cada vez e vamos entendendo que a vida \u00e9 deliciosa de ser vivida e 95% do que chamamos de problemas, s\u00e3o apenas pensamentos, invers\u00e3o de valores, conflitos internos e tudo isso \u201c\u00e0s vezes\u201d junto e misturado.<\/p>\n<div class=\"o9v6fnle cxmmr5t8 oygrvhab hcukyx3x c1et5uql ii04i59q\">\n<p dir=\"auto\">At\u00e9 \u00e0 pr\u00f3xima,<\/p>\n<p dir=\"auto\"><img fetchpriority=\"high\" decoding=\"async\" class=\" wp-image-9809 aligncenter\" src=\"https:\/\/www.ipubli.com.br\/clientes\/base56\/wp-content\/uploads\/2020\/09\/assinatura-300x108.jpg\" alt=\"\" width=\"417\" height=\"150\" \/><\/p>\n<\/div>\n","protected":false},"excerpt":{"rendered":"<p>Eu j\u00e1 ouvi mais de uma vez esta express\u00e3o! N\u00e3o, na verdade eu j\u00e1 ouvi centenas de vezes isso na minha adolesc\u00eancia, na escola, na minha fam\u00edlia e nestas duas d\u00e9cadas atendendo pessoas! Ok, \u00e0s vezes com alguns ajustes, mas ouvi sim! \u201cO mundo est\u00e1 virado\u201d, \u201cminha vida est\u00e1 ao contr\u00e1rio desde que&#8230;\u201d e quando [&hellip;]<\/p>\n","protected":false},"author":3,"featured_media":10158,"comment_status":"closed","ping_status":"closed","sticky":false,"template":"","format":"standard","meta":{"footnotes":""},"categories":[60],"tags":[379,749,1022,469,833,458],"blocksy_meta":"","_links":{"self":[{"href":"https:\/\/www.clinicadehipnoseenutricao.com\/blog\/wp-json\/wp\/v2\/posts\/10157"}],"collection":[{"href":"https:\/\/www.clinicadehipnoseenutricao.com\/blog\/wp-json\/wp\/v2\/posts"}],"about":[{"href":"https:\/\/www.clinicadehipnoseenutricao.com\/blog\/wp-json\/wp\/v2\/types\/post"}],"author":[{"embeddable":true,"href":"https:\/\/www.clinicadehipnoseenutricao.com\/blog\/wp-json\/wp\/v2\/users\/3"}],"replies":[{"embeddable":true,"href":"https:\/\/www.clinicadehipnoseenutricao.com\/blog\/wp-json\/wp\/v2\/comments?post=10157"}],"version-history":[{"count":0,"href":"https:\/\/www.clinicadehipnoseenutricao.com\/blog\/wp-json\/wp\/v2\/posts\/10157\/revisions"}],"wp:featuredmedia":[{"embeddable":true,"href":"https:\/\/www.clinicadehipnoseenutricao.com\/blog\/wp-json\/wp\/v2\/media\/10158"}],"wp:attachment":[{"href":"https:\/\/www.clinicadehipnoseenutricao.com\/blog\/wp-json\/wp\/v2\/media?parent=10157"}],"wp:term":[{"taxonomy":"category","embeddable":true,"href":"https:\/\/www.clinicadehipnoseenutricao.com\/blog\/wp-json\/wp\/v2\/categories?post=10157"},{"taxonomy":"post_tag","embeddable":true,"href":"https:\/\/www.clinicadehipnoseenutricao.com\/blog\/wp-json\/wp\/v2\/tags?post=10157"}],"curies":[{"name":"wp","href":"https:\/\/api.w.org\/{rel}","templated":true}]}}