{"id":10225,"date":"2017-07-27T23:09:08","date_gmt":"2017-07-28T02:09:08","guid":{"rendered":"https:\/\/www.ericpereira.eu\/blog\/?p=4045"},"modified":"2017-07-27T23:09:08","modified_gmt":"2017-07-28T02:09:08","slug":"sofro-em-silencio","status":"publish","type":"post","link":"https:\/\/www.clinicadehipnoseenutricao.com\/blog\/sofro-em-silencio\/","title":{"rendered":"SOFRO EM SIL\u00caNCIO"},"content":{"rendered":"<p style=\"text-align: justify;\">Ontem (quinta-feira) eu dormi pensando \u201camanh\u00e3 \u00e9 dia de desejar um bom final de semana\u201d para os meus seguidores e hoje quando acordei, percebi (claramente) que estou amando a ideia de dar uma dica especial TODAS as sextas!<\/p>\n<p style=\"text-align: justify;\">\u00c9 MESMO delicioso, quando compartilhamos um pensamento com a \u201cinten\u00e7\u00e3o\u201d de somar na vida de outras pessoas, n\u00e9?! Amotudoissox2 MESMO!<\/p>\n<p style=\"text-align: justify;\">Hoje quero falar sobre \u201csofrer em sil\u00eancio\u201d, pois acho que \u00e9 um tema que muitas pessoas conhecem&#8230; Ou j\u00e1 passaram por uma situa\u00e7\u00e3o silenciosa como esta ou est\u00e3o passando e este sofrimento \u201cquase\u201d velado \u00e9 realmente algo que d\u00f3i. Apesar de muitas pessoas n\u00e3o compreenderem esta dor invis\u00edvel, algumas pessoas relatam que ela pode se tornar f\u00edsica e forte rapidamente.<\/p>\n<blockquote>\n<p style=\"text-align: justify;\">Sofrer em sil\u00eancio pode ter v\u00e1rias origens! Alguns sofrem por um amor n\u00e3o correspondido, outros por uma rejei\u00e7\u00e3o, muitos apenas se calam, sofrem, choram em sil\u00eancio no quarto madrugada a dentro por n\u00e3o terem coragem de tomar uma decis\u00e3o.<\/p>\n<\/blockquote>\n<p style=\"text-align: justify;\">H\u00e1 pouco tempo recebi uma paciente, professora de l\u00ednguas, 52 anos e a sua queixa principal era \u201cang\u00fastia\u201d. Ela passava a m\u00e3o no peito, fazendo c\u00edrculos com a m\u00e3o enquanto dizia: \u201cSinto algo aqui dentro que parece que quer sair e n\u00e3o consegue, nem sei bem o que \u00e9, mas nestes momentos sinto-me sufocada, falta-me o ar e chego a perder a realidade de onde estou\u201d.<\/p>\n<p style=\"text-align: justify;\">Com as perguntas certas (\u00e9 claro), ela logo come\u00e7ou a \u201ctomar consci\u00eancia\u201d do que estava falando e identificamos como estavam sendo (para ela) angustiante os \u00faltimos anos de casamento. Ela dizia que esta conviv\u00eancia \u201cj\u00e1\u201d era uma esp\u00e9cie de compartilhar a mesma casa por causa da filha de 13 anos.<\/p>\n<p style=\"text-align: justify;\"><img fetchpriority=\"high\" decoding=\"async\" class=\"aligncenter size-full wp-image-4049\" src=\"https:\/\/www.ericpereira.eu\/blog\/wp-content\/uploads\/2017\/07\/encontrando-se.jpg\" alt=\"\" width=\"1100\" height=\"400\" \/><\/p>\n<p style=\"text-align: justify;\">Os olhos chegavam a brilhar quando ela falava que tudo que queria era viajar, respirar outros ares, conhecer lugares diferentes e beber um caf\u00e9 em qualquer esplanada da Europa.<\/p>\n<p style=\"text-align: justify;\">Ficou em sil\u00eancio por 8 anos, assistiu 3 palestras minhas, um semin\u00e1rio e mesmo assim demorou 10 meses para marcar aquela consulta! Preferiu (sofrer) em sil\u00eancio todo este tempo.<\/p>\n<blockquote>\n<p style=\"text-align: justify;\"><em>Eu j\u00e1 sofri em sil\u00eancio h\u00e1 muitos anos atr\u00e1s. Eu era muito novinho, primeiro casamento, penso que eu tinha uns 17 anos e tudo que fazia era morder a m\u00e3o. N\u00e3o sabia com quem falar e muito menos sobre o que falar. E sofri&#8230;. At\u00e9 o dia que despertei, desabafei e descobri que n\u00e3o tinha que ficar calado, nem casado para o resto da minha vida.<\/em><\/p>\n<\/blockquote>\n<p style=\"text-align: justify;\">S\u00e3o muitos tipos de sofrimentos silenciosos\u2026Por\u00e9m penso que todos eles sem nenhuma exce\u00e7\u00e3o t\u00eam solu\u00e7\u00e3o!<\/p>\n<p style=\"text-align: justify;\">Desejo que encontre solu\u00e7\u00e3o \u201cse\u201d estiver passando por este silencioso sofrimento! Desejo tamb\u00e9m que ajude \u201cse\u201d encontrar algu\u00e9m que passa por isso&#8230; Estas pessoas muitas vezes precisam de um bom par de ouvidos para ouvi-las.<\/p>\n<p style=\"text-align: justify;\">\u00c0s vezes n\u00e3o precisamos ser terapeutas, precisamos ser amigos, ser humanos!<\/p>\n<p style=\"text-align: justify;\">Bom final de semana!!!!! At\u00e9 a pr\u00f3xima sexta-feira!!!<\/p>\n<p style=\"text-align: justify;\"><img decoding=\"async\" class=\"size-full wp-image-3971\" src=\"https:\/\/www.ericpereira.eu\/blog\/wp-content\/uploads\/2017\/06\/assinatura.jpg\" alt=\"\" width=\"1002\" height=\"300\" srcset=\"https:\/\/www.clinicadehipnoseenutricao.com\/blog\/wp-content\/uploads\/2017\/06\/assinatura.jpg 1002w, https:\/\/www.clinicadehipnoseenutricao.com\/blog\/wp-content\/uploads\/2017\/06\/assinatura-150x45.jpg 150w, https:\/\/www.clinicadehipnoseenutricao.com\/blog\/wp-content\/uploads\/2017\/06\/assinatura-450x135.jpg 450w, https:\/\/www.clinicadehipnoseenutricao.com\/blog\/wp-content\/uploads\/2017\/06\/assinatura-768x230.jpg 768w\" sizes=\"(max-width: 1002px) 100vw, 1002px\" \/><\/p>\n","protected":false},"excerpt":{"rendered":"<p>Ontem (quinta-feira) eu dormi pensando \u201camanh\u00e3 \u00e9 dia de desejar um bom final de semana\u201d para os meus seguidores e hoje quando acordei, percebi (claramente) que estou amando a ideia de dar uma dica especial TODAS as sextas! \u00c9 MESMO delicioso, quando compartilhamos um pensamento com a \u201cinten\u00e7\u00e3o\u201d de somar na vida de outras pessoas, [&hellip;]<\/p>\n","protected":false},"author":3,"featured_media":10226,"comment_status":"closed","ping_status":"closed","sticky":false,"template":"","format":"standard","meta":{"footnotes":""},"categories":[338],"tags":[],"blocksy_meta":"","_links":{"self":[{"href":"https:\/\/www.clinicadehipnoseenutricao.com\/blog\/wp-json\/wp\/v2\/posts\/10225"}],"collection":[{"href":"https:\/\/www.clinicadehipnoseenutricao.com\/blog\/wp-json\/wp\/v2\/posts"}],"about":[{"href":"https:\/\/www.clinicadehipnoseenutricao.com\/blog\/wp-json\/wp\/v2\/types\/post"}],"author":[{"embeddable":true,"href":"https:\/\/www.clinicadehipnoseenutricao.com\/blog\/wp-json\/wp\/v2\/users\/3"}],"replies":[{"embeddable":true,"href":"https:\/\/www.clinicadehipnoseenutricao.com\/blog\/wp-json\/wp\/v2\/comments?post=10225"}],"version-history":[{"count":0,"href":"https:\/\/www.clinicadehipnoseenutricao.com\/blog\/wp-json\/wp\/v2\/posts\/10225\/revisions"}],"wp:featuredmedia":[{"embeddable":true,"href":"https:\/\/www.clinicadehipnoseenutricao.com\/blog\/wp-json\/wp\/v2\/media\/10226"}],"wp:attachment":[{"href":"https:\/\/www.clinicadehipnoseenutricao.com\/blog\/wp-json\/wp\/v2\/media?parent=10225"}],"wp:term":[{"taxonomy":"category","embeddable":true,"href":"https:\/\/www.clinicadehipnoseenutricao.com\/blog\/wp-json\/wp\/v2\/categories?post=10225"},{"taxonomy":"post_tag","embeddable":true,"href":"https:\/\/www.clinicadehipnoseenutricao.com\/blog\/wp-json\/wp\/v2\/tags?post=10225"}],"curies":[{"name":"wp","href":"https:\/\/api.w.org\/{rel}","templated":true}]}}