{"id":10610,"date":"2021-03-11T07:48:14","date_gmt":"2021-03-11T10:48:14","guid":{"rendered":"https:\/\/www.ericpereira.eu\/?p=10610"},"modified":"2021-03-11T07:48:14","modified_gmt":"2021-03-11T10:48:14","slug":"reacoes-exageradas","status":"publish","type":"post","link":"https:\/\/www.clinicadehipnoseenutricao.com\/blog\/reacoes-exageradas\/","title":{"rendered":"Rea\u00e7\u00f5es Exageradas"},"content":{"rendered":"<p class=\"kvgmc6g5 cxmmr5t8 oygrvhab hcukyx3x c1et5uql ii04i59q\">Eu gosto de fazer muitas coisas na minha vida profissional, por\u00e9m confesso que umas mais que outras e quando sento para escrever, escolho uma m\u00fasica (hoje vou de jazz) e come\u00e7ar a escrever \u00e9 como ir para o c\u00e9u! Sentir o tema, deixar vir as imagens, usar a criatividade e construir uma ideia \u00e9 um verdadeiro caso de amor e ainda acredito que um dia viverei apenas da escrita, apensas dos meus livros e tudo isso j\u00e1 esteve mais longe de acontecer!<\/p>\n<p dir=\"auto\">Claro que o que escrevo nunca \u00e9 uma verdade absoluta e ainda bem por isso, por\u00e9m \u00e9 o \u201cmeu\u201d ponto de vista sobre o assunto e espero que o leitor aproveite a melhor parte para melhorar, mas que utilize o todo para refletir e depois tirar suas pr\u00f3prias conclus\u00f5es e dito isso, vamos mergulhar nas rea\u00e7\u00f5es exageradas que \u00e0s vezes temos!<\/p>\n<p dir=\"auto\">Como sabe os temas que escrevo surgem normalmente da inspira\u00e7\u00e3o dos atendimentos que fa\u00e7o e recentemente ouvia uma cliente me falar sobre as suas rea\u00e7\u00f5es a um determinado facto e quanto mais a ouvia, mais percebia que ela estava tendo uma rea\u00e7\u00e3o exagerada sobre \u201co facto\u201d e na minha opini\u00e3o \u201ctoda\u201d a rea\u00e7\u00e3o exagerada tem rela\u00e7\u00e3o com as feridas n\u00e3o tratadas\u201d e observo constantemente tal comportamento em pessoas que \u00e0s vezes nem se quer se d\u00e3o ao trabalho de olhar para as suas feridas, elas reagem t\u00e3ooo exageradamente como se o \u201ccaos\u201d que elas criam, criasse imediatamente uma cortina de fuma\u00e7a para que nem elas e nem mais ningu\u00e9m pudessem olhar para aquele facto que na maioria das vezes nem \u00e9 t\u00e3o grande assim.<\/p>\n<p dir=\"auto\">Eu j\u00e1 tive algumas rea\u00e7\u00f5es exageradas e talvez tamb\u00e9m j\u00e1 tenha tido e est\u00e1 tudo certo, agora quando entendemos que tais rea\u00e7\u00f5es s\u00e3o uma maneira de mascararmos \u201calgo\u201d, olhamos para elas de uma forma diferente e aqui escrevendo, analisando e fazendo pequenas pausas para tomar o meu caf\u00e9 e ouvir o meu jazz, come\u00e7o a acreditar que faz algum tempo que n\u00e3o tenho tais rea\u00e7\u00f5es. Ser\u00e1 que amadureci? Quem sabe estou crescendo com este processo&#8230;. Hum&#8230; Talvez sim! O facto \u00e9 que vamos aprendendo, experimentando e ao longo do tempo fica muito claro que o \u201cfacto\u201d \u00e9 apenas o \u201cfacto\u201d e tudo o que constru\u00edmos ao redor dele \u00e9 produto da mente.<\/p>\n<p dir=\"auto\">Sim! Tenho falado muito ultimamente sobre isso, por\u00e9m \u00e9 importante entendermos isso e penso que quanto mais r\u00e1pido voc\u00ea compreender que \u00e9 importante voc\u00ea olhar para as suas feridas emocionais, mais r\u00e1pido vai dando significados diferentes para elas! Eu aqui deste lado, todas as vezes que gravo um podcast ou escrevo um artigo \u00e9 na esperan\u00e7a que quem os ouve ou l\u00ea de alguma for\u00e7a ganhe um pouco mais de consci\u00eancia e consiga ver a sua vida com outros olhos que n\u00e3o sejam dentro de ciclo vicioso que est\u00e1 acostumado a viver!<\/p>\n<p dir=\"auto\">\u00c0s vezes as nossas rea\u00e7\u00f5es s\u00e3o desproporcionais ao que realmente est\u00e1 acontecendo e isso me faz lembrar in\u00fameros casos que j\u00e1 atendi, em particular uma cliente que chegou no meu consult\u00f3rio do Funchal, muito nervosa (3\u00ba sess\u00e3o), e mal me cumprimentou e come\u00e7ou a disparar sem parar sobre o absurdo que era a sua m\u00e3e querer se reaproximar dela depois de terem rompido a rela\u00e7\u00e3o h\u00e1 3 anos, por uma briga em que ela acredita que a sua m\u00e3e tenha errado com ela e ela estava t\u00e3o nervosa que chegava a cuspir falando, sem contar que se sentava e levantava e andava e sentava de novo.<\/p>\n<p dir=\"auto\">Neste caso espec\u00edfico, independente do que a m\u00e3e fez \u201cou\u201d do que ela acha que fez, ela \u201cexcluiu\u201d a sua m\u00e3e e toda a vez que exclu\u00edmos algu\u00e9m o nosso sistema se desequilibra e aten\u00e7\u00e3o que aqui nem estou focado nos motivos que ela tem, ok? Pois para uns podem ser motivos simples e para outros motivos poderosos que n\u00e3o interessa, exclus\u00e3o \u00e9 exclus\u00e3o e isso nunca far\u00e1 bem a uma pessoa. Podemos sim, n\u00e3o estarmos confort\u00e1veis com algum comportamento dos nossos pais e isso posso at\u00e9 compreender, por\u00e9m o comportamento da m\u00e3e dela, n\u00e3o \u00e9 a m\u00e3e dela, compreende isso? E ela pode manter o que chamo de dist\u00e2ncia segura\u201d desta m\u00e3e, mas deve t\u00ea-la no cora\u00e7\u00e3o.<\/p>\n<p dir=\"auto\">Aten\u00e7\u00e3o de novo aqui! O comportamento de nossos pais, n\u00e3o s\u00e3o eles! Ent\u00e3o n\u00e3o confunda \u201cess\u00eancia\u201d com \u201ccomportamento\u201d. Podemos manter aqui dentro do nosso cora\u00e7\u00e3o a ess\u00eancia, a gratid\u00e3o deles terem nos dado vida, por\u00e9m ela apenas enxergava \u201co\u201d comportamento que na opini\u00e3o dela era abusivo.<\/p>\n<p dir=\"auto\">Diante daquele facto, ou melhor \u2013 Diante de tudo o que estava \u00e0 volta daquele facto, ela tinha rea\u00e7\u00f5es exageradas e com tais rea\u00e7\u00f5es ela ficava nervosa, agitada, ansiosa e algumas vezes chegava at\u00e9 a ter em casa crise de p\u00e2nico e claro que tinha que ter, pois estava exagerando uma rea\u00e7\u00e3o que para a sua mente era como quase um teatro dram\u00e1tico que imediatamente mandava comandos para todo o corpo, com isso disparava comandos menos bons e mais cedo ou mais tarde o corpo iria reagir a tudo aquilo, n\u00e3o acha?<\/p>\n<p dir=\"auto\">Hoje percebo que na maioria das vezes, quando algo me acontece e fico desconfort\u00e1vel, vou imediatamente buscar equil\u00edbrio na respira\u00e7\u00e3o e aten\u00e7\u00e3o que n\u00e3o disse respostas, ok? Primeiro vou em busca de mandar a mensagem certa para a minha mente, para que ela n\u00e3o mande comandos errados para o meu corpo. \u00c0s vezes coloco uma m\u00fasica, no meu caso estou muito conectado com as m\u00fasicas e adoro, por exemplo ouvir Deva Premal quando preciso equilibrar a minha respira\u00e7\u00e3o.<\/p>\n<p dir=\"auto\">(Pequena pausa)<\/p>\n<p dir=\"auto\">Quando uma pessoa est\u00e1 ansiosa ou tendo uma crise de p\u00e2nico, como esta pessoa respira? Ofegante, respira de tal maneira forte e r\u00e1pido que \u00e0s vezes chega a faltar o f\u00f4lego! Entende isso? Ela fica sem ar e esta respira\u00e7\u00e3o acaba trazendo outras coisas ruins para ela, como rigidez muscular, tens\u00e3o e j\u00e1 ouvi in\u00fameros relatos de pessoas que nem conseguem \u201cenxergar\u201d direito ou ouvir! Pois entram em uma esp\u00e9cie de estado hipn\u00f3tico onde tudo que pensam \u00e9 na situa\u00e7\u00e3o desconfort\u00e1vel.<\/p>\n<p dir=\"auto\">Voltando aqui, sejamos sinceros, ok? Acredita mesmo que se produzir esta respira\u00e7\u00e3o e entrar neste estado hipn\u00f3tico de desespero vai conseguir encontrar alguma solu\u00e7\u00e3o para o que est\u00e1 acontecendo ou o que est\u00e1 por vir? Por favor, n\u00e9!!! \u00c9 claro que n\u00e3o, ent\u00e3o come\u00e7armos por equilibrarmos a nossa respira\u00e7\u00e3o \u00e9 o inicio de tudo e j\u00e1 ouvi clientes e alunos me dizerem que tentaram e n\u00e3o conseguiram e a sensa\u00e7\u00e3o que tenho quando ou\u00e7o estes relatos \u00e9 que estas pessoas tentaram isso por 3 minutos e meio e desistiram e antes que tenha aqui uma rea\u00e7\u00e3o exagerada, perceba que tudo nesta vida \u00e9 uma quest\u00e3o de treinamento&#8230;n\u00e3o aprendemos a conduzir na primeira aula, n\u00e3oooo! Precisamos entender sobre, precisamos treinar, estar presente, compreender o que est\u00e1 por tr\u00e1s da \u201cdin\u00e2mica\u201d e ent\u00e3o aos poucos e com alguma persist\u00eancia vamos automatizando \u201co\u201d processo e percebendo o quanto aquilo faz sentido, compreende?<\/p>\n<p dir=\"auto\">Algumas pessoas acham meus textos longos&#8230;. J\u00e1 ouvi que s\u00e3o cansativos e eu poderia ir direto ao ponto e entendo estas pessoas, mas n\u00e3o quero apenas trazer a informa\u00e7\u00e3o, quero levar \u00e0 experi\u00eancia, a imaginar, a compreender e principalmente a estimular a pr\u00e1tica, fazendo o leitor compreender que \u00e9 poss\u00edvel.<\/p>\n<p dir=\"auto\">Espero que tenha gostado de estar aqui comigo neste texto e a partir deste texto, deste segundo, esteja atento \u00e0s suas rea\u00e7\u00f5es e que elas n\u00e3o sejam exageradas! E se ainda forem, que no mesmo segundo consiga respirar, olhar para o facto e desconstruir o que est\u00e1 em volta dele.<\/p>\n<div dir=\"auto\">Se gostou, me diga de 1 a 10 o qu\u00e3o importante foi este texto pra voc\u00ea! Coloque a\u00ed nos coment\u00e1rios, por favor! E lembre-se que todas as segundas-feiras, \u00e0s 18h do Brasil e 21h de Portugal tenho o <span class=\"pq6dq46d tbxw36s4 knj5qynh kvgmc6g5 ditlmg2l oygrvhab nvdbi5me sf5mxxl7 gl3lb2sf hhz5lgdu\"><img decoding=\"async\" src=\"https:\/\/static.xx.fbcdn.net\/images\/emoji.php\/v9\/t50\/1\/16\/1f525.png\" alt=\"\ud83d\udd25\" width=\"16\" height=\"16\" \/><\/span> Grupo Desenvolver <span class=\"pq6dq46d tbxw36s4 knj5qynh kvgmc6g5 ditlmg2l oygrvhab nvdbi5me sf5mxxl7 gl3lb2sf hhz5lgdu\"><img decoding=\"async\" src=\"https:\/\/static.xx.fbcdn.net\/images\/emoji.php\/v9\/t50\/1\/16\/1f525.png\" alt=\"\ud83d\udd25\" width=\"16\" height=\"16\" \/><\/span> e voc\u00ea pode se juntar a mim para falarmos sobre melhorar as nossas vidas, para olharmos para as nossas feridas emocionais e at\u00e9 para as nossas rea\u00e7\u00f5es exageradas&#8230;. Venha para um selecto grupo de pessoas que desejam desenvolver habilidades para viver uma vida melhor!<\/div>\n<div dir=\"auto\">Saiba mais aqui \u00f4:<\/div>\n<div dir=\"auto\"><span><a class=\"oajrlxb2 g5ia77u1 qu0x051f esr5mh6w e9989ue4 r7d6kgcz rq0escxv nhd2j8a9 nc684nl6 p7hjln8o kvgmc6g5 cxmmr5t8 oygrvhab hcukyx3x jb3vyjys rz4wbd8a qt6c0cv9 a8nywdso i1ao9s8h esuyzwwr f1sip0of lzcic4wl py34i1dx gpro0wi8\" href=\"https:\/\/www.consultorioericpereira.com\/desenvolver\/?fbclid=IwAR06cBLm6QHUsTBL1X-lof5r8_rQA6u6zvvYrYqdnzlNHq8UY9LN0E2yHxI\" rel=\"nofollow noopener\" role=\"link\" target=\"_blank\" tabindex=\"0\">https:\/\/www.consultorioericpereira.com\/desenvolver\/<\/a><\/span>.<\/div>\n<div class=\"o9v6fnle cxmmr5t8 oygrvhab hcukyx3x c1et5uql ii04i59q\">\n<p dir=\"auto\">N\u00f3s encontramos l\u00e1 na pr\u00f3xima segunda,<\/p>\n<p dir=\"auto\"><img fetchpriority=\"high\" decoding=\"async\" class=\" wp-image-9809 aligncenter\" src=\"https:\/\/www.ipubli.com.br\/clientes\/base56\/wp-content\/uploads\/2020\/09\/assinatura-300x108.jpg\" alt=\"\" width=\"453\" height=\"163\" \/><\/p>\n<\/div>\n","protected":false},"excerpt":{"rendered":"<p>Eu gosto de fazer muitas coisas na minha vida profissional, por\u00e9m confesso que umas mais que outras e quando sento para escrever, escolho uma m\u00fasica (hoje vou de jazz) e come\u00e7ar a escrever \u00e9 como ir para o c\u00e9u! Sentir o tema, deixar vir as imagens, usar a criatividade e construir uma ideia \u00e9 um [&hellip;]<\/p>\n","protected":false},"author":3,"featured_media":10611,"comment_status":"closed","ping_status":"closed","sticky":false,"template":"","format":"standard","meta":{"footnotes":""},"categories":[60],"tags":[],"blocksy_meta":"","_links":{"self":[{"href":"https:\/\/www.clinicadehipnoseenutricao.com\/blog\/wp-json\/wp\/v2\/posts\/10610"}],"collection":[{"href":"https:\/\/www.clinicadehipnoseenutricao.com\/blog\/wp-json\/wp\/v2\/posts"}],"about":[{"href":"https:\/\/www.clinicadehipnoseenutricao.com\/blog\/wp-json\/wp\/v2\/types\/post"}],"author":[{"embeddable":true,"href":"https:\/\/www.clinicadehipnoseenutricao.com\/blog\/wp-json\/wp\/v2\/users\/3"}],"replies":[{"embeddable":true,"href":"https:\/\/www.clinicadehipnoseenutricao.com\/blog\/wp-json\/wp\/v2\/comments?post=10610"}],"version-history":[{"count":0,"href":"https:\/\/www.clinicadehipnoseenutricao.com\/blog\/wp-json\/wp\/v2\/posts\/10610\/revisions"}],"wp:featuredmedia":[{"embeddable":true,"href":"https:\/\/www.clinicadehipnoseenutricao.com\/blog\/wp-json\/wp\/v2\/media\/10611"}],"wp:attachment":[{"href":"https:\/\/www.clinicadehipnoseenutricao.com\/blog\/wp-json\/wp\/v2\/media?parent=10610"}],"wp:term":[{"taxonomy":"category","embeddable":true,"href":"https:\/\/www.clinicadehipnoseenutricao.com\/blog\/wp-json\/wp\/v2\/categories?post=10610"},{"taxonomy":"post_tag","embeddable":true,"href":"https:\/\/www.clinicadehipnoseenutricao.com\/blog\/wp-json\/wp\/v2\/tags?post=10610"}],"curies":[{"name":"wp","href":"https:\/\/api.w.org\/{rel}","templated":true}]}}