{"id":10789,"date":"2021-05-06T12:20:17","date_gmt":"2021-05-06T15:20:17","guid":{"rendered":"https:\/\/www.ericpereira.eu\/?p=10789"},"modified":"2021-05-06T12:20:17","modified_gmt":"2021-05-06T15:20:17","slug":"nao-fique-onde-voce-nao-cabe","status":"publish","type":"post","link":"https:\/\/www.clinicadehipnoseenutricao.com\/blog\/nao-fique-onde-voce-nao-cabe\/","title":{"rendered":"N\u00e3o fique onde voc\u00ea n\u00e3o cabe!"},"content":{"rendered":"<div class=\"kvgmc6g5 cxmmr5t8 oygrvhab hcukyx3x c1et5uql ii04i59q\">\n<p dir=\"auto\">Por vezes fazemos movimentos para \u201centrar\u201d, para \u201ccaber\u201d onde nem espa\u00e7o existe ou at\u00e9 onde nem somos desejados, como se tiv\u00e9ssemos uma forte necessidade de ali permanecer, de ser \u201caceitos\u201d e nestas in\u00fameras tentativas de ali entrar, nos esprememos, nos machucamos, nos moldamos e para qu\u00ea tudo isso? Para nos sentirmos pertencentes \u00e0quele grupo, \u00e0quela tribo?<\/p>\n<\/div>\n<div dir=\"auto\">In\u00fameras vezes na minha vida me esforcei para ser \u201cdiferente\u201d, para fazer parte, para ser aceito e em algumas delas eu at\u00e9 consegui! Mas com o passar do tempo n\u00e3o conseguia me manter naquela posi\u00e7\u00e3o, at\u00e9 porque ela n\u00e3o me pertencia e depois de muitos movimentos como este descobri que no fundo eu nunca fui aceito por \u201cestas pessoas\u201d e hoje at\u00e9 dou muitas risadas e fico pensando porqu\u00ea queria tanto pertencer?<\/div>\n<div dir=\"auto\">Isso tudo me faz lembrar de quando eu tinha 17 anos, em Belo Horizonte e ia assumir a ger\u00eancia de um dos escrit\u00f3rios da Golden Cross, uma seguradora e estava euf\u00f3rico! Com aquela idade e assumir um escrit\u00f3rio daqueles, uauuu! Eu comprei um terno elegante (para a \u00e9poca) e o sapato que amei, n\u00e3o servia e mesmo assim insisti em compr\u00e1-lo, sem pensar nas consequ\u00eancias e no grande dia fui para a tal reuni\u00e3o, 2 \u00f3nibus para chegar l\u00e1 e muita caminhada. Resultado? Durante a reuni\u00e3o n\u00e3o me aguentava de dor. A dor foi tamanha que nem prestei aten\u00e7\u00e3o naquele momento.<\/div>\n<div dir=\"auto\">Depois ainda tinha o mesmo percurso pra voltar e quando tirei os sapatos em casa, meu calcanhar sangrava! Lembro de ficar dias com aquela dor, aquele desconforto! \u00c0s vezes n\u00e3o \u00e9 para n\u00f3s!!! E insistimos para que seja porque QUEREMOS a qualquer custo e sabe o que hoje, com alguma experi\u00eancia e com 44 anos, penso? Que perdemos imenso tempo, quando uma porta n\u00e3o se abre e ao inv\u00e9s de procurarmos a pr\u00f3xima porta, queremos a qualquer custo abri-la! E as vezes at\u00e9 conseguimos \u201carromb\u00e1-la\u201d e achamos que somos vitoriosos, entramos com tudo e mal sabemos que vamos passar muito tempo ali \u201cperdidos\u201d mergulhados em tentativas, d\u00favidas enquanto existe uma outra porta na qual tudo fluiri\u00e1 lindamente \u201cse\u201d soub\u00e9ssemos esperar&#8230;<\/div>\n<div dir=\"auto\">Sem medo de errar, digo: N\u00e3o se diminua para caber no mundo de outro algu\u00e9m! Quantas vezes j\u00e1 presenciei em minhas sess\u00f5es, pessoas se esfor\u00e7ando para diminuir seu amor, seus sentimentos para que tudo ficasse menor, para que pudessem passar despercebidas e serem aceites por outras pessoas que nem sabiam amar! Louco tudo isso, n\u00e9? Pessoas que param de cantar, \u201cs\u00f3\u201d porque todos os outros acham uma loucura aqueles que cantam alto no meio da rua em uma quinta-feira qualquer.<\/div>\n<div dir=\"auto\">Ontem, foi a \u00faltima aula de uma forma\u00e7\u00e3o que eu e Paula est\u00e1vamos fazendo! Master em Abordagem Sist\u00eamica e foi uma daquelas aulas que fecham um ciclo importante e nos despertam para algo maior, dif\u00edcil de mensurar aqui em poucas palavras&#8230;. Agora hoje quando acordei uma coisa ficou muito clara! Definitivamente eu n\u00e3o fico nunca mais onde n\u00e3o preciso estar! Nem emprestarei os meus ouvidos para ouvir aquilo que n\u00e3o faz sentido ouvir&#8230;.<\/div>\n<div dir=\"auto\">Sou grato \u00e0 generosa Hellen Dalla pelas horas intensas que passamos juntos e principalmente pelas aulas que tivemos em que o foco n\u00e3o era \u201centregar o conte\u00fado\u201d, mas entregar aquilo que precisava ser entregue \u2013 A chave Mestra para que possamos abrir as portas certas!<\/div>\n<div dir=\"auto\">Ent\u00e3o, neste dia deixo-vos aqui a reflex\u00e3o que abandone a urg\u00eancia, que pare de seguir a mente que \u00e0s vezes mente e ao inv\u00e9s de gastar grande parte da sua energia \u201ctentando\u201d fazer parte, apenas seja&#8230;. E n\u00e3o se preocupe em fazer parte, pois quando come\u00e7amos a ser, tudo faz parte e os seus se reconhecem e a tribo vai sendo constru\u00edda um dia de cada vez!<\/div>\n<div dir=\"auto\">Obrigado a todos por estarem aqui comigo todas as ter\u00e7as e quintas! E lembre-se que Segundas, Quartas e Sextas tem <span><a class=\"oajrlxb2 g5ia77u1 qu0x051f esr5mh6w e9989ue4 r7d6kgcz rq0escxv nhd2j8a9 nc684nl6 p7hjln8o kvgmc6g5 cxmmr5t8 oygrvhab hcukyx3x jb3vyjys rz4wbd8a qt6c0cv9 a8nywdso i1ao9s8h esuyzwwr f1sip0of lzcic4wl q66pz984 gpro0wi8 b1v8xokw\" href=\"https:\/\/www.facebook.com\/hashtag\/podcast?__eep__=6&amp;__cft__[0]=AZUZxoDfpQKN5dlxkD8ufl6onfkozYvCuTLxtAVRat866bIyzjLmO7NgFJh4uKuiVCRtKC69LQ-6nULSr1Khb_jj3sFtRot72qcL3XpxZaXgR3j5oygrvPD7rEH7SFuQZP-dqsLLnyTBXMTeloYqHDlEdDIkg_or-oC_sTrc2mEWjL2JyxLLMxEHT-eToZ2_8s0&amp;__tn__=*NK-R\" role=\"link\" tabindex=\"0\">#Podcast<\/a><\/span> Terap\u00eautico.<\/div>\n<div class=\"o9v6fnle cxmmr5t8 oygrvhab hcukyx3x c1et5uql ii04i59q\">\n<p dir=\"auto\">Nos encontramos em breve,<\/p>\n<p dir=\"auto\"><img fetchpriority=\"high\" decoding=\"async\" class=\" wp-image-9809 aligncenter\" src=\"https:\/\/www.ipubli.com.br\/clientes\/base56\/wp-content\/uploads\/2020\/09\/assinatura-300x108.jpg\" alt=\"\" width=\"453\" height=\"163\" \/><\/p>\n<\/div>\n","protected":false},"excerpt":{"rendered":"<p>Por vezes fazemos movimentos para \u201centrar\u201d, para \u201ccaber\u201d onde nem espa\u00e7o existe ou at\u00e9 onde nem somos desejados, como se tiv\u00e9ssemos uma forte necessidade de ali permanecer, de ser \u201caceitos\u201d e nestas in\u00fameras tentativas de ali entrar, nos esprememos, nos machucamos, nos moldamos e para qu\u00ea tudo isso? Para nos sentirmos pertencentes \u00e0quele grupo, \u00e0quela [&hellip;]<\/p>\n","protected":false},"author":3,"featured_media":10790,"comment_status":"closed","ping_status":"closed","sticky":false,"template":"","format":"standard","meta":{"footnotes":""},"categories":[60],"tags":[361,419,420,433,344,476,647,436,469,1069,439,556,822,1060,451,1071,452,1038,795],"blocksy_meta":"","_links":{"self":[{"href":"https:\/\/www.clinicadehipnoseenutricao.com\/blog\/wp-json\/wp\/v2\/posts\/10789"}],"collection":[{"href":"https:\/\/www.clinicadehipnoseenutricao.com\/blog\/wp-json\/wp\/v2\/posts"}],"about":[{"href":"https:\/\/www.clinicadehipnoseenutricao.com\/blog\/wp-json\/wp\/v2\/types\/post"}],"author":[{"embeddable":true,"href":"https:\/\/www.clinicadehipnoseenutricao.com\/blog\/wp-json\/wp\/v2\/users\/3"}],"replies":[{"embeddable":true,"href":"https:\/\/www.clinicadehipnoseenutricao.com\/blog\/wp-json\/wp\/v2\/comments?post=10789"}],"version-history":[{"count":0,"href":"https:\/\/www.clinicadehipnoseenutricao.com\/blog\/wp-json\/wp\/v2\/posts\/10789\/revisions"}],"wp:featuredmedia":[{"embeddable":true,"href":"https:\/\/www.clinicadehipnoseenutricao.com\/blog\/wp-json\/wp\/v2\/media\/10790"}],"wp:attachment":[{"href":"https:\/\/www.clinicadehipnoseenutricao.com\/blog\/wp-json\/wp\/v2\/media?parent=10789"}],"wp:term":[{"taxonomy":"category","embeddable":true,"href":"https:\/\/www.clinicadehipnoseenutricao.com\/blog\/wp-json\/wp\/v2\/categories?post=10789"},{"taxonomy":"post_tag","embeddable":true,"href":"https:\/\/www.clinicadehipnoseenutricao.com\/blog\/wp-json\/wp\/v2\/tags?post=10789"}],"curies":[{"name":"wp","href":"https:\/\/api.w.org\/{rel}","templated":true}]}}