{"id":10811,"date":"2021-05-11T07:44:37","date_gmt":"2021-05-11T10:44:37","guid":{"rendered":"https:\/\/www.ericpereira.eu\/?p=10798"},"modified":"2021-05-11T07:44:37","modified_gmt":"2021-05-11T10:44:37","slug":"quando-fechar-os-olhos-e-uma-fuga","status":"publish","type":"post","link":"https:\/\/www.clinicadehipnoseenutricao.com\/blog\/quando-fechar-os-olhos-e-uma-fuga\/","title":{"rendered":"Quando fechar os olhos \u201c\u00e9\u201d uma FUGA!"},"content":{"rendered":"<p>Constantemente ou\u00e7o queixas emocionais onde entre uma frase e outra vem o famoso: \u201cEu n\u00e3o vi&#8230;. Nunca percebi&#8230;. Estava na minha cara e como eu n\u00e3o percebi?\u201d E sinceramente eu acho que a (maioria) de situa\u00e7\u00f5es como esta foram ignoradas, pois \u00e0s vezes \u00e9 mais f\u00e1cil fingir que n\u00e3o vemos do que compreendermos o que est\u00e1 acontecendo de verdade. \u00c9 claro que algumas vezes \u201cfugimos\u201d de situa\u00e7\u00f5es t\u00e3o \u00f3bvias por acreditar que n\u00e3o temos for\u00e7a para encarar o que est\u00e1 realmente acontecendo!<\/p>\n<p>Atendi in\u00fameras mulheres durantes a minha carreira que l\u00e1 no fundo \u201csabiam\u201d que estavam sendo tra\u00eddas, mas nunca tiveram coragem de chamar os seus maridos para um di\u00e1logo, nem sequer uma palavra sobre o assunto, para elas \u201cfingir\u201d que isso n\u00e3o estava acontecendo era melhor, afinal \u201cruim\u201d com ele, \u201cpior\u201d sem ele. Esta \u00e9 uma das frases que mais ouvi durante estas duas d\u00e9cadas atendendo.<\/p>\n<p>Eu tinha uma cl\u00ednica no Brasil e sabia que o meu bra\u00e7o direito sempre arrumava uma maneira de me tirar algum dinheiro! Justificava em seu relat\u00f3rio o uso de combust\u00edvel e quilometragem a mais, \u00e0s vezes colocava valores a mais em or\u00e7amentos e eu sabia disso! E mais de uma pessoa me contava de tal pr\u00e1tica, mas \u201ceu\u201d fingia n\u00e3o saber, acreditando que o benef\u00edcio que ele me trazia era muito maior do que os \u201cpequenos desvios\u201d, mas no fundo apenas estava fugindo de o enfrentar, porque estava sendo guiado pelo medo!<\/p>\n<p>Por vezes os nossos filhos est\u00e3o tendo comportamentos estranhos, pedindo aten\u00e7\u00e3o e em alguns casos \u201cimplorando\u201d socorro e a maioria dos pa\u00edses, faz o qu\u00ea? Olha para o lado! Claro que antes constroem uma historinha perfeita na mente para olharem para o \u201clado\u201d, mas no fundo est\u00e3o ignorando aquela necessidade, porque est\u00e3o sendo guiados por uma emo\u00e7\u00e3o que pouco compreendem.<\/p>\n<p>Eu tenho o h\u00e1bito de fazer an\u00e1lises sobre a minha vida com uma certa frequ\u00eancia e estas an\u00e1lises me servem para n\u00e3o ficar em um caminho errado por muito tempo, para poder enxergar se estou vivendo (de novo) no autom\u00e1tico e fugindo ou se estou mesmo vivendo meu prop\u00f3sito e h\u00e1 poucos meses falava com uma pessoa da minha equipe, dizendo que estava chateado por ter feito uma an\u00e1lise mais profunda e percebido que estava vivendo de \u201cesperan\u00e7a\u201d em um determinado projeto que nunca avan\u00e7ava e estava me roubando imenso tempo e me senti um tolo, com tanto dinheiro e energia desperdi\u00e7ada mas aquela era a hora de parar!<\/p>\n<p>Agora, confesso que j\u00e1 tinha \u201csentido\u201d esta necessidade de interromper este projeto h\u00e1 muitos anos (pelo menos uns 3) e estava olhando para o lado, me apegando a pequenos momentos que pareciam me levar para algum lugar e com isso fui melhorando minhas \u201cfugas\u201d dentro deste processo. Mas ganhei imensa for\u00e7a at\u00e9 o dia em que tudo explodiu e decidi colocar um basta, por\u00e9m preciso apontar aqui que este \u201cbasta\u201d j\u00e1 chegou demasiadamente tarde e trazendo preju\u00edzos gigantescos.<\/p>\n<p>Ser\u00e1 que voc\u00ea precisa deixar tudo \u201cexplodir\u201d mesmo? E Se olhasse com mais aten\u00e7\u00e3o para o que vem acontecendo na sua vida? Quem sabe deve olhar com carinho para as noites de sono \u201cmal dormidas\u201d, talvez para aquela sensa\u00e7\u00e3o no meio do seu peito que ora chama de ansiedade, ora de ang\u00fastia. Ou vai me dizer que j\u00e1 se acostumou a viver assim, desta forma? Porque h\u00e1 pessoas que sim! Se acostumaram a viver com dores emocionais, se acostumaram a ficar mudando de casa, de trabalho, de relacionamentos, acreditando que \u201ciniciar\u201d algo ser\u00e1 a solu\u00e7\u00e3o e sim (mais uma vez), pode parecer a solu\u00e7\u00e3o nos primeiros dias, semanas, mas talvez esqueceu que levou consigo \u201cvoc\u00ea\u201d e nada do que fizer ser\u00e1 a solu\u00e7\u00e3o se o seu mergulho n\u00e3o for na origem, na causa do que est\u00e1 lhe colocando nesta \u201cou\u201d nestas situa\u00e7\u00f5es.<\/p>\n<p>Precisa olhar para as coisas de forma que enxergue! O corpo est\u00e1 dando sinais de cansa\u00e7o? Exaust\u00e3o? Procure um m\u00e9dico, fa\u00e7a alguns exames. Sente a mente acelerada? Muitas d\u00favidas, est\u00e1 perdido no seu caminho, procure um profissional que possa ajudar a cuidar da sua mente! Um terapeuta que o ajude a compreender o que est\u00e1 acontecendo e como pode melhorar. Acontecem coisas ao seu redor? Casamento? Filhos? No Trabalho? Observe! Pergunte, fa\u00e7a uma leitura mais neutra e deixe o seu \u201cjulgamento\u201d um pouco de lado&#8230; \u00c0s vezes s\u00f3 \u201co ouvir\u201d pode ser revelador!!! Se conseguir ouvir, n\u00e9?<\/p>\n<p>A vida nos d\u00e1 sinais o tempo todo e \u00e9 incr\u00edvel que algumas pessoas mesmo com um SINALEIRO diante delas, ainda assim conseguem arrumar maneira de olhar para o lado!<\/p>\n<p>Enfim, se precisar de ajuda, aqui estou! Chama no WhatsApp e falamos sobre isso! +351 912607888.<\/p>\n<p>At\u00e9 o pr\u00f3ximo!<\/p>\n<p>Todas as ter\u00e7as e quintas tem artigo no blog e nas redes sociais.<\/p>\n<p><img fetchpriority=\"high\" decoding=\"async\" class=\" wp-image-9809 aligncenter\" src=\"https:\/\/www.ipubli.com.br\/clientes\/base56\/wp-content\/uploads\/2020\/09\/assinatura-300x108.jpg\" alt=\"\" width=\"561\" height=\"202\" \/><\/p>\n","protected":false},"excerpt":{"rendered":"<p>Constantemente ou\u00e7o queixas emocionais onde entre uma frase e outra vem o famoso: \u201cEu n\u00e3o vi&#8230;. Nunca percebi&#8230;. Estava na minha cara e como eu n\u00e3o percebi?\u201d E sinceramente eu acho que a (maioria) de situa\u00e7\u00f5es como esta foram ignoradas, pois \u00e0s vezes \u00e9 mais f\u00e1cil fingir que n\u00e3o vemos do que compreendermos o que [&hellip;]<\/p>\n","protected":false},"author":3,"featured_media":10812,"comment_status":"closed","ping_status":"closed","sticky":false,"template":"","format":"standard","meta":{"footnotes":""},"categories":[60],"tags":[361,419,420,433,344,476,647,436,469,1069,439,556,822,1060,451,1071,452,1038,795],"blocksy_meta":"","_links":{"self":[{"href":"https:\/\/www.clinicadehipnoseenutricao.com\/blog\/wp-json\/wp\/v2\/posts\/10811"}],"collection":[{"href":"https:\/\/www.clinicadehipnoseenutricao.com\/blog\/wp-json\/wp\/v2\/posts"}],"about":[{"href":"https:\/\/www.clinicadehipnoseenutricao.com\/blog\/wp-json\/wp\/v2\/types\/post"}],"author":[{"embeddable":true,"href":"https:\/\/www.clinicadehipnoseenutricao.com\/blog\/wp-json\/wp\/v2\/users\/3"}],"replies":[{"embeddable":true,"href":"https:\/\/www.clinicadehipnoseenutricao.com\/blog\/wp-json\/wp\/v2\/comments?post=10811"}],"version-history":[{"count":0,"href":"https:\/\/www.clinicadehipnoseenutricao.com\/blog\/wp-json\/wp\/v2\/posts\/10811\/revisions"}],"wp:featuredmedia":[{"embeddable":true,"href":"https:\/\/www.clinicadehipnoseenutricao.com\/blog\/wp-json\/wp\/v2\/media\/10812"}],"wp:attachment":[{"href":"https:\/\/www.clinicadehipnoseenutricao.com\/blog\/wp-json\/wp\/v2\/media?parent=10811"}],"wp:term":[{"taxonomy":"category","embeddable":true,"href":"https:\/\/www.clinicadehipnoseenutricao.com\/blog\/wp-json\/wp\/v2\/categories?post=10811"},{"taxonomy":"post_tag","embeddable":true,"href":"https:\/\/www.clinicadehipnoseenutricao.com\/blog\/wp-json\/wp\/v2\/tags?post=10811"}],"curies":[{"name":"wp","href":"https:\/\/api.w.org\/{rel}","templated":true}]}}