{"id":11088,"date":"2021-06-01T08:37:11","date_gmt":"2021-06-01T11:37:11","guid":{"rendered":"https:\/\/www.ericpereira.eu\/?p=11088"},"modified":"2021-06-01T08:37:11","modified_gmt":"2021-06-01T11:37:11","slug":"sete-meses-e-o-que-falta","status":"publish","type":"post","link":"https:\/\/www.clinicadehipnoseenutricao.com\/blog\/sete-meses-e-o-que-falta\/","title":{"rendered":"Sete meses \u00e9 o que falta&#8230;"},"content":{"rendered":"<div class=\"kvgmc6g5 cxmmr5t8 oygrvhab hcukyx3x c1et5uql ii04i59q\">\n<h2 dir=\"auto\"><span style=\"font-size: 14px; color: var(--c-contrast-800);\">Junho, seu lindo, quero te usar sabiamente! Seja bem-vindo!<\/span><\/h2>\n<\/div>\n<div class=\"o9v6fnle cxmmr5t8 oygrvhab hcukyx3x c1et5uql ii04i59q\">\n<p dir=\"auto\">Hoje acordei cedo e cheio de vontade de iniciar o m\u00eas de junho e, ao mesmo tempo que este forte desejo toma conta de mim, um pensamento o acompanha: faltam sete meses para o final do ano e, claro que, para alguns ser\u00e1 muito, para outros estaremos quase no fim e, para mim, \u00e9 mesmo um piscar de olhos!<\/p>\n<h2 dir=\"auto\">Quando penso nisso fico lembrando do que tracei em novembro\/2020 sobre o que faria este ano!<\/h2>\n<h2 dir=\"auto\">J\u00e1 pensou nisso?<\/h2>\n<p dir=\"auto\">\u00c9 meio que uma tradi\u00e7\u00e3o tra\u00e7armos metas no final de cada ano, n\u00e3o \u00e9? Como \u00e9 quase certo que mais de 90% delas desapare\u00e7am antes de iniciar mar\u00e7o e, por favor, n\u00e3o me chame de pessimista pois n\u00e3o \u00e9 uma afirma\u00e7\u00e3o minha e, sim, de estudiosos que afirmam que grande parte das pessoas iniciam o ano cheio de novos h\u00e1bitos e, aos poucos, v\u00e3o os deixando para tr\u00e1s, assumindo h\u00e1bitos antigos.<\/p>\n<p dir=\"auto\">Frank Crane, ministro presbiteriano e palestrante franc\u00eas, dizia: \u201cH\u00e1bitos s\u00e3o mais seguros que regras; voc\u00ea n\u00e3o precisa segui-los. E voc\u00ea n\u00e3o precisa mant\u00ea-los tampouco. Eles mant\u00e9m voc\u00ea.\u201d O interessante aqui \u00e9 que, em v\u00e1rios contextos leio autores dizendo que somos \u201cescravos de nossos h\u00e1bitos\u201d. Somos?<\/p>\n<p dir=\"auto\">Eu sempre acreditei que h\u00e1bitos s\u00e3o como pequenas e finas cordinhas que aos poucos vamos fortalecendo e, quando percebemos, temos tantas que se tornam dif\u00edceis romper! \u00c9 importante ter aten\u00e7\u00e3o que n\u00e3o disse \u201cimposs\u00edvel\u201d, ok? Dif\u00edcil e, como n\u00e3o gostamos de coisas dif\u00edceis (a maioria das pessoas), abandonamos mesmo antes de se tornarem desconfort\u00e1veis.<\/p>\n<p dir=\"auto\">Se formos mais espec\u00edficos, o nosso sistema nervoso gosta de economizar energia e, come\u00e7ar tudo de novo, desperdi\u00e7a muita energia. O novo demanda muito! Por\u00e9m a ideia aqui hoje \u00e9 justamente faz\u00ea-lo lembrar que estamos iniciando mais um m\u00eas! O sexto m\u00eas do ano de 2021 e gostaria muito que respondesse as perguntas abaixo, para voc\u00ea e apenas para voc\u00ea, mas com o m\u00e1ximo de sinceridade que puder, ok?<\/p>\n<p dir=\"auto\">1. Nestes exatos primeiros seis meses do ano, voc\u00ea acredita que regrediu, manteve ou avan\u00e7ou em sua vida?<\/p>\n<p dir=\"auto\">2. Utilizou melhor o seu tempo ou tem estado mais distra\u00eddo?<\/p>\n<p dir=\"auto\">3. Ganhou mais dinheiro, menos ou permaneceu da mesma forma que estava?<\/p>\n<p dir=\"auto\">4. Teve aumento da ansiedade, estabilizou ou n\u00e3o pensa nisso?<\/p>\n<p dir=\"auto\">5. Sentiu vontade de mudar de profiss\u00e3o ou est\u00e1 satisfeito com a que tem?<\/p>\n<p dir=\"auto\">6. Percebeu alguma mudan\u00e7a significativa em seu comportamento?<\/p>\n<h2 dir=\"auto\">Seis perguntas, para seis meses!<\/h2>\n<p dir=\"auto\">Se puder escrev\u00ea-las em um papel, responder por escrito e depois ler cada uma delas com a m\u00e1xima aten\u00e7\u00e3o, ficarei feliz pois levo muito a s\u00e9rio estas minhas entregas. Se as receber com a mesma seriedade, estaremos conectados por uma inten\u00e7\u00e3o maior \u2013 a de despertamos, de abrirmos os nossos olhos, de construirmos uma vida realmente melhor.<\/p>\n<p dir=\"auto\">\u00c9 claro que algumas pessoas v\u00e3o ler e achar tudo isso uma grande bobagem. Est\u00e1 tudo bem, pois para elas o melhor \u00e9 deixar que a vida simplesmente as leve ou seja l\u00e1 o que isso signifique! Mas para todas as outras que realmente querem viver \u201cde prop\u00f3sito\u201d, \u00e9 extremamente importante esta an\u00e1lise mais profunda, mais minuciosa e com a inten\u00e7\u00e3o de transformar positivamente suas vidas&#8230;.<\/p>\n<p dir=\"auto\">Entenda que n\u00e3o significa nada faltar sete meses ou trinta minutos para o final do ano, certo? Compreenda, por favor, que estou usando apenas um referencial para colocar um norte neste artigo, para que, a\u00ed dentro, fa\u00e7a sentido nas suas a\u00e7\u00f5es, na maneira como utiliza o seu tempo, e que o utilize com sabedoria, seja l\u00e1 o que isso representar para voc\u00ea!<\/p>\n<p dir=\"auto\">Eu, do lado de c\u00e1, adoro gravar meus podcasts (segundas, quartas e sextas), escrever no meu blog (ter\u00e7as e quintas) e, sempre que posso, estou com a c\u00e2mera na m\u00e3o gravando algum conte\u00fado, seja para meus clientes, seguidores, leitores e at\u00e9 mentorados! Amo! E amo tamb\u00e9m estar com a minha esposa conversando, cantando e divagando&#8230;.<\/p>\n<p dir=\"auto\">Gosto de pensar que na medida certa, tudo faz sentido! Agora, a minha experi\u00eancia me diz que a maioria das pessoas que eu atendi, se perdiam mergulhados em suas \u201cdistra\u00e7\u00f5es\u201d e, em alguns casos mais s\u00e9rios, at\u00e9 diria que \u201cse distraiam\u201d fugindo delas mesmas e, pode apostar que estes momentos de \u201cfuga\u201d \u00e9 assunto para outro artigo e daqueles longossssssssss! Quem sabe me inspiro e trago este tema j\u00e1 no pr\u00f3ximo?! Hummm, talvez&#8230;<\/p>\n<p dir=\"auto\">Ent\u00e3o, que venha junho, julho, agosto e todos os meses! E que todos n\u00f3s estejamos cada vez mais conscientes do que estamos fazendo e, principalmente, de \u201ccomo\u201d estamos fazendo!<\/p>\n<p dir=\"auto\">Faltam sete meses para todos n\u00f3s e agora \u00e9 com voc\u00ea o que far\u00e1 com esta informa\u00e7\u00e3o!<\/p>\n<p dir=\"auto\">Comente e compartilhe para que esta mensagem chegue a mais pessoas!<\/p>\n<p dir=\"auto\">At\u00e9 a pr\u00f3xima!<\/p>\n<p dir=\"auto\"><img fetchpriority=\"high\" decoding=\"async\" class=\"size-full wp-image-11091 aligncenter\" src=\"https:\/\/www.ericpereira.eu\/wp-content\/uploads\/2021\/06\/assinatura-1.jpg\" alt=\"\" width=\"512\" height=\"184\" srcset=\"https:\/\/www.clinicadehipnoseenutricao.com\/blog\/wp-content\/uploads\/2021\/06\/assinatura-1.jpg 512w, https:\/\/www.clinicadehipnoseenutricao.com\/blog\/wp-content\/uploads\/2021\/06\/assinatura-1-150x54.jpg 150w, https:\/\/www.clinicadehipnoseenutricao.com\/blog\/wp-content\/uploads\/2021\/06\/assinatura-1-450x162.jpg 450w\" sizes=\"(max-width: 512px) 100vw, 512px\" \/><\/p>\n<\/div>\n","protected":false},"excerpt":{"rendered":"<p>Junho, seu lindo, quero te usar sabiamente! Seja bem-vindo! Hoje acordei cedo e cheio de vontade de iniciar o m\u00eas de junho e, ao mesmo tempo que este forte desejo toma conta de mim, um pensamento o acompanha: faltam sete meses para o final do ano e, claro que, para alguns ser\u00e1 muito, para outros [&hellip;]<\/p>\n","protected":false},"author":3,"featured_media":11089,"comment_status":"closed","ping_status":"closed","sticky":false,"template":"","format":"standard","meta":{"footnotes":""},"categories":[60],"tags":[361,419,420,433,344,476,647,436,469,1069,439,556,822,1060,451,1071,452,1038,795],"blocksy_meta":"","_links":{"self":[{"href":"https:\/\/www.clinicadehipnoseenutricao.com\/blog\/wp-json\/wp\/v2\/posts\/11088"}],"collection":[{"href":"https:\/\/www.clinicadehipnoseenutricao.com\/blog\/wp-json\/wp\/v2\/posts"}],"about":[{"href":"https:\/\/www.clinicadehipnoseenutricao.com\/blog\/wp-json\/wp\/v2\/types\/post"}],"author":[{"embeddable":true,"href":"https:\/\/www.clinicadehipnoseenutricao.com\/blog\/wp-json\/wp\/v2\/users\/3"}],"replies":[{"embeddable":true,"href":"https:\/\/www.clinicadehipnoseenutricao.com\/blog\/wp-json\/wp\/v2\/comments?post=11088"}],"version-history":[{"count":1,"href":"https:\/\/www.clinicadehipnoseenutricao.com\/blog\/wp-json\/wp\/v2\/posts\/11088\/revisions"}],"predecessor-version":[{"id":11092,"href":"https:\/\/www.clinicadehipnoseenutricao.com\/blog\/wp-json\/wp\/v2\/posts\/11088\/revisions\/11092"}],"wp:featuredmedia":[{"embeddable":true,"href":"https:\/\/www.clinicadehipnoseenutricao.com\/blog\/wp-json\/wp\/v2\/media\/11089"}],"wp:attachment":[{"href":"https:\/\/www.clinicadehipnoseenutricao.com\/blog\/wp-json\/wp\/v2\/media?parent=11088"}],"wp:term":[{"taxonomy":"category","embeddable":true,"href":"https:\/\/www.clinicadehipnoseenutricao.com\/blog\/wp-json\/wp\/v2\/categories?post=11088"},{"taxonomy":"post_tag","embeddable":true,"href":"https:\/\/www.clinicadehipnoseenutricao.com\/blog\/wp-json\/wp\/v2\/tags?post=11088"}],"curies":[{"name":"wp","href":"https:\/\/api.w.org\/{rel}","templated":true}]}}