{"id":11375,"date":"2023-11-03T08:19:15","date_gmt":"2023-11-03T11:19:15","guid":{"rendered":"https:\/\/www.ericpereira.eu\/?p=11375"},"modified":"2023-11-03T08:20:53","modified_gmt":"2023-11-03T11:20:53","slug":"novembro-de-palestras","status":"publish","type":"post","link":"https:\/\/www.clinicadehipnoseenutricao.com\/blog\/novembro-de-palestras\/","title":{"rendered":"NOVEMBRO DE PALESTRAS!"},"content":{"rendered":"<h2>Ol\u00e1 Pessoas!<\/h2>\n<p>J\u00e1 deveria ter vindo aqui trazer algumas novidades e mesmo eu querendo \u201cjustificar\u201d a minha aus\u00eancia com tanto trabalho que tenho tido, n\u00e3o posso, mas prometo que me esfor\u00e7arei para vir mais a este blog e compartilhar as novidades e, tamb\u00e9m, artigos que somem no processo de evolu\u00e7\u00e3o de todos.<\/p>\n<p>Este m\u00eas de Novembro, realmente, tenho muitas palestras e estou feliz com isso, j\u00e1 fazia algum tempo que n\u00e3o subia aos palcos, e quem me conhece sabe o quanto amo compartilhar com \u00e0s pessoas, um poucos dos meus estudos, insights e experi\u00eancias do dia a dia, ent\u00e3o, estou muito grato e feliz, e j\u00e1 adianto que 2024 ser\u00e1 t\u00e3o intenso nesta quest\u00e3o como este m\u00eas, pois estamos aqui preparando uma s\u00e9rie de palestras e semin\u00e1rios.<\/p>\n<h3><em>Ent\u00e3o, se est\u00e1 pensando em assumir a lideran\u00e7a da sua vida em 2024, recomendo fortemente que fique de olho neste blog.<\/em><\/h3>\n<p>No dia 04\/11 estarei no evento <a href=\"https:\/\/face2face.games\/\" target=\"_blank\" rel=\"noopener\">FITNESS SUMMIT<\/a> em Aveiro, com o tema \u201cComo alcan\u00e7ar resultados extraordin\u00e1rios usando a mente\u201d. A minha apresenta\u00e7\u00e3o ser\u00e1 \u00e0s 17h e vou falar sobre como pessoas comuns vivem e como pessoas acima da m\u00e9dia constroem as suas realidades. Falarei tamb\u00e9m sobre o processo de programa\u00e7\u00e3o mental, alimenta\u00e7\u00e3o da programa\u00e7\u00e3o inserida e sobre as poderosas valida\u00e7\u00f5es que fazemos desde pequenos e como podemos interromper este padr\u00e3o e partir para a constru\u00e7\u00e3o de uma vida acima da m\u00e9dia, com resultados realmente extraordin\u00e1rios.<\/p>\n<p>No dia 06\/11 falarei sobre o \u201cO maior desafio na vida acad\u00e9mica\u201d, em uma conferencia de Sa\u00fade Mental e Psicol\u00f3gica na vida Acad\u00e9mica no ISCAC Polit\u00e9cnico de Coimbra e neste evento, o meu foco ser\u00e1 sobre o desafio de olharmos para n\u00f3s mesmos e conseguirmos construir uma vida sem sermos engolidos pelas distra\u00e7\u00f5es que est\u00e3o presentes quase de 24 horas por dia em nossas vidas.<\/p>\n<p>J\u00e1 no dia 11\/11 estarei presente na Universidade de Aveiro, em um grande evento sobre Literacia Financeira, onde falo sobre \u201cComo Blindar a Mente nas finan\u00e7as\u201d e este \u00e9 um daquelas temas que amo falar, pois sei que teremos grandes nomes palestrando, como o querido Pedro Anderson autor de \u201cContas Poupan\u00e7as\u201d e acredito que mesmo aqueles que compreendem muito sobre o assunto, se n\u00e3o olharem para suas programa\u00e7\u00f5es mentais, para as suas cren\u00e7as limitantes jamais v\u00e3o prosperar.<\/p>\n<p>Infelizmente somos programados desde pequenos e crescemos acreditando em \u201cverdades absolutas\u201d que v\u00e3o completamente ao desencontro de sermos pr\u00f3speros, de seremos merecedores. Muitas pessoas nem acreditam <strong>\u201csequer\u201d<\/strong> que podem ser felizes.<\/p>\n<p>E no dia 15\/11 Estarei na Escola Superior de Tecnologia e Gest\u00e3o de Lamego, como convidado para palestrar na ora\u00e7\u00e3o de sapi\u00eancia (uma grande honra), onde falarei sobre \u201c A import\u00e2ncia de n\u00e3o se distrair pelo Caminho\u201d, onde mergulharei sobre os atuais dias em que estamos vivendo, sobre a falta de foco, de direcionamento e, principalmente, sobre como cada vez mais estamos nos perdendo, nos desconectando da nossa ess\u00eancia.<\/p>\n<p>E ainda tem mais&#8230; Ahh SIM! Ainda estarei falando em um evento de uma grande empresa que est\u00e1 fazendo anivers\u00e1rio em Dezembro e estamos organizando uma palestra solid\u00e1ria, onde eu e Sheila queremos arrecadar algumas doa\u00e7\u00f5es para uma institui\u00e7\u00e3o que, realmente, precisa muito de apoio.<\/p>\n<h3>Se eu estou feliz?<\/h3>\n<p>Nem consigo dizer como me sinto, dif\u00edcil descrever quando estamos alinhados com o nosso prop\u00f3sito de vida, mas posso dizer que a sensa\u00e7\u00e3o \u00e9 de estar dando os passos certos para algo maior, muito maior que envolve muitas pessoas e muitas consci\u00eancias que ser\u00e3o despertadas.<\/p>\n<p>Fique de olho que vou trazendo mais aqui, e me siga no <a href=\"https:\/\/www.instagram.com\/ericpereira_hipnoterapeuta\/\" target=\"_blank\" rel=\"noopener\">instagram<\/a> para acompanhar as fotos e v\u00eddeos sobre cada evento.<\/p>\n<p><em><strong>Abra\u00e7os Hipn\u00f3ticos.<\/strong><\/em><\/p>\n<p>&nbsp;<\/p>\n","protected":false},"excerpt":{"rendered":"<p>Ol\u00e1 Pessoas! J\u00e1 deveria ter vindo aqui trazer algumas novidades e mesmo eu querendo \u201cjustificar\u201d a minha aus\u00eancia com tanto trabalho que tenho tido, n\u00e3o posso, mas prometo que me esfor\u00e7arei para vir mais a este blog e compartilhar as novidades e, tamb\u00e9m, artigos que somem no processo de evolu\u00e7\u00e3o de todos. Este m\u00eas de [&hellip;]<\/p>\n","protected":false},"author":3,"featured_media":11377,"comment_status":"closed","ping_status":"closed","sticky":false,"template":"","format":"standard","meta":{"footnotes":""},"categories":[60],"tags":[1185,1184,1186,598],"blocksy_meta":"","_links":{"self":[{"href":"https:\/\/www.clinicadehipnoseenutricao.com\/blog\/wp-json\/wp\/v2\/posts\/11375"}],"collection":[{"href":"https:\/\/www.clinicadehipnoseenutricao.com\/blog\/wp-json\/wp\/v2\/posts"}],"about":[{"href":"https:\/\/www.clinicadehipnoseenutricao.com\/blog\/wp-json\/wp\/v2\/types\/post"}],"author":[{"embeddable":true,"href":"https:\/\/www.clinicadehipnoseenutricao.com\/blog\/wp-json\/wp\/v2\/users\/3"}],"replies":[{"embeddable":true,"href":"https:\/\/www.clinicadehipnoseenutricao.com\/blog\/wp-json\/wp\/v2\/comments?post=11375"}],"version-history":[{"count":1,"href":"https:\/\/www.clinicadehipnoseenutricao.com\/blog\/wp-json\/wp\/v2\/posts\/11375\/revisions"}],"predecessor-version":[{"id":11376,"href":"https:\/\/www.clinicadehipnoseenutricao.com\/blog\/wp-json\/wp\/v2\/posts\/11375\/revisions\/11376"}],"wp:featuredmedia":[{"embeddable":true,"href":"https:\/\/www.clinicadehipnoseenutricao.com\/blog\/wp-json\/wp\/v2\/media\/11377"}],"wp:attachment":[{"href":"https:\/\/www.clinicadehipnoseenutricao.com\/blog\/wp-json\/wp\/v2\/media?parent=11375"}],"wp:term":[{"taxonomy":"category","embeddable":true,"href":"https:\/\/www.clinicadehipnoseenutricao.com\/blog\/wp-json\/wp\/v2\/categories?post=11375"},{"taxonomy":"post_tag","embeddable":true,"href":"https:\/\/www.clinicadehipnoseenutricao.com\/blog\/wp-json\/wp\/v2\/tags?post=11375"}],"curies":[{"name":"wp","href":"https:\/\/api.w.org\/{rel}","templated":true}]}}