{"id":131,"date":"2016-12-08T17:28:36","date_gmt":"2016-12-08T19:28:36","guid":{"rendered":"https:\/\/ericpereira.eu\/blogterapeutico\/?p=131"},"modified":"2016-12-08T17:28:36","modified_gmt":"2016-12-08T19:28:36","slug":"la-vem","status":"publish","type":"post","link":"https:\/\/www.clinicadehipnoseenutricao.com\/blog\/la-vem\/","title":{"rendered":"L\u00c1 VEM O SONHADOR"},"content":{"rendered":"<p style=\"text-align: center;\"><strong>\u201cPOUCO RESTA A FAZER AL\u00c9M DE ENTERRAR UM HOMEM QUANDO O \u00daLTIMO DE SEUS SONHOS EST\u00c1 MORTO\u201d<\/strong><br \/>\n<strong> Wilfred A. Peterson<\/strong><\/p>\n<p style=\"text-align: justify;\">Eu acredito que esta frase j\u00e1 deve ter sido dita dezenas de vezes quando eu me aproximava de algumas rodas de amigos e, com certeza absoluta, pensada por muitas pessoas que est\u00e3o me ouvindo falar. Afirmo isso com tanta certeza, pois muitos deles um dia me disseram isso, normalmente depois que um dos meus sonhos se tornarem reais, ou quando esta pessoa v\u00ea meu empenho e apercebe-se que estou mesmo no processo e me aproximando de realiz\u00e1-lo.<\/p>\n<p style=\"text-align: justify;\">Na minha fam\u00edlia, foram in\u00fameras as vezes que que algu\u00e9m riu, e \u00e0s vezes, alto de alguns dos meus projetos que talvez pareciam absurdos mesmo, ditos por um \u201cainda\u201d menino de 15 anos com pouca forma\u00e7\u00e3o, mas j\u00e1 cheio de criatividade e vontade de fazer acontecer.<\/p>\n<p style=\"text-align: justify;\">O facto aqui \u00e9 que todos sonhamos. Alguns mais, outros menos, alguns sonhos s\u00e3o mais ambiciosos e alguns modestos&#8230; J\u00e1 ouvi sonhos que pensei serem loucura total e j\u00e1 ouvi sonhos que eu mesmo realizei mais de uma vez e a outra pessoa \u201cainda\u201d estava na fase de apenas sonhar&#8230;<\/p>\n<p style=\"text-align: justify;\"><img decoding=\"async\" class=\" wp-image-2963 alignleft\" src=\"https:\/\/www.ericpereira.eu\/wp-content\/uploads\/mark_zuckerberg2-FACEBOOK.jpg\" alt=\"mark_zuckerberg2-facebook\" width=\"196\" height=\"147\" \/>Eu fico imaginado, quando Mark Zuckerberg iniciou mesmo o projeto que na \u00e9poca ainda se chamava \u201cO Facebook\u201d, se todas as pessoas acreditaram na ideia? Mas tamb\u00e9m fico pensando alguns anos depois aqueles que o chamaram de louco ou riram dele, como se sentem neste momento onde aquele projeto se tornou numa das maiores redes sociais do mundo.<\/p>\n<p style=\"text-align: justify;\">E aquele cara que trabalhava na garagem da casa dos seus pais, dormia na maioria das aulas na universidade, que falou de seu sonho para centenas de pessoas e quase todas disseram-lhe n\u00e3o ou nem retornavam sua liga\u00e7\u00e3o? Mesmo assim na d\u00e9cada de 70, Steve Jobs n\u00e3o desistiu e continuou a ser um sonhador e fundou a Apple.<\/p>\n<p style=\"text-align: justify;\">Poderia citar mais uma dezenas de pessoas que se tornaram nomes poderosos e ajudaram de alguma maneira milhares de pessoas pelo mundo ou apenas algumas centenas em sua comunidade que um dia foram chamadas de sonhadores. Meros sonhadores, que divagavam e nem sabiam direito \u201ccomo fazer\u201d, mas sabiam que \u201cdeveriam fazer\u201d e foram l\u00e1 e fizeram.<\/p>\n<p style=\"text-align: justify;\"><em><strong>Alguns com parceiros que tinham o dom de transformar sonhos em realidade, outros com aux\u00edlio de um profissional que hoje \u00e9 chamado de Coach, de Mentor e no passado apenas diz\u00edamos que \u201caquele cara\u201d sabe mais!<\/strong><\/em><\/p>\n<p style=\"text-align: justify;\">O facto \u00e9 que na minha vis\u00e3o o mundo foi e tem sido constru\u00eddo por sonhadores&#8230; E s\u00e3o eles que usando suas mentes inquietas e testando suas teorias no in\u00edcio um pouco diferentes que criam a transforma\u00e7\u00e3o, o h\u00e1bito, a evolu\u00e7\u00e3o ou o nome que desejar dar aos grandes realizadores.<\/p>\n<p style=\"text-align: justify;\"><strong>Meu prop\u00f3sito hoje neste artigo \u00e9 apenas um!<\/strong><\/p>\n<p style=\"text-align: justify;\">\u00c9 o de incentiv\u00e1-lo a continuar sonhando e sonhando cada vez mais e mais alto&#8230; Lembro de quando era um menino e nem tinha ainda atingido a maior idade, estava em uma sala no centro de s\u00e3o Paulo, com meu terno e sapatos n\u00e3o engraxados assistindo a uma palestra do Dr\u00ba Lair Ribeiro, quando ouvi pela primeira vez a frase que se perpetuou em minha mente: \u201cMirem na Lua, pois se errarem, ficaram entre as estrelas\u201d e mesmo sem saber muito o significado daquilo naquela \u00e9poca eu me sentia um sortudo, um privilegiado por ter ouvido aquilo.<\/p>\n<p style=\"text-align: justify;\">Mal sabia eu que anos mais tarde aquela frase faria tanto sentido em minha vida e que ela me ajudaria a ajustar a minha mira um pouco mais para o alto. Nem imaginava que minha mente absorveria aquela frase com tanta seriedade que minha ansiedade diminuiria, pois se eu n\u00e3o acertasse, estaria j\u00e1 em uma boa posi\u00e7\u00e3o!<\/p>\n<p style=\"text-align: justify;\">Claro que os anos passam e vamos aprendendo e colecionando maneiras de n\u00e3o fazer, desenvolvendo estrat\u00e9gias precisas de como fazer e f\u00f3rmulas infal\u00edveis de acertar. Descobrimos que sonhar deitado no sof\u00e1 n\u00e3o garante realiza\u00e7\u00e3o, apenas alimentamos \u201cesperan\u00e7a\u201d e at\u00e9 gosto desta palavra, acho que ela entra em uma das minhas listas de palavras poderosas, mas n\u00e3o uso ela em todas as ocasi\u00f5es.<\/p>\n<p><img fetchpriority=\"high\" decoding=\"async\" class=\"alignnone size-full wp-image-2961 aligncenter\" src=\"https:\/\/www.ericpereira.eu\/wp-content\/uploads\/vencer.jpg\" alt=\"vencer\" width=\"1030\" height=\"200\" \/><\/p>\n<h2 style=\"text-align: center;\">\u201cOS QUE CONQUISTAM S\u00c3O OS QUE ACREDITAM QUE PODEM CONQUISTAR\u201d<br \/>\nVirg\u00edlio<\/h2>\n<p style=\"text-align: justify;\">Aprendemos a import\u00e2ncia de pensar positivo e partir para a\u00e7\u00e3o para que aconte\u00e7a. Aprendemos que sonhos devem ser transcritos no papel e depois vamos colocando uns como prioridade, outros em segundo plano e alguns at\u00e9 esquecemos em alguma gaveta do quarto e talvez se ficou ali esquecido, \u00e9 porque nem era t\u00e3o importante assim, n\u00e3o sei.<\/p>\n<p style=\"text-align: justify;\">Mas o que sei bem \u00e9 que os sonhos que fazem nosso cora\u00e7\u00e3o bater mais forte, insistem em estar na nossa mente. Normalmente dormimos e acordamos com eles e quando falamos neles nossos olhos brilham e brilham de maneira especial. Estes s\u00e3o aut\u00eanticos sonhos, potenciais a se tornarem grandes projetos, desde que saiam da mente e v\u00e3o diretamente para o papel e que depois neste mesmo papel vir um lindo e detalhado planejamento para acontecer.<\/p>\n<p style=\"text-align: justify;\">Cada um possui sua estrat\u00e9gia, seu m\u00e9todo e utiliza como deseja e quando deseja, mas para mim, o mais importante neste processo todo \u00e9 n\u00e3o se importar se recebe diariamente o nome de sonhador ou se no final de cada ano ganha a placa em a\u00e7o escovado com seu nome em destaque como o sonhador do ano.<\/p>\n<p style=\"text-align: justify;\">O que me importa aqui MESMO \u00e9 que assuma um compromisso com voc\u00ea mesmo e seja um eterno sonhador&#8230; Deixe sua mente pensar, imaginar, criar, sonhar&#8230;. E lembre-se sempre que quando tudo isso, ou parte disso se torna realidade a sensa\u00e7\u00e3o \u00e9 MAIOR.<\/p>\n<p style=\"text-align: justify;\">De Sonhador para Sonhador, desejo que seus sonhos sejam lindos, inspiradores e que em todos eles outras pessoas tamb\u00e9m possam se beneficiar.<\/p>\n<p><img decoding=\"async\" class=\"alignnone size-full wp-image-2757 aligncenter\" src=\"https:\/\/www.ericpereira.eu\/wp-content\/uploads\/assinatura.jpg\" alt=\"assinatura\" width=\"900\" height=\"200\" \/><\/p>\n","protected":false},"excerpt":{"rendered":"<p>Everyone is looking to lose weight these days, but most people miss the one key to just how easy it really is: eating more fiber! While you need protein, healthy fats, and many vitamins and minerals for overall health, the one food that can help you stay fuller longer and keep your weight down is fiber-rich foods.<\/p>\n","protected":false},"author":3,"featured_media":3276,"comment_status":"open","ping_status":"open","sticky":false,"template":"","format":"standard","meta":{"footnotes":""},"categories":[60],"tags":[],"blocksy_meta":"","_links":{"self":[{"href":"https:\/\/www.clinicadehipnoseenutricao.com\/blog\/wp-json\/wp\/v2\/posts\/131"}],"collection":[{"href":"https:\/\/www.clinicadehipnoseenutricao.com\/blog\/wp-json\/wp\/v2\/posts"}],"about":[{"href":"https:\/\/www.clinicadehipnoseenutricao.com\/blog\/wp-json\/wp\/v2\/types\/post"}],"author":[{"embeddable":true,"href":"https:\/\/www.clinicadehipnoseenutricao.com\/blog\/wp-json\/wp\/v2\/users\/3"}],"replies":[{"embeddable":true,"href":"https:\/\/www.clinicadehipnoseenutricao.com\/blog\/wp-json\/wp\/v2\/comments?post=131"}],"version-history":[{"count":0,"href":"https:\/\/www.clinicadehipnoseenutricao.com\/blog\/wp-json\/wp\/v2\/posts\/131\/revisions"}],"wp:featuredmedia":[{"embeddable":true,"href":"https:\/\/www.clinicadehipnoseenutricao.com\/blog\/wp-json\/wp\/v2\/media\/3276"}],"wp:attachment":[{"href":"https:\/\/www.clinicadehipnoseenutricao.com\/blog\/wp-json\/wp\/v2\/media?parent=131"}],"wp:term":[{"taxonomy":"category","embeddable":true,"href":"https:\/\/www.clinicadehipnoseenutricao.com\/blog\/wp-json\/wp\/v2\/categories?post=131"},{"taxonomy":"post_tag","embeddable":true,"href":"https:\/\/www.clinicadehipnoseenutricao.com\/blog\/wp-json\/wp\/v2\/tags?post=131"}],"curies":[{"name":"wp","href":"https:\/\/api.w.org\/{rel}","templated":true}]}}