{"id":1911,"date":"2016-03-31T10:40:47","date_gmt":"2016-03-31T10:40:47","guid":{"rendered":"https:\/\/www.ericpereira.eu\/?p=1911"},"modified":"2016-03-31T10:40:47","modified_gmt":"2016-03-31T10:40:47","slug":"ela-tinha-medo-de-falar-em-publico","status":"publish","type":"post","link":"https:\/\/www.clinicadehipnoseenutricao.com\/blog\/ela-tinha-medo-de-falar-em-publico\/","title":{"rendered":"Ela tinha MEDO de falar em p\u00fablico."},"content":{"rendered":"<p style=\"text-align: justify;\"><strong>Ela tinha MEDO de falar em p\u00fablico.<\/strong><\/p>\n<p style=\"text-align: justify;\">Rubia tem 32 anos, advogada e me procurou para tratar seu medo de falar em p\u00fablico, um dos medos mais frequentes do mundo.<\/p>\n<p style=\"text-align: justify;\">Na sess\u00e3o de avalia\u00e7\u00e3o, Rubia tinha dificuldade at\u00e9 de falar sobre o assunto. Era claro seu nervosismo em \u201ctentar\u201d se expressar e contar como se sentiu em suas \u00faltimas reuni\u00f5es.<br \/>\nCom m\u00e3os tr\u00e9mulas e frias, sentindo um frio na barriga, ela, todo m\u00eas, precisava fazer uma reuni\u00e3o com um cliente e as 14 pessoas sempre presentes na sala a deixavam muito nervosa.<\/p>\n<p style=\"text-align: justify;\">A sess\u00e3o durou cerca de 1 hora e fal\u00e1mos sobre v\u00e1rios assuntos mas ela n\u00e3o se lembrou de nada que poderia ter despertado este medo que, a cada dia, atrapalha mais seu trabalho. No entanto esta avalia\u00e7\u00e3o foi muito importante, pois tomei nota de pequenas rea\u00e7\u00f5es e fatos que, com certeza, me ajudariam durante o processo.<\/p>\n<p style=\"text-align: justify;\">Logo na primeira sess\u00e3o, utilizei uma t\u00e9cnica de relaxamento progressivo, levando a mente inconsciente a fazer uma minuciosa varredura de fatos que poderiam estar ligados ao medo de falar em p\u00fablico e logo nos depar\u00e1mos com uma forte cena onde os pais discutiam alto na cozinha e ela observava, muda, na porta e, quando seu pai percebeu sua presen\u00e7a, n\u00e3o pensou duas vezes em reprimi-la.<\/p>\n<p style=\"text-align: justify;\">Neste momento, Rubia travou na cadeira e tivemos alguns minutos de sil\u00eancio e algumas l\u00e1grimas. Depois me relatou como seu pai segurou em seus bra\u00e7os olhando firme seus olhos enquanto gritava que ela n\u00e3o deveria abrir a boca quando adultos estivessem falando\u2026. N\u00e3o deveria mesmo estar ali e mandou ela para o quarto.<\/p>\n<p style=\"text-align: justify;\">Ela, chorando, dizia: \u201cmas eu n\u00e3o disse nada\u2026 estava caladinha, apenas ouvindo meus pais\u2026\u201d<\/p>\n<p style=\"text-align: justify;\">Tivemos mais 5 sess\u00f5es e em todas n\u00f3s fomos a momentos significativos, alguns onde o pai a tratava muito mal na frente de amigos e normalmente todos bebendo na sala da casa.<\/p>\n<p style=\"text-align: justify;\">Consegui compreender que seu medo, ou a maior parte dele, estava ligado ao forte comando de seu pai que insistia em afast\u00e1-la das pessoas e, quando falava algo, era reprimida.<\/p>\n<p style=\"text-align: justify;\">Interessante \u00e9 que, na quinta sess\u00e3o, ela se recordou de ter que apresentar um trabalho na escola e seus amigos come\u00e7aram a ri de seu nervosismo. Ent\u00e3o ela largou tudo e saiu correndo e ainda trope\u00e7ou e deu um tombo na sala.<\/p>\n<p style=\"text-align: justify;\">Entr\u00e1mos e sa\u00edmos de todas estas cenas e depois fomos trabalhando cada uma com t\u00e9cnicas de PNL \u2013 Programa\u00e7\u00e3o Neurolingu\u00edstica. Deix\u00e1mos as cenas preto e branco, distorcemos um pouco a imagem, a lembran\u00e7a, ela voltou na terceira pessoa se vendo e tivemos at\u00e9 uma sess\u00e3o onde ela, adulta, hoje com 32 anos, foi falar com ela pequena com 4 anos, 6 anos e 9 anos.<\/p>\n<p style=\"text-align: justify;\">Garanto que foi emocionante! A sess\u00e3o onde ela se encontrou com sua crian\u00e7a, durou quase duas horas e teve momentos emocionantes e importantes para ela eliminar seu medo de falar em p\u00fablico.<\/p>\n<p style=\"text-align: justify;\">Escrevi este artigo apenas agora pois, depois de quase 5 meses ap\u00f3s o termino do tratamento, \u00e9 que estive novamente com a cliente que veio a uma palestra minha. Contou que sua vida teve uma super transforma\u00e7\u00e3o, faz suas reuni\u00f5es com tranquilidade e percebeu que sua comunica\u00e7\u00e3o melhorou muito.<\/p>\n<p style=\"text-align: justify;\">Mais um tratamento realizado na Terapias.Clinic\u00ae.<\/p>\n<p style=\"text-align: justify;\">A sensa\u00e7\u00e3o \u00e9 de miss\u00e3o cumprida, mas com certeza o resultado positivo tem muito da entrega da cliente que mergulhou no processo terap\u00eautico.<\/p>\n","protected":false},"excerpt":{"rendered":"<p>Ela tinha MEDO de falar em p\u00fablico. Rubia tem 32 anos, advogada e me procurou para tratar seu medo de falar em p\u00fablico, um dos medos mais frequentes do mundo. Na sess\u00e3o de avalia\u00e7\u00e3o, Rubia tinha dificuldade at\u00e9 de falar sobre o assunto. Era claro seu nervosismo em \u201ctentar\u201d se expressar e contar como se [&hellip;]<\/p>\n","protected":false},"author":3,"featured_media":3676,"comment_status":"closed","ping_status":"closed","sticky":false,"template":"","format":"standard","meta":{"footnotes":""},"categories":[60],"tags":[342],"blocksy_meta":"","_links":{"self":[{"href":"https:\/\/www.clinicadehipnoseenutricao.com\/blog\/wp-json\/wp\/v2\/posts\/1911"}],"collection":[{"href":"https:\/\/www.clinicadehipnoseenutricao.com\/blog\/wp-json\/wp\/v2\/posts"}],"about":[{"href":"https:\/\/www.clinicadehipnoseenutricao.com\/blog\/wp-json\/wp\/v2\/types\/post"}],"author":[{"embeddable":true,"href":"https:\/\/www.clinicadehipnoseenutricao.com\/blog\/wp-json\/wp\/v2\/users\/3"}],"replies":[{"embeddable":true,"href":"https:\/\/www.clinicadehipnoseenutricao.com\/blog\/wp-json\/wp\/v2\/comments?post=1911"}],"version-history":[{"count":0,"href":"https:\/\/www.clinicadehipnoseenutricao.com\/blog\/wp-json\/wp\/v2\/posts\/1911\/revisions"}],"wp:featuredmedia":[{"embeddable":true,"href":"https:\/\/www.clinicadehipnoseenutricao.com\/blog\/wp-json\/wp\/v2\/media\/3676"}],"wp:attachment":[{"href":"https:\/\/www.clinicadehipnoseenutricao.com\/blog\/wp-json\/wp\/v2\/media?parent=1911"}],"wp:term":[{"taxonomy":"category","embeddable":true,"href":"https:\/\/www.clinicadehipnoseenutricao.com\/blog\/wp-json\/wp\/v2\/categories?post=1911"},{"taxonomy":"post_tag","embeddable":true,"href":"https:\/\/www.clinicadehipnoseenutricao.com\/blog\/wp-json\/wp\/v2\/tags?post=1911"}],"curies":[{"name":"wp","href":"https:\/\/api.w.org\/{rel}","templated":true}]}}