{"id":3151,"date":"2016-10-14T19:05:15","date_gmt":"2016-10-14T19:05:15","guid":{"rendered":"https:\/\/www.ericpereira.eu\/?p=3151"},"modified":"2016-10-14T19:05:15","modified_gmt":"2016-10-14T19:05:15","slug":"os-limites-da-intimidade-nas-redes-sociais","status":"publish","type":"post","link":"https:\/\/www.clinicadehipnoseenutricao.com\/blog\/os-limites-da-intimidade-nas-redes-sociais\/","title":{"rendered":"OS LIMITES DA INTIMIDADE NAS REDES SOCIAIS"},"content":{"rendered":"<h3 style=\"text-align: justify;\">COLOCAR CORA\u00c7\u00c3O EM FOTOS, FALAR NO PRIVADO, MANDAR MENSAGENS COM DUPLO SENTIDO, RECADINHOS E INVADIR A PRIVACIDADE&#8230;<\/h3>\n<p style=\"text-align: justify;\">Talvez este seja um daqueles pol\u00e9micos artigos que vou fundo explorando o dia a dia e deixando pelo meio do caminho rastos com verdades e pensamentos para refletir ou ignorar.<br \/>\nLembro que quando escrevi o artigo \u201c<a href=\"https:\/\/www.ericpereira.eu\/separados-na-mesma-casa\/\" target=\"_blank\" rel=\"noopener\">Separados na mesma casa\u201d<\/a> tive muitos coment\u00e1rios, recebi quase 90 e-mails e mais de 600 pessoas o compartilharam pelas redes sociais.<\/p>\n<p style=\"text-align: justify;\">Hoje o assunto \u00e9 delicado, um pouco audacioso, arriscado, mas com certeza um bom tema para uma profunda reflex\u00e3o e quem sabe uma mudan\u00e7a de atitude ou consci\u00eancia.<\/p>\n<p style=\"text-align: justify;\">Atual, este assunto j\u00e1 foi tema de algumas sess\u00f5es em consult\u00f3rio e recentemente de uma<a href=\"https:\/\/www.ericpereira.eu\/coach-estrategico\/\"> sess\u00e3o por Skype<\/a> com um cliente que acabou me despertando o grande desejo de abordar este assunto.<\/p>\n<p style=\"text-align: justify;\">N\u00e3o podemos negar que muitas redes sociais s\u00e3o incr\u00edveis e a cada dia a internet se torna um excelente meio para nos relacionarmos, conhecer pessoas e fazermos bons neg\u00f3cios. Mas e quando estes limites s\u00e3o ultrapassados e este mesmo \u201cmeio\u201d se torna um caminho para vigiarmos as pessoas, para nos aproveitarmos de situa\u00e7\u00f5es e invadirmos o espa\u00e7o alheio?<\/p>\n<p style=\"text-align: justify;\">Em 2012 fui contactado por uma pessoa que n\u00e3o tinha nenhuma rela\u00e7\u00e3o, inclusive nem fal\u00e1vamos, mas ela acompanhou um pouco do meu trabalho e me convidou para vir para o Porto ministrar uma forma\u00e7\u00e3o de Hipnoterapia. Eu fui e foi uma incr\u00edvel experi\u00eancia, no Porto, Lisboa e Braga. Fiz grandes amigos nesta forma\u00e7\u00e3o e a maioria mantenho at\u00e9 hoje, um destes alunos se tornou melhor amigo, outro hoje \u00e9 meu s\u00f3cio em uma <a href=\"https:\/\/www.institutodeformacaoonline.com\">Plataforma de aulas online<\/a>.<\/p>\n<p style=\"text-align: justify;\"><img fetchpriority=\"high\" decoding=\"async\" class=\"alignleft wp-image-3156\" src=\"https:\/\/www.ericpereira.eu\/wp-content\/uploads\/256-495x400.jpeg\" alt=\"256\" width=\"288\" height=\"233\" \/>Isso s\u00f3 afirma que minhas perspectivas em rela\u00e7\u00e3o \u00e0s redes sociais s\u00e3o cada vez melhores e hoje antes de escrever este artigo j\u00e1 tinha recebido 8 e-mails pedindo consultas de Coaching por Skype, sendo que a \u00fanica divulga\u00e7\u00e3o que fa\u00e7o sobre este trabalho \u00e9 nas redes sociais.<\/p>\n<p style=\"text-align: justify;\">Por outro lado, em 2012 um estudo feito pelo site pplware relatou que 33% das pessoas que pedem div\u00f3rcio citam o Facebook como a principal causa do mesmo. Uma pesquisa feita em 2009 e o n\u00famero de pessoas que citava a mesma rede social era de 20% na altura.<\/p>\n<p style=\"text-align: justify;\">Os queixosos, indicam, entre as principais raz\u00f5es, o comportamento dos c\u00f4njuges com o sexo oposto na utiliza\u00e7\u00e3o do Facebook, bem como o facto de estes utilizarem a rede social para fazerem coment\u00e1rios acerca dos seus ex- companheiros.<\/p>\n<p style=\"text-align: justify;\">Este \u00e9 apenas um dado e n\u00e3o quis aprofundar a pesquisa para saber se de 2012 para 2016 isso aumentou ou diminuiu, pois, meu interesse aqui \u00e9 sempre apresentar contribui\u00e7\u00f5es que nos fazem pensar para, quem sabe, revermos nosso comportamento e alterar algo.<\/p>\n<p style=\"text-align: justify;\">Eu lembro que tinha um h\u00e1bito de chamar todas as pessoas de \u201cminha querida\u201de nestas palavras n\u00e3o tinham nenhuma mal\u00edcia ou quando fazia jamais era pensando que estava sendo o homem mais carinhoso do planeta, at\u00e9 homens eu chamava de meu anjo e \u00e0s vezes era mal interpretado, mas era apenas um ato carinhoso. Com o tempo percebi que tal atitude n\u00e3o era apropriada e tinha duas op\u00e7\u00f5es: ficar sempre me justificando e mostrando que a minha inten\u00e7\u00e3o era positiva ou mudar o meu comportamento.<\/p>\n<p style=\"text-align: justify;\"><em><strong>Acabei optando pela segunda hip\u00f3tese.<\/strong><\/em><\/p>\n<p style=\"text-align: justify;\"><em>Prestar aten\u00e7\u00e3o em nossa vida, em nosso comportamento e v\u00ea-lo por \u00e2ngulos diferentes pode nos ajudar a compreender que nem sempre o que \u201ceu digo\u201d \u00e9 exatamente \u201co que\u201d a outra pessoa \u201centende\u201d. Entendeu? Rs&#8230;<\/em><\/p>\n<p style=\"text-align: justify;\">Sou t\u00e3o p\u00fablico quanto voc\u00ea que est\u00e1 lendo este texto, talvez e s\u00f3 talvez me exponho um pouco mais, pois fa\u00e7o Lives para um p\u00fablico maior, tenho mais de 30 mil seguidores no Facebook e fa\u00e7o diariamente contribui\u00e7\u00f5es p\u00fablicas sobre meu trabalho.<\/p>\n<p style=\"text-align: justify;\">Mas tem meninos de 12 anos que possuem 1 milh\u00e3o de seguidores no YouTube com v\u00eddeos que s\u00f3 nos fazem rir e digo isso para mostrar que estamos todos no mesmo n\u00edvel e esta intimidade nas redes sociais \u00e9 uma reflex\u00e3o para TODOS n\u00f3s.<\/p>\n<p style=\"text-align: justify;\"><img decoding=\"async\" class=\"aligncenter size-full wp-image-3159\" src=\"https:\/\/www.ericpereira.eu\/wp-content\/uploads\/comunicacao.jpg\" alt=\"comunicacao\" width=\"1040\" height=\"250\" \/><\/p>\n<p style=\"text-align: justify;\">Na verdade, em toda a comunica\u00e7\u00e3o dentro ou fora das redes sociais, devemos ter uma certa aten\u00e7\u00e3o para n\u00e3o transmitirmos uma mensagem que n\u00e3o desejamos&#8230;Pois um simples conjunto pode \u201ctransmitir\u201d a mensagem errada e quando falo entusiasmado com uma pessoa do sexo oposto, pisco o olho, sorrio e falo palavras positivas, posso em algum destes momentos transmitir mensagens erradas. \u00d3bvio que tudo depende tamb\u00e9m do momento que a outra pessoa esta vivendo, de suas cren\u00e7as e como ela vai absorver a mensagem em quest\u00e3o.<\/p>\n<p style=\"text-align: justify;\">J\u00e1 fui muito mais \u201cdado\u201d se \u00e9 que compreendem o sentido desta palavra e penso que sim, pois respondia a todas as pessoas, a todo momento e at\u00e9 hoje respondo, pois sou uma pessoa educada e jamais deixaria algu\u00e9m sem resposta, mesmo que demore um pouco.<\/p>\n<p style=\"text-align: justify;\">Mas depende do assunto, logo encaminho para outras pessoas da minha equipa atender ou resolver, primeiro pela falta de tempo, mas \u00e0s vezes algumas pessoas acham que por estarmos ali \u201cnos dando\u201d, podem logo se tornar \u00edntimos e falar sobre v\u00e1rios assuntos. Mas na pratica n\u00e3o \u00e9 assim que funciona.<\/p>\n<p style=\"text-align: justify;\">Claro que pode estar lendo este artigo e em algum momento se identificar com alguma situa\u00e7\u00e3o e falar, \u201cAhhh&#8230;mas no meu caso eu peguei mesmo mensagens er\u00f3ticas, apaixonadas ou com tons de cantadas&#8230;\u201d E n\u00e3o estou aqui para afirmar ou negar ou defender nenhum ponto de vista. Este artigo \u00e9 mais para quem est\u00e1 cometendo \u201co ato\u201d do que para quem \u201cpegou o ato\u201d e a minha proposta \u00e9 mesmo a reflex\u00e3o.<\/p>\n<p style=\"text-align: justify;\">Sempre defendi uma posi\u00e7\u00e3o que situa\u00e7\u00f5es como est\u00e1 de \u201ctrai\u00e7\u00f5es virtuais\u201d ou \u201cbate papo\u201d com o sexo oposto s\u00f3 ocorrem, porque de alguma maneira uma das partes ou ambas (Normalmente) deram brecha para que aquilo fosse acontecendo.<\/p>\n<p style=\"text-align: justify;\"><img decoding=\"async\" class=\" wp-image-3158 alignright\" src=\"https:\/\/www.ericpereira.eu\/wp-content\/uploads\/4308.jpg\" alt=\"4308\" width=\"341\" height=\"213\" \/>As rela\u00e7\u00f5es esfriam por falta de admira\u00e7\u00e3o, cumplicidade e principalmente di\u00e1logo, mas n\u00e3o sou terapeuta de casal e tenho zero forma\u00e7\u00e3o na \u00e0rea. Apenas tenho minhas experi\u00eancias negativas e positivas pessoais e as de alguns clientes que trazem o assunto entre uma sess\u00e3o ou outra.<\/p>\n<p style=\"text-align: justify;\">OS LIMITES DA INTIMIDADE NAS REDES SOCIAIS dependem muito de cada pessoa, cada casal, cada entendimento&#8230; Algumas pessoas s\u00e3o viciadas em \u201cconquistar\u201d e em muitos casos o foco nem \u00e9 estar junto, trair ou \u201ctrocar\u201d de parceiro, mas a sedu\u00e7\u00e3o em s\u00ed, a conquista. J\u00e1 tive a oportunidade de conhecer algumas pessoas assim que se denominavam viciados na adrenalina de conquistar, mas era apenas para de alguma maneira obterem uma aprova\u00e7\u00e3o pessoal ou alimentar seu Ego extra grande ou mesmo para vencer o desafio interno e insaci\u00e1vel de \u201cEu SEMPRE consigo\u201d, penso eu. Rsss&#8230;<\/p>\n<p style=\"text-align: justify;\">Sem provas cient\u00edficas ou cita\u00e7\u00f5es lindas e com apoio de grandes especialistas no assunto a minha contribui\u00e7\u00e3o \u00e9 que SEMPRE estamos diante de oportunidades para transformar comportamentos, h\u00e1bitos, situa\u00e7\u00f5es que de alguma maneira nos prejudica ou prejudica outras pessoas ao nosso redor. Comportamentos deste tipo normalmente prejudicam sempre outras pessoas e isso se torna um ciclo vicioso de m\u00e1goas e decep\u00e7\u00f5es que podem depois demorar a passar&#8230;<\/p>\n<p style=\"text-align: justify;\">E o que me faz mergulhar MESMO neste tema \u00e9 que estas atitudes podem causar feridas em espa\u00e7os que antes eram preenchidos por lembran\u00e7as deliciosas, maravilhosas, por amor, por sensa\u00e7\u00f5es, por cheiros, por sonos e toques&#8230; Espa\u00e7os que pareciam inesquec\u00edveis e de uma hora para outra se tornam pesadelos.<\/p>\n<p style=\"text-align: justify;\">A melhor defini\u00e7\u00e3o que tenho na mente \u00e9 um casal na praia feliz tomando sol e rindo. De repente, tudo \u00e9 engolido pelo mar em um grande tsunami que n\u00e3o sabemos de onde vem, nem porque veio e n\u00e3o avisou com anteced\u00eancia&#8230;<\/p>\n<p style=\"text-align: justify;\">S\u00f3 ouvimos \u201cdizer\u201d depois que aquele desastre foi realmente algo inesperado e que deixou feridos e desaparecidos. Talvez, s\u00f3 talvez, o que desapareceu aqui foi o encanto, o olha que brilhava, o toque que arrepiava, o beijo mais sincero. No lugar disso, ficam os destro\u00e7os, os peda\u00e7os, as partes que podem ser juntas com o tempo, mas para algumas pessoas \u201ceste tempo\u201d pode levar anos&#8230;<\/p>\n<p style=\"text-align: justify;\">Ent\u00e3o antes de \u201cse divertir\u201d ou se aventurar, lembre-se que n\u00e3o est\u00e1 sozinho nestas consequ\u00eancias que ser\u00e3o sem nenhuma d\u00favida desastrosas.<\/p>\n<p style=\"text-align: justify;\"><em><strong>Aguardo seus coment\u00e1rios no final deste artigo!<\/strong><\/em><br \/>\n<em><strong> Lembre-se que seus coment\u00e1rios de alguma maneira me alimentam a continuar escrevendo.<\/strong><\/em><\/p>\n<p style=\"text-align: justify;\"><em><strong>Fique bem!<\/strong><\/em><\/p>\n<p style=\"text-align: justify;\"><img loading=\"lazy\" decoding=\"async\" class=\"size-full wp-image-2757 aligncenter\" src=\"https:\/\/www.ericpereira.eu\/wp-content\/uploads\/assinatura.jpg\" alt=\"assinatura\" width=\"900\" height=\"200\" \/><\/p>\n","protected":false},"excerpt":{"rendered":"<p>COLOCAR CORA\u00c7\u00c3O EM FOTOS, FALAR NO PRIVADO, MANDAR MENSAGENS COM DUPLO SENTIDO, RECADINHOS E INVADIR A PRIVACIDADE&#8230; Talvez este seja um daqueles pol\u00e9micos artigos que vou fundo explorando o dia a dia e deixando pelo meio do caminho rastos com verdades e pensamentos para refletir ou ignorar. Lembro que quando escrevi o artigo \u201cSeparados na [&hellip;]<\/p>\n","protected":false},"author":3,"featured_media":3443,"comment_status":"closed","ping_status":"closed","sticky":false,"template":"","format":"standard","meta":{"footnotes":""},"categories":[60],"tags":[400,401,402,403,404,405,406],"blocksy_meta":"","_links":{"self":[{"href":"https:\/\/www.clinicadehipnoseenutricao.com\/blog\/wp-json\/wp\/v2\/posts\/3151"}],"collection":[{"href":"https:\/\/www.clinicadehipnoseenutricao.com\/blog\/wp-json\/wp\/v2\/posts"}],"about":[{"href":"https:\/\/www.clinicadehipnoseenutricao.com\/blog\/wp-json\/wp\/v2\/types\/post"}],"author":[{"embeddable":true,"href":"https:\/\/www.clinicadehipnoseenutricao.com\/blog\/wp-json\/wp\/v2\/users\/3"}],"replies":[{"embeddable":true,"href":"https:\/\/www.clinicadehipnoseenutricao.com\/blog\/wp-json\/wp\/v2\/comments?post=3151"}],"version-history":[{"count":0,"href":"https:\/\/www.clinicadehipnoseenutricao.com\/blog\/wp-json\/wp\/v2\/posts\/3151\/revisions"}],"wp:featuredmedia":[{"embeddable":true,"href":"https:\/\/www.clinicadehipnoseenutricao.com\/blog\/wp-json\/wp\/v2\/media\/3443"}],"wp:attachment":[{"href":"https:\/\/www.clinicadehipnoseenutricao.com\/blog\/wp-json\/wp\/v2\/media?parent=3151"}],"wp:term":[{"taxonomy":"category","embeddable":true,"href":"https:\/\/www.clinicadehipnoseenutricao.com\/blog\/wp-json\/wp\/v2\/categories?post=3151"},{"taxonomy":"post_tag","embeddable":true,"href":"https:\/\/www.clinicadehipnoseenutricao.com\/blog\/wp-json\/wp\/v2\/tags?post=3151"}],"curies":[{"name":"wp","href":"https:\/\/api.w.org\/{rel}","templated":true}]}}