{"id":3521,"date":"2016-12-15T21:09:01","date_gmt":"2016-12-15T23:09:01","guid":{"rendered":"https:\/\/www.ericpereira.eu\/blog\/?p=3521"},"modified":"2016-12-15T21:09:01","modified_gmt":"2016-12-15T23:09:01","slug":"os-tipos-de-inteligencia","status":"publish","type":"post","link":"https:\/\/www.clinicadehipnoseenutricao.com\/blog\/os-tipos-de-inteligencia\/","title":{"rendered":"Os Tipos de Intelig\u00eancia"},"content":{"rendered":"<p style=\"text-align: justify;\">A Teoria das Intelig\u00eancias M\u00faltiplas foi desenvolvida pelo psic\u00f3logo norte-americano <a href=\"https:\/\/pt.wikipedia.org\/wiki\/Howard_Gardner\">Howard Gardner<\/a>, publicada originalmente em 1983, revolucionou a psicologia e a educa\u00e7\u00e3o, oferecendo uma concep\u00e7\u00e3o mais dimensional da intelig\u00eancia. Mais abrangente do que as medidas estreitas de testes padronizados tradicionais h\u00e1 muito aplicado. Gardner afirmou que o conceito de intelig\u00eancia, como tradicionalmente definido em <a href=\"https:\/\/pt.wikipedia.org\/wiki\/Psicometria\">psicometria<\/a> (testes de QI) n\u00e3o era suficiente para descrever a grande variedade de habilidades <a href=\"https:\/\/pt.wikipedia.org\/wiki\/Cogni%C3%A7%C3%A3o\">cognitivas<\/a> humanas.<\/p>\n<p style=\"text-align: justify;\">A teoria afirma que uma crian\u00e7a que aprende a multiplicar n\u00fameros facilmente n\u00e3o \u00e9 necessariamente mais inteligente do que outra que tenha habilidades mais forte em outro tipo de intelig\u00eancia. A crian\u00e7a que leva mais tempo para dominar uma multiplica\u00e7\u00e3o simples,<br \/>\n<strong>(a)<\/strong> pode aprender melhor a multiplicar atrav\u00e9s de uma abordagem diferente;<br \/>\n<strong>(b)<\/strong> pode ser excelente em um campo fora da matem\u00e1tica;<br \/>\n<strong>(c)<\/strong> pode at\u00e9 estar a olhar e compreender o processo de multiplica\u00e7\u00e3o em um n\u00edvel profundo. Neste \u00faltimo exemplo, uma compreens\u00e3o mais profunda pode resultar em lentid\u00e3o que parece (e pode) esconder uma intelig\u00eancia matem\u00e1tica potencialmente maior do que a de uma crian\u00e7a que rapidamente memoriza a tabuada, apesar de uma compreens\u00e3o menos detalhada do processo de multiplica\u00e7\u00e3o.<\/p>\n<p style=\"text-align: justify;\"><img decoding=\"async\" class=\"wp-image-1819 alignleft\" src=\"https:\/\/despertarcoletivo.com\/wp-content\/uploads\/2016\/10\/Arte-%C3%A9-imagina%C3%A7%C3%A3o.-A-imagina%C3%A7%C3%A3o-cont%C3%A9m-tudo-que-existe-A-ci%C3%AAncia-%C3%A9-a-mente-tentando-organizar-as-informa%C3%A7%C3%B5es..jpg\" sizes=\"(max-width: 239px) 100vw, 239px\" srcset=\"https:\/\/despertarcoletivo.com\/wp-content\/uploads\/2016\/10\/Arte-\u00e9-imagina\u00e7\u00e3o.-A-imagina\u00e7\u00e3o-cont\u00e9m-tudo-que-existe-A-ci\u00eancia-\u00e9-a-mente-tentando-organizar-as-informa\u00e7\u00f5es..jpg 500w, https:\/\/despertarcoletivo.com\/wp-content\/uploads\/2016\/10\/Arte-\u00e9-imagina\u00e7\u00e3o.-A-imagina\u00e7\u00e3o-cont\u00e9m-tudo-que-existe-A-ci\u00eancia-\u00e9-a-mente-tentando-organizar-as-informa\u00e7\u00f5es.-150x113.jpg 150w\" alt=\"Arte \u00e9 imagina\u00e7\u00e3o. A imagina\u00e7\u00e3o cont\u00e9m tudo que existe! A ci\u00eancia \u00e9 a mente tentando organizar as informa\u00e7\u00f5es.\" width=\"239\" height=\"180\" \/>A maioria das pessoas possui uma ou duas intelig\u00eancias desenvolvidas. Isto explica porque um indiv\u00edduo \u00e9 muito bom com c\u00e1lculos matem\u00e1ticos, por\u00e9m n\u00e3o tem muita habilidade com express\u00e3o art\u00edstica. De acordo com Gardner, s\u00e3o rar\u00edssimos os casos em que uma pessoa possui diversas intelig\u00eancias desenvolvidas. Podemos citar Leonardo da Vinci como um destes casos raros de genialidade. Ele foi um excelente pintor, bot\u00e2nico, matem\u00e1tico, anatomista e inventor. Por outro lado, o psic\u00f3logo afirma que s\u00e3o raros tamb\u00e9m os casos em que uma pessoa n\u00e3o possui nenhuma intelig\u00eancia.<\/p>\n<p style=\"text-align: justify;\"><img fetchpriority=\"high\" decoding=\"async\" class=\"wp-image-2100 alignright\" src=\"https:\/\/despertarcoletivo.com\/wp-content\/uploads\/2016\/12\/tumblr_m1ra6ujt9G1qg7ex5o1_1280-840x600.png\" sizes=\"(max-width: 310px) 100vw, 310px\" srcset=\"https:\/\/despertarcoletivo.com\/wp-content\/uploads\/2016\/12\/tumblr_m1ra6ujt9G1qg7ex5o1_1280-840x600.png 840w, https:\/\/despertarcoletivo.com\/wp-content\/uploads\/2016\/12\/tumblr_m1ra6ujt9G1qg7ex5o1_1280-768x549.png 768w, https:\/\/despertarcoletivo.com\/wp-content\/uploads\/2016\/12\/tumblr_m1ra6ujt9G1qg7ex5o1_1280-150x107.png 150w, https:\/\/despertarcoletivo.com\/wp-content\/uploads\/2016\/12\/tumblr_m1ra6ujt9G1qg7ex5o1_1280.png 900w\" alt=\"tumblr_m1ra6ujt9G1qg7ex5o1_1280\" width=\"310\" height=\"222\" \/>Gardner ainda afirma que estas intelig\u00eancias apresentam-se de duas formas. Algumas pessoas j\u00e1 nascem com determinadas intelig\u00eancias, ou seja, a gen\u00e9tica contribui. Por\u00e9m, as experi\u00eancias vividas tamb\u00e9m contribuem para o desenvolvimento de determinadas intelig\u00eancias.<\/p>\n<p style=\"text-align: justify;\">Os est\u00edmulos e o ambiente social s\u00e3o importantes no desenvolvimento de determinadas intelig\u00eancias. Se uma pessoa, por exemplo, nasce com uma intelig\u00eancia musical, por\u00e9m as condi\u00e7\u00f5es ambientais (escola, fam\u00edlia, regi\u00e3o onde mora) n\u00e3o oferecem est\u00edmulos para o desenvolvimento das capacidades musicais, dificilmente este indiv\u00edduo ser\u00e1 um m\u00fasico.<\/p>\n<h2 style=\"text-align: justify;\"><strong>\u201c<\/strong><em>Todo mundo \u00e9 um g\u00eanio. Mas, se voc\u00ea julgar um peixe por sua capacidade de subir em uma \u00e1rvore, ela vai gastar toda a sua vida acreditando que ele \u00e9 est\u00fapido<\/em>.<strong>\u201d<br \/>\n<\/strong><strong>\u2014 Albert Einstein<\/strong><\/h2>\n<p style=\"text-align: justify;\">\n<p style=\"text-align: justify;\"><strong>1. Intelig\u00eancia Ling\u00fc\u00edstica:<\/strong><\/p>\n<p style=\"text-align: justify;\"><img decoding=\"async\" class=\"wp-image-2098 alignright\" src=\"https:\/\/despertarcoletivo.com\/wp-content\/uploads\/2016\/12\/linguagem-corporal.jpg\" sizes=\"(max-width: 238px) 100vw, 238px\" srcset=\"https:\/\/despertarcoletivo.com\/wp-content\/uploads\/2016\/12\/linguagem-corporal.jpg 510w, https:\/\/despertarcoletivo.com\/wp-content\/uploads\/2016\/12\/linguagem-corporal-150x85.jpg 150w\" alt=\"linguagem-corporal\" width=\"238\" height=\"135\" \/>A habilidade de usar a linguagem para expressar o que est\u00e1 passando em sua mente atrav\u00e9s de s\u00edmbolos, sejam eles palavras, n\u00fameros ou sinais. \u00c9 tamb\u00e9m a capacidade entender as outras pessoas. Os indiv\u00edduos com esta intelig\u00eancia desenvolvida s\u00e3o \u00f3timos oradores e comunicadores, al\u00e9m de possu\u00edrem grande capacidade de aprendizado de idiomas.<br \/>\nQualquer tipo de escritor, orador, professor, advogado, politico ou outra pessoa que a linguagem tem um papel importante em sua vida possui uma intelig\u00eancia lingu\u00edstica agu\u00e7ada.<\/p>\n<p style=\"text-align: justify;\"><img loading=\"lazy\" decoding=\"async\" class=\"wp-image-2099 alignleft\" src=\"https:\/\/despertarcoletivo.com\/wp-content\/uploads\/2016\/12\/941936_537065046349228_1014899667_n-467x600.jpg\" sizes=\"(max-width: 174px) 100vw, 174px\" srcset=\"https:\/\/despertarcoletivo.com\/wp-content\/uploads\/2016\/12\/941936_537065046349228_1014899667_n-467x600.jpg 467w, https:\/\/despertarcoletivo.com\/wp-content\/uploads\/2016\/12\/941936_537065046349228_1014899667_n-117x150.jpg 117w, https:\/\/despertarcoletivo.com\/wp-content\/uploads\/2016\/12\/941936_537065046349228_1014899667_n.jpg 500w\" alt=\"941936_537065046349228_1014899667_n\" width=\"174\" height=\"223\" \/><strong>2. Intelig\u00eancia L\u00f3gica\/Matem\u00e1tica:<\/strong><\/p>\n<p style=\"text-align: justify;\">A habilidade para racioc\u00ednio dedutivo, para avaliar objetos e abstra\u00e7\u00f5es, discernindo as suas rela\u00e7\u00f5es e princ\u00edpios subjacentes, de entender os princ\u00edpios subjacentes de algum sistema causal, do modo que os cientistas e l\u00f3gicos fazem; ou manipular n\u00fameros, quantidades e opera\u00e7\u00f5es como uma matem\u00e1tico faz. \u00c9 voltada para conclus\u00f5es baseadas em dados num\u00e9ricos e no pensamento racional.<br \/>\nAs pessoas com esta intelig\u00eancia possuem facilidade em explicar as coisas utilizando met\u00e1foras, f\u00f3rmulas e n\u00fameros. Costumam resolver problemas de l\u00f3gica com facilidade, assim como fazer contas de cabe\u00e7a rapidamente.<\/p>\n<p style=\"text-align: justify;\"><strong><br \/>\n3. Intelig\u00eancia R\u00edtmica\/Musical:<\/strong><\/p>\n<p style=\"text-align: justify;\"><img loading=\"lazy\" decoding=\"async\" class=\"wp-image-2105 alignright\" src=\"https:\/\/despertarcoletivo.com\/wp-content\/uploads\/2016\/12\/Bond-Alex-Grey.jpg\" sizes=\"(max-width: 188px) 100vw, 188px\" srcset=\"https:\/\/despertarcoletivo.com\/wp-content\/uploads\/2016\/12\/Bond-Alex-Grey.jpg 500w, https:\/\/despertarcoletivo.com\/wp-content\/uploads\/2016\/12\/Bond-Alex-Grey-150x122.jpg 150w\" alt=\"Bond- Alex Grey\" width=\"188\" height=\"152\" \/>Intelig\u00eancia voltada para a interpreta\u00e7\u00e3o e produ\u00e7\u00e3o de sons com a utiliza\u00e7\u00e3o de instrumentos musicais, mas n\u00e3o necessariamente. \u00c9 a capacidade de pensar em musica; ser capaz de ouvir padr\u00f5es, reconhece-los, e talvez manipula-los.<br \/>\nPessoas que tem alta intelig\u00eancia musical n\u00e3o apenas lembram de musicas com facilidade, eles n\u00e3o conseguem tirar de suas mentes, \u00e9 omnipresente.<\/p>\n<div id=\"attachment_2101\" class=\"wp-caption alignleft\" style=\"text-align: justify;\"><img loading=\"lazy\" decoding=\"async\" class=\"wp-image-2101\" src=\"https:\/\/despertarcoletivo.com\/wp-content\/uploads\/2016\/12\/tumblr_meqwxbDybS1royik2o1_500_large.gif\" alt=\"tumblr_meqwxbDybS1royik2o1_500_large\" width=\"264\" height=\"149\" \/><\/p>\n<p class=\"wp-caption-text\">Video: <a href=\"https:\/\/ryanwoodwardart.com\/my-works\/thought-of-you\/\">Thought of You<\/a><\/p>\n<\/div>\n<p style=\"text-align: justify;\"><strong>4. Intelig\u00eancia Corporal\/Cinest\u00e9tica:<\/strong><\/p>\n<p style=\"text-align: justify;\">\u00c9 a habilidade de controlar e orquestrar movimentos do corpo. \u00c9 predominante entre atores e aqueles que praticam a dan\u00e7a ou os esportes. A capacidade de usar todo o seu corpo ou parte do seu corpo para resolver um problema, fazer algo, ou usa-lo para produzir algo.<br \/>\nOs exemplos mais evidentes s\u00e3o os atletas ou as pessoas que trabalham com artes c\u00eanicas, particularmente dan\u00e7a e atua\u00e7\u00e3o.<\/p>\n<p style=\"text-align: justify;\"><strong>5. Intelig\u00eancia Espacial:<\/strong><\/p>\n<p style=\"text-align: justify;\"><img loading=\"lazy\" decoding=\"async\" class=\"wp-image-2102 alignright\" src=\"https:\/\/despertarcoletivo.com\/wp-content\/uploads\/2016\/12\/tumblr_m65fy0nWWd1r3v67fo1_500.jpg\" sizes=\"(max-width: 217px) 100vw, 217px\" srcset=\"https:\/\/despertarcoletivo.com\/wp-content\/uploads\/2016\/12\/tumblr_m65fy0nWWd1r3v67fo1_500.jpg 500w, https:\/\/despertarcoletivo.com\/wp-content\/uploads\/2016\/12\/tumblr_m65fy0nWWd1r3v67fo1_500-150x150.jpg 150w\" alt=\"tumblr_m65fy0nWWd1r3v67fo1_500\" width=\"217\" height=\"217\" \/>A habilidade na interpreta\u00e7\u00e3o e reconhecimento de fen\u00f4menos que envolvem movimentos e posicionamento de objetos. Tamb\u00e9m \u00e9 a habilidade de representar o mundo espacial internamente em sua mente. Intelig\u00eancia espacial pode ser utilizado nas artes ou nas ci\u00eancias.<br \/>\nUm jogador de futebol habilidoso possui esta intelig\u00eancia, pois consegue facilmente observar, analisar e atuar com rela\u00e7\u00e3o ao movimento da bola. A forma como um marinheiro ou um piloto de avi\u00e3o navegam o grande mundo espacial, ou a forma como um jogador de xadrez ou escultor representa um mundo espacial mais circunscrito.<\/p>\n<p style=\"text-align: justify;\"><strong><br \/>\n<img loading=\"lazy\" decoding=\"async\" class=\"wp-image-2103 alignleft\" src=\"https:\/\/despertarcoletivo.com\/wp-content\/uploads\/2016\/12\/UM-com-a-natureza.-Desperte.jpg\" sizes=\"(max-width: 185px) 100vw, 185px\" srcset=\"https:\/\/despertarcoletivo.com\/wp-content\/uploads\/2016\/12\/UM-com-a-natureza.-Desperte.jpg 392w, https:\/\/despertarcoletivo.com\/wp-content\/uploads\/2016\/12\/UM-com-a-natureza.-Desperte-117x150.jpg 117w\" alt=\"UM com a natureza. Desperte!\" width=\"185\" height=\"237\" \/>6. Intelig\u00eancia Naturalista:<\/strong><\/p>\n<p style=\"text-align: justify;\">Traduz-se na sensibilidade para compreender e organizar os objetos, fen\u00f4menos e padr\u00f5es da natureza, como perceber as probabilidades clim\u00e1ticas, reconhecer e classificar plantas, animais, minerais, incluindo rochas e gram\u00edneas e toda a variedade de fauna, flora, meio-ambiente e seus componentes.<br \/>\nEssa habilidade era claramente de valor em nosso passado evolutivo como ca\u00e7adores, coletores e agricultores, que continua a ser uma caracter\u00edstica central em pap\u00e9is como bot\u00e2nicos, bi\u00f3logos, ge\u00f3logos mateiros, por exemplo. Pessoas com essa intelig\u00eancia agu\u00e7ada tem maior tend\u00eancia a se sentirem conectados com o meio ambiente.<\/p>\n<p style=\"text-align: justify;\"><strong>7. Intelig\u00eancia Intrapessoal:<\/strong><\/p>\n<p style=\"text-align: justify;\"><img loading=\"lazy\" decoding=\"async\" class=\"wp-image-2104 alignright\" src=\"https:\/\/despertarcoletivo.com\/wp-content\/uploads\/2016\/12\/tumblr_ltszmoP7cg1qmqls8o1_500.jpg\" sizes=\"(max-width: 147px) 100vw, 147px\" srcset=\"https:\/\/despertarcoletivo.com\/wp-content\/uploads\/2016\/12\/tumblr_ltszmoP7cg1qmqls8o1_500.jpg 450w, https:\/\/despertarcoletivo.com\/wp-content\/uploads\/2016\/12\/tumblr_ltszmoP7cg1qmqls8o1_500-117x150.jpg 117w\" alt=\"tumblr_ltszmoP7cg1qmqls8o1_500\" width=\"147\" height=\"188\" \/>Caracterizada pela capacidade de ter uma compreens\u00e3o de si mesmo, habilidade e interesse de saber quem voc\u00ea \u00e9, o que voc\u00ea pode fazer, o que voc\u00ea quer fazer, como voc\u00ea reage \u00e0s coisas, quais as coisas deve evitar, e quais as coisas que gravitamos em volta. Somos atra\u00eddos para as pessoas que t\u00eam uma boa compreens\u00e3o de si mesmas. Elas tendem a saber o que elas podem e n\u00e3o podem fazer, e saber para onde ir se precisarem de ajuda.<br \/>\nEst\u00e1 intelig\u00eancia \u00e9 mais desenvolvida em escritores, psicoterapeutas e conselheiros em geral.<\/p>\n<p style=\"text-align: justify;\"><strong><br \/>\n8. Intelig\u00eancia Interpessoal:<\/strong><\/p>\n<p style=\"text-align: justify;\"><img loading=\"lazy\" decoding=\"async\" class=\"wp-image-2107 alignleft\" src=\"https:\/\/despertarcoletivo.com\/wp-content\/uploads\/2016\/12\/tumblr_mavwsw50EC1qdtzovo1_500.jpg\" sizes=\"(max-width: 317px) 100vw, 317px\" srcset=\"https:\/\/despertarcoletivo.com\/wp-content\/uploads\/2016\/12\/tumblr_mavwsw50EC1qdtzovo1_500.jpg 446w, https:\/\/despertarcoletivo.com\/wp-content\/uploads\/2016\/12\/tumblr_mavwsw50EC1qdtzovo1_500-150x93.jpg 150w\" alt=\"tumblr_mavwsw50EC1qdtzovo1_500\" width=\"317\" height=\"196\" \/>Est\u00e1 forma de intelig\u00eancia \u00e9 geralmente, mas n\u00e3o necessariamente, acompanhada pela Intelig\u00eancia Intrapessoal.<br \/>\n\u00c9 expressa pela habilidade de entender as inten\u00e7\u00f5es, motiva\u00e7\u00f5es e desejos dos outros, \u00e9 a capacidade de compreender outras pessoas em geral. Pessoas com essa intelig\u00eancia agu\u00e7ada tem facilidade em estabelecer relacionamentos com outras pessoas, tamb\u00e9m conseguem facilmente identificar a personalidade das outras pessoas. Costumam ser \u00f3timos l\u00edderes e atuam com facilidade em trabalhos em equipe.<br \/>\n\u00c9 uma habilidade que todos n\u00f3s precisamos, mas encontra-se mais desenvolvida em pol\u00edticos, professores, m\u00e9dicos, vendedores, religiosos e espiritualistas em geral \u2013 qualquer um que lida com outras pessoas constantemente.<\/p>\n<p style=\"text-align: justify;\"><img loading=\"lazy\" decoding=\"async\" class=\"wp-image-2106 alignright\" src=\"https:\/\/despertarcoletivo.com\/wp-content\/uploads\/2016\/12\/A-Ilumina%C3%A7%C3%A3o-%C3%A9-um-processo-destrutivo.-N%C3%A3o-tem-rela%C3%A7%C3%A3o-com-se-tornar-feliz-ou-melhor.-Ilumina%C3%A7%C3%A3o-%C3%A9-a-desconstru%C3%A7%C3%A3o-da-mentira.....jpg\" sizes=\"(max-width: 254px) 100vw, 254px\" srcset=\"https:\/\/despertarcoletivo.com\/wp-content\/uploads\/2016\/12\/A-Ilumina\u00e7\u00e3o-\u00e9-um-processo-destrutivo.-N\u00e3o-tem-rela\u00e7\u00e3o-com-se-tornar-feliz-ou-melhor.-Ilumina\u00e7\u00e3o-\u00e9-a-desconstru\u00e7\u00e3o-da-mentira.....jpg 500w, https:\/\/despertarcoletivo.com\/wp-content\/uploads\/2016\/12\/A-Ilumina\u00e7\u00e3o-\u00e9-um-processo-destrutivo.-N\u00e3o-tem-rela\u00e7\u00e3o-com-se-tornar-feliz-ou-melhor.-Ilumina\u00e7\u00e3o-\u00e9-a-desconstru\u00e7\u00e3o-da-mentira....-150x125.jpg 150w\" alt=\"A Ilumina\u00e7\u00e3o \u00e9 um processo destrutivo. N\u00e3o tem rela\u00e7\u00e3o com se tornar feliz ou melhor. Ilumina\u00e7\u00e3o \u00e9 a desconstru\u00e7\u00e3o da mentira....\" width=\"254\" height=\"212\" \/><strong>9. Intelig\u00eancia Existencial:<\/strong><\/p>\n<p style=\"text-align: justify;\">A capacidade e propens\u00e3o de representar, e ponderar perguntas sobre a vida e morte, os fundamentos da percep\u00e7\u00e3o da realidade e o funcionamento da exist\u00eancia em si, assim como o seu sentido.<br \/>\n\u00c9 a caracter\u00edstica de l\u00edderes espirituais e de pensadores filos\u00f3ficos.<br \/>\nEssa \u00e9 a unica intelig\u00eancia que ainda n\u00e3o \u00e9 totalmente aceita entre o meio acad\u00eamico.<\/p>\n<p style=\"text-align: justify;\">\n<p style=\"text-align: justify;\">Na \u00e9poca, a teoria foi recebida com rea\u00e7\u00f5es mistas pela comunidade acad\u00eamica. Muitos psic\u00f3logos consideraram que \u00e9 conceito de intelig\u00eancia que \u201cn\u00e3o \u00e9 suportado pela prova emp\u00edrica\u201d, mas muitos educadores apoiaram o valor pr\u00e1tico das abordagens sugeridas pela teoria. E na minha opini\u00e3o, esses conceitos s\u00e3o muito importantes para mostrar que podemos ser bom em algo, e n\u00e3o t\u00e3o bons em outra coisa, mas <strong>todos n\u00f3s somos capazes em coisas diferentes, <\/strong>e assim nos completamos coletivamente.<\/p>\n<p style=\"text-align: justify;\"><img loading=\"lazy\" decoding=\"async\" class=\"aligncenter wp-image-2108\" src=\"https:\/\/despertarcoletivo.com\/wp-content\/uploads\/2016\/12\/13700075_1090050861059570_4926484472039322182_n-642x600.jpg\" sizes=\"(max-width: 645px) 100vw, 645px\" srcset=\"https:\/\/despertarcoletivo.com\/wp-content\/uploads\/2016\/12\/13700075_1090050861059570_4926484472039322182_n-642x600.jpg 642w, https:\/\/despertarcoletivo.com\/wp-content\/uploads\/2016\/12\/13700075_1090050861059570_4926484472039322182_n-768x718.jpg 768w, https:\/\/despertarcoletivo.com\/wp-content\/uploads\/2016\/12\/13700075_1090050861059570_4926484472039322182_n-150x140.jpg 150w, https:\/\/despertarcoletivo.com\/wp-content\/uploads\/2016\/12\/13700075_1090050861059570_4926484472039322182_n.jpg 800w\" alt=\"13700075_1090050861059570_4926484472039322182_n\" width=\"645\" height=\"603\" \/><\/p>\n<p style=\"text-align: justify;\">\n<p>Fonte: <a href=\"https:\/\/despertarcoletivo.com\/os-tipos-de-inteligencia\/\">https:\/\/despertarcoletivo.com\/<\/a><\/p>\n","protected":false},"excerpt":{"rendered":"<p>A Teoria das Intelig\u00eancias M\u00faltiplas foi desenvolvida pelo psic\u00f3logo norte-americano Howard Gardner, publicada originalmente em 1983, revolucionou a psicologia e a educa\u00e7\u00e3o, oferecendo uma concep\u00e7\u00e3o mais dimensional da intelig\u00eancia. Mais abrangente do que as medidas estreitas de testes padronizados tradicionais h\u00e1 muito aplicado. Gardner afirmou que o conceito de intelig\u00eancia, como tradicionalmente definido em psicometria [&hellip;]<\/p>\n","protected":false},"author":3,"featured_media":3522,"comment_status":"open","ping_status":"open","sticky":false,"template":"","format":"standard","meta":{"footnotes":""},"categories":[337],"tags":[],"blocksy_meta":"","_links":{"self":[{"href":"https:\/\/www.clinicadehipnoseenutricao.com\/blog\/wp-json\/wp\/v2\/posts\/3521"}],"collection":[{"href":"https:\/\/www.clinicadehipnoseenutricao.com\/blog\/wp-json\/wp\/v2\/posts"}],"about":[{"href":"https:\/\/www.clinicadehipnoseenutricao.com\/blog\/wp-json\/wp\/v2\/types\/post"}],"author":[{"embeddable":true,"href":"https:\/\/www.clinicadehipnoseenutricao.com\/blog\/wp-json\/wp\/v2\/users\/3"}],"replies":[{"embeddable":true,"href":"https:\/\/www.clinicadehipnoseenutricao.com\/blog\/wp-json\/wp\/v2\/comments?post=3521"}],"version-history":[{"count":0,"href":"https:\/\/www.clinicadehipnoseenutricao.com\/blog\/wp-json\/wp\/v2\/posts\/3521\/revisions"}],"wp:featuredmedia":[{"embeddable":true,"href":"https:\/\/www.clinicadehipnoseenutricao.com\/blog\/wp-json\/wp\/v2\/media\/3522"}],"wp:attachment":[{"href":"https:\/\/www.clinicadehipnoseenutricao.com\/blog\/wp-json\/wp\/v2\/media?parent=3521"}],"wp:term":[{"taxonomy":"category","embeddable":true,"href":"https:\/\/www.clinicadehipnoseenutricao.com\/blog\/wp-json\/wp\/v2\/categories?post=3521"},{"taxonomy":"post_tag","embeddable":true,"href":"https:\/\/www.clinicadehipnoseenutricao.com\/blog\/wp-json\/wp\/v2\/tags?post=3521"}],"curies":[{"name":"wp","href":"https:\/\/api.w.org\/{rel}","templated":true}]}}