{"id":3534,"date":"2016-12-18T14:52:43","date_gmt":"2016-12-18T16:52:43","guid":{"rendered":"https:\/\/www.ericpereira.eu\/blog\/?p=3534"},"modified":"2016-12-18T14:52:43","modified_gmt":"2016-12-18T16:52:43","slug":"saiba-qual-e-a-regiao-do-cerebro-responsavel-pela-depressao","status":"publish","type":"post","link":"https:\/\/www.clinicadehipnoseenutricao.com\/blog\/saiba-qual-e-a-regiao-do-cerebro-responsavel-pela-depressao\/","title":{"rendered":"Saiba qual \u00e9 a regi\u00e3o do c\u00e9rebro respons\u00e1vel pela depress\u00e3o"},"content":{"rendered":"<p style=\"text-align: justify;\">Um problema de conex\u00e3o entre a \u00e1rea respons\u00e1vel pela mem\u00f3ria e a \u00e1rea que processa fatos positivos parece estar na raiz do problema<\/p>\n<p style=\"text-align: justify;\">A depress\u00e3o atinge algo entre 15% e 20% da popula\u00e7\u00e3o mundial, mas seu diagn\u00f3stico, como o de muitas outras doen\u00e7as ps\u00edquicas, sofre de um grande estigma social. Longe de ser um simples estado de humor, a depress\u00e3o \u00e9 causada por uma complicada combina\u00e7\u00e3o de fatores biol\u00f3gicos e psicol\u00f3gicos que est\u00e3o sendo lentamente revelados pela ci\u00eancia.<\/p>\n<p style=\"text-align: justify;\"><img fetchpriority=\"high\" decoding=\"async\" class=\" wp-image-3535 alignleft\" src=\"https:\/\/www.ericpereira.eu\/blog\/wp-content\/uploads\/2016\/12\/cerebro-religiao.jpg\" alt=\"cerebro-religiao\" width=\"392\" height=\"221\" srcset=\"https:\/\/www.clinicadehipnoseenutricao.com\/blog\/wp-content\/uploads\/2016\/12\/cerebro-religiao.jpg 1280w, https:\/\/www.clinicadehipnoseenutricao.com\/blog\/wp-content\/uploads\/2016\/12\/cerebro-religiao-150x84.jpg 150w, https:\/\/www.clinicadehipnoseenutricao.com\/blog\/wp-content\/uploads\/2016\/12\/cerebro-religiao-450x253.jpg 450w, https:\/\/www.clinicadehipnoseenutricao.com\/blog\/wp-content\/uploads\/2016\/12\/cerebro-religiao-1200x675.jpg 1200w, https:\/\/www.clinicadehipnoseenutricao.com\/blog\/wp-content\/uploads\/2016\/12\/cerebro-religiao-768x432.jpg 768w\" sizes=\"(max-width: 392px) 100vw, 392px\" \/>Em busca de uma regi\u00e3o espec\u00edfica do c\u00e9rebro a que pudesse ser atribu\u00edda a doen\u00e7a, uma equipe de pesquisadores de v\u00e1rias universidades do mundo analisou com m\u00e1quinas de resson\u00e2ncia magn\u00e9tica o c\u00e9rebro de 909 chineses, 421 dos quais eram depressivos diagnosticados \u2014 os restantes, saud\u00e1veis, serviram de par\u00e2metro. Os resultados foram publicados no peri\u00f3dico Brain, da editora de Oxford, na Inglaterra.<\/p>\n<p style=\"text-align: justify;\">As an\u00e1lises acusaram altera\u00e7\u00f5es na atividade de duas regi\u00f5es do c\u00e9rebro dos doentes: o c\u00f3rtex \u00f3rbito-frontal (OFC) medial e o lateral. N\u00e3o \u00e9 uma coincid\u00eancia. O OFC medial \u00e9 respons\u00e1vel, entre outras coisas, pelo tipo de alegria que sentimos quando algo bom, como ganhar um presente, acontece. O OFC lateral, por sua vez, processa nossas rea\u00e7\u00f5es a eventos negativos.<\/p>\n<p style=\"text-align: justify;\">Os dois OFCs est\u00e3o conectados ao hipocampo, a sede de nossa mem\u00f3ria. A l\u00f3gica, agora, \u00e9 simples: se o OFC \u201cdo bem\u201d estiver com as conex\u00f5es em dia, voc\u00ea ir\u00e1 lembrar de fatos positivos com muita facilidade. Em depressivos, ao que tudo indica, o oposto acontece. O OFC \u201cdo mal\u201d toma conta e faz as mem\u00f3rias negativas predominarem no c\u00e9rebro.<\/p>\n<p style=\"text-align: justify;\">Os cientistas tamb\u00e9m compararam o c\u00e9rebro de depressivos que j\u00e1 estavam tomando rem\u00e9dios com os que ainda n\u00e3o haviam sido medicados, e descobriram que os f\u00e1rmacos ajudam porque atuam enfraquecendo as conex\u00f5es do OFC lateral com a mem\u00f3ria \u2014 ou seja, contendo parte da inunda\u00e7\u00e3o de sentimentos ruins.<\/p>\n<p style=\"text-align: justify;\">Mapear a origem exata da depress\u00e3o no corpo \u00e9 um passo inestim\u00e1vel para melhorar a vida de quem sofre do problema. Hoje, o tratamento \u00e9 um tiro no escuro, e cerca de 50% das prescri\u00e7\u00f5es de rem\u00e9dios n\u00e3o acertam o alvo de primeira. Um \u201cenviado especial\u201d \u00e0 regi\u00e3o certa do c\u00e9rebro poderia resolver o problema muito mais r\u00e1pido \u2014 e, de quebra, desconstruir a ideia de que a doen\u00e7a \u00e9 um mero capricho sentimental.<\/p>\n","protected":false},"excerpt":{"rendered":"<p>Um problema de conex\u00e3o entre a \u00e1rea respons\u00e1vel pela mem\u00f3ria e a \u00e1rea que processa fatos positivos parece estar na raiz do problema A depress\u00e3o atinge algo entre 15% e 20% da popula\u00e7\u00e3o mundial, mas seu diagn\u00f3stico, como o de muitas outras doen\u00e7as ps\u00edquicas, sofre de um grande estigma social. Longe de ser um simples [&hellip;]<\/p>\n","protected":false},"author":3,"featured_media":3536,"comment_status":"open","ping_status":"open","sticky":false,"template":"","format":"standard","meta":{"footnotes":""},"categories":[337],"tags":[],"blocksy_meta":"","_links":{"self":[{"href":"https:\/\/www.clinicadehipnoseenutricao.com\/blog\/wp-json\/wp\/v2\/posts\/3534"}],"collection":[{"href":"https:\/\/www.clinicadehipnoseenutricao.com\/blog\/wp-json\/wp\/v2\/posts"}],"about":[{"href":"https:\/\/www.clinicadehipnoseenutricao.com\/blog\/wp-json\/wp\/v2\/types\/post"}],"author":[{"embeddable":true,"href":"https:\/\/www.clinicadehipnoseenutricao.com\/blog\/wp-json\/wp\/v2\/users\/3"}],"replies":[{"embeddable":true,"href":"https:\/\/www.clinicadehipnoseenutricao.com\/blog\/wp-json\/wp\/v2\/comments?post=3534"}],"version-history":[{"count":0,"href":"https:\/\/www.clinicadehipnoseenutricao.com\/blog\/wp-json\/wp\/v2\/posts\/3534\/revisions"}],"wp:featuredmedia":[{"embeddable":true,"href":"https:\/\/www.clinicadehipnoseenutricao.com\/blog\/wp-json\/wp\/v2\/media\/3536"}],"wp:attachment":[{"href":"https:\/\/www.clinicadehipnoseenutricao.com\/blog\/wp-json\/wp\/v2\/media?parent=3534"}],"wp:term":[{"taxonomy":"category","embeddable":true,"href":"https:\/\/www.clinicadehipnoseenutricao.com\/blog\/wp-json\/wp\/v2\/categories?post=3534"},{"taxonomy":"post_tag","embeddable":true,"href":"https:\/\/www.clinicadehipnoseenutricao.com\/blog\/wp-json\/wp\/v2\/tags?post=3534"}],"curies":[{"name":"wp","href":"https:\/\/api.w.org\/{rel}","templated":true}]}}