{"id":3711,"date":"2017-01-12T14:27:53","date_gmt":"2017-01-12T16:27:53","guid":{"rendered":"https:\/\/www.ericpereira.eu\/blog\/?p=3711"},"modified":"2017-01-12T14:27:53","modified_gmt":"2017-01-12T16:27:53","slug":"nao-tenho-tempo","status":"publish","type":"post","link":"https:\/\/www.clinicadehipnoseenutricao.com\/blog\/nao-tenho-tempo\/","title":{"rendered":"N\u00e3o tenho tempo!"},"content":{"rendered":"<p style=\"text-align: justify;\">Contribui\u00e7\u00e3o|Pense Bem|Apenas mais uma Reflex\u00e3o|Eric Pereira|<\/p>\n<p style=\"text-align: justify;\">Eu sei que j\u00e1 falei sobre a gest\u00e3o de tempo em lives, palestras e provavelmente inseri este tema em algumas destas contribui\u00e7\u00f5es di\u00e1rias, mas por ser um assunto t\u00e3o atual e sempre rico. Falar dele de formas diferentes sempre \u00e9 v\u00e1lido e pode ajudar de alguma maneira a avaliar suas escolhas.<\/p>\n<p style=\"text-align: justify;\">Diariamente as pessoas dizem n\u00e3o ter tempo para ler minhas contribui\u00e7\u00f5es e sei porque pergunto a amigos que dizem: \u201cDesculpa! Esta semana est\u00e1 mesmo corrida, mas eu curti l\u00e1!\u201d (Este \u00e9 um daqueles raros momentos que tenho vontade de rir alto na cara da pessoa), pois me sinto um mendigo de m\u00e3os estendidas, implorando um like, um cora\u00e7\u00e3o ou um obrigado simples vindo de algu\u00e9m que apenas sentiu obriga\u00e7\u00e3o de um gesto, mas nunca leu nenhuma linha, pois seu tempo \u00e9 pouco.<\/p>\n<p style=\"text-align: justify;\">N\u00e3o tem tempo para ler uma contribui\u00e7\u00e3o, nem para ler um livro, nem para brincar com seu filho, nem para dizer eu te amo, nem para tirar umas f\u00e9rias. Este \u201cser\u201d que infelizmente foi amaldi\u00e7oado pelo Deus do tempo e recebeu apenas algumas horas por dia, enquanto todos n\u00f3s recebemos 24 horas, ainda me diz que colocou um gosto no que eu escrevi. Imagino que deve ter visto a contribui\u00e7\u00e3o em um daqueles raros momentos que estava ele navegando pelas redes sociais em segundos, pois n\u00e3o tem tempo e aproveitou para colocar um \u201coi\u201d aqui e outro ali.<\/p>\n<p style=\"text-align: justify;\">N\u00e3o ter tempo j\u00e1 foi uma desculpa v\u00e1lida, mas penso mesmo que muitos seres como este sem tempo, no fundo n\u00e3o est\u00e3o preparados para certas transforma\u00e7\u00f5es. Talvez at\u00e9 sabem l\u00e1 no fundinho de suas almas que se aprenderem, talvez e s\u00f3 talvez, possam at\u00e9 desejar em algum momento seguir por outros caminhos. E quem sabe estes \u201coutros\u201d caminhos at\u00e9 exijam MESMO ter que abandonar suas zonas de conforto e isso daria um trabalho que s\u00f3 de pensar \u00e9 melhor deixar para outro dia.<\/p>\n<p style=\"text-align: justify;\">Um dia ouvi um coment\u00e1rio daqueles que nos fazem sorrir suavemente, levantar uma das sobrancelhas e pensar: \u201c\u00c9 isso!\u201d E ele dizia que quando tiver uma tarefa importante para ser feita, entregue nas m\u00e3os de algu\u00e9m que \u00e9 realmente ocupado e n\u00e3o estamos falando aqui do \u201cfalso ocupado\u201d, mas de pessoas mesmo ocupadas, pois elas sempre t\u00eam tempo para (realizar) e s\u00e3o elas que fazem o mundo acontecer&#8230;<\/p>\n<p style=\"text-align: justify;\">Os \u201csem tempo\u201d, muitas vezes repetem isso dezenas de vezes e v\u00e3o continuar sem tempo, pois est\u00e3o muito ocupados ficando cada vez mais sem tempo, penso eu rsss&#8230;<\/p>\n<p style=\"text-align: justify;\">Desejo que voc\u00ea tenha tempo para continuar aqui lendo diariamente cada contribui\u00e7\u00e3o, assistindo \u00e0s lives, lendo bons livros, cuidando de sua vida, tendo \u00f3timas conviv\u00eancias familiares, indo ao cinema, beijando muito na boca, trabalhando, se divertindo e fazendo TUDOOO que desejar&#8230; E que quanto mais tempo tiver, mais tempo tenha e que seja simples assim.<\/p>\n<p style=\"text-align: justify;\">\u00d3tima Quinta e lembre-se que \u00e0s 21h temos Live!!!<\/p>\n<p style=\"text-align: justify;\">Nos encontramos por l\u00e1.<\/p>\n","protected":false},"excerpt":{"rendered":"<p>Contribui\u00e7\u00e3o|Pense Bem|Apenas mais uma Reflex\u00e3o|Eric Pereira| Eu sei que j\u00e1 falei sobre a gest\u00e3o de tempo em lives, palestras e provavelmente inseri este tema em algumas destas contribui\u00e7\u00f5es di\u00e1rias, mas por ser um assunto t\u00e3o atual e sempre rico. Falar dele de formas diferentes sempre \u00e9 v\u00e1lido e pode ajudar de alguma maneira a avaliar [&hellip;]<\/p>\n","protected":false},"author":3,"featured_media":3712,"comment_status":"open","ping_status":"open","sticky":false,"template":"","format":"standard","meta":{"footnotes":""},"categories":[336],"tags":[],"blocksy_meta":"","_links":{"self":[{"href":"https:\/\/www.clinicadehipnoseenutricao.com\/blog\/wp-json\/wp\/v2\/posts\/3711"}],"collection":[{"href":"https:\/\/www.clinicadehipnoseenutricao.com\/blog\/wp-json\/wp\/v2\/posts"}],"about":[{"href":"https:\/\/www.clinicadehipnoseenutricao.com\/blog\/wp-json\/wp\/v2\/types\/post"}],"author":[{"embeddable":true,"href":"https:\/\/www.clinicadehipnoseenutricao.com\/blog\/wp-json\/wp\/v2\/users\/3"}],"replies":[{"embeddable":true,"href":"https:\/\/www.clinicadehipnoseenutricao.com\/blog\/wp-json\/wp\/v2\/comments?post=3711"}],"version-history":[{"count":0,"href":"https:\/\/www.clinicadehipnoseenutricao.com\/blog\/wp-json\/wp\/v2\/posts\/3711\/revisions"}],"wp:featuredmedia":[{"embeddable":true,"href":"https:\/\/www.clinicadehipnoseenutricao.com\/blog\/wp-json\/wp\/v2\/media\/3712"}],"wp:attachment":[{"href":"https:\/\/www.clinicadehipnoseenutricao.com\/blog\/wp-json\/wp\/v2\/media?parent=3711"}],"wp:term":[{"taxonomy":"category","embeddable":true,"href":"https:\/\/www.clinicadehipnoseenutricao.com\/blog\/wp-json\/wp\/v2\/categories?post=3711"},{"taxonomy":"post_tag","embeddable":true,"href":"https:\/\/www.clinicadehipnoseenutricao.com\/blog\/wp-json\/wp\/v2\/tags?post=3711"}],"curies":[{"name":"wp","href":"https:\/\/api.w.org\/{rel}","templated":true}]}}