{"id":3746,"date":"2017-01-16T23:17:24","date_gmt":"2017-01-17T01:17:24","guid":{"rendered":"https:\/\/www.ericpereira.eu\/blog\/?p=3746"},"modified":"2017-01-16T23:17:24","modified_gmt":"2017-01-17T01:17:24","slug":"chuva-de-emocoes","status":"publish","type":"post","link":"https:\/\/www.clinicadehipnoseenutricao.com\/blog\/chuva-de-emocoes\/","title":{"rendered":"Chuva de Emo\u00e7\u00f5es"},"content":{"rendered":"<p style=\"text-align: justify;\">Contribui\u00e7\u00e3o|Pense Bem|Apenas mais uma Reflex\u00e3o|Eric Pereira|<\/p>\n<p>Sabe aquele dia que acordamos e est\u00e1 chovendo, depois no meio do dia est\u00e1 sol e no final do dia frio? Aquele que chamamos de dia inst\u00e1vel e at\u00e9 nos irritamos por sair de casa com guarda-chuva, toca, luva e depois ter que carregar tudo isso debaixo do bra\u00e7o?<\/p>\n<p>Ent\u00e3o, a chuva de emo\u00e7\u00f5es \u00e9 id\u00eantica! E tem pessoas que s\u00e3o bem assim&#8230; Acordam completamente chuvosas e irritadas, depois brilham e sorriem, d\u00e3o gargalhadas e logo mais ficam em sil\u00eancio sem falar com ningu\u00e9m e qualquer motivo \u00e9 motivo para explodir&#8230;<\/p>\n<p>Agora, fico curioso como estas pessoas gerem tudo isso? Onde guardam seus casacos e guarda-chuvas e tudo mais? Rs&#8230;<\/p>\n<p>Da mesma maneira que esta mudan\u00e7a de \u201cclima\u201d externo, nos irrita e causa um certo desconforto, imagina quando trata-se de nossas emo\u00e7\u00f5es \u201cinternas\u201d e quando elas se manifestam assim inst\u00e1veis e se transformando em tempestade?<\/p>\n<p>Sei que n\u00e3o \u00e9 nada f\u00e1cil, pois quando a minha primeira empresa deu errado, por falta de planejamento e tamb\u00e9m pelo tamanho exagerado do meu Ego (Na \u00e9poca), vivi esta explos\u00e3o de emo\u00e7\u00f5es. Muitas vezes chorava e sorria na mesma hora ou elogiava e brigava na mesma frase e cheguei ao ponto de pensar em tirar a vida.<\/p>\n<p>O que foi isso? Um desequil\u00edbrio completo do mais alto n\u00edvel.<br \/>\nMas como faz muitos e muitos anos e ainda era inexperiente e muito jovem, hoje entendo que naquela \u00e9poca os meus recursos internos eram outros, as minhas influ\u00eancias externas eram diferentes e nem dava aten\u00e7\u00e3o para palavras como \u201cinten\u00e7\u00e3o\u201d, \u201cfoco\u201d e \u201cequipa\u201d. S\u00f3 depois de conhecer bem de perto o inferno pude compreender a diferen\u00e7a entre ele e o c\u00e9u.<\/p>\n<p>Nos dias atuais tamb\u00e9m sou grato por todas as maneiras que fiz o que fiz \u201ce\u201d como fiz, pois todas estas pe\u00e7as hoje me ajudam a construir melhor o meu quadro geral e a de centenas de outras pessoas, mas de tudo isso, apenas sinto ter magoado algumas pessoas, mas foram experi\u00eancias&#8230; Algumas desafiadoras e outras que ficaram marcadas na minha alma, impressas como uma tatuagem.<\/p>\n<p>Tamb\u00e9m tive a oportunidade de avaliar a tempestade de outras milhares de pessoas e mesmo n\u00e3o fazendo parte do filme, n\u00e3o entrando profundamente em suas vidas, consegui perceber melhor suas dores. Na maioria dos casos consegui transformar e evitar que tais tempestades, se tornassem MESMO um furac\u00e3o capaz de destruir uma fam\u00edlia inteira e tudo que estivesse por perto. Tamb\u00e9m consegui com estas experi\u00eancias descobrir que algumas chuvas demoram para passar, mas podemos nos adaptar, aprender a viver com o barulho da \u00e1gua e quem sabe at\u00e9 dan\u00e7ar e se molhar at\u00e9 o sol chegar.<\/p>\n<p>Eu n\u00e3o sei se est\u00e1 no sol, na chuva ou em meio de uma tempestade, mas esteja onde estiver, apenas lembre-se que o melhor \u00e9 relaxar&#8230; e neste momento m\u00e1gico de respirar, sentir, e mergulhar, desacelere e preste aten\u00e7\u00e3o para n\u00e3o deixar tudo virar uma forte chuva de emo\u00e7\u00f5es ou mesmo um destes famosos furac\u00f5es que j\u00e1 ouvimos falar&#8230;<\/p>\n<p>O meio termo, o equil\u00edbrio \u00e9 sempre a melhor op\u00e7\u00e3o e sabe como conseguir tal estado? Um dia ap\u00f3s o outro&#8230; Prestando aten\u00e7\u00e3o, respirando mais, reclamando menos, observando tudo e principalmente cuidando da \u201cnossa\u201d vida e deixando o jardim do vizinho para ele cuidar&#8230;rs<\/p>\n<p>Emo\u00e7\u00f5es temos todos e ainda bem por isso, mas aprender a us\u00e1-las, sem excessos ou priva\u00e7\u00f5es \u00e9 uma tarefa desafiadora para alguns e j\u00e1 vivida por outros.<\/p>\n<p>Preste aten\u00e7\u00e3o nas sensa\u00e7\u00f5es que invadem o seu corpo, nos pensamentos que invadem a sua mente&#8230; Permita-se&#8230; \u00e9 a palavra para encerrar esta contribui\u00e7\u00e3o! P.e.r.m.i.t.a-s.e&#8230;<\/p>\n","protected":false},"excerpt":{"rendered":"<p>Contribui\u00e7\u00e3o|Pense Bem|Apenas mais uma Reflex\u00e3o|Eric Pereira| Sabe aquele dia que acordamos e est\u00e1 chovendo, depois no meio do dia est\u00e1 sol e no final do dia frio? Aquele que chamamos de dia inst\u00e1vel e at\u00e9 nos irritamos por sair de casa com guarda-chuva, toca, luva e depois ter que carregar tudo isso debaixo do bra\u00e7o? [&hellip;]<\/p>\n","protected":false},"author":3,"featured_media":3747,"comment_status":"open","ping_status":"open","sticky":false,"template":"","format":"standard","meta":{"footnotes":""},"categories":[336],"tags":[],"blocksy_meta":"","_links":{"self":[{"href":"https:\/\/www.clinicadehipnoseenutricao.com\/blog\/wp-json\/wp\/v2\/posts\/3746"}],"collection":[{"href":"https:\/\/www.clinicadehipnoseenutricao.com\/blog\/wp-json\/wp\/v2\/posts"}],"about":[{"href":"https:\/\/www.clinicadehipnoseenutricao.com\/blog\/wp-json\/wp\/v2\/types\/post"}],"author":[{"embeddable":true,"href":"https:\/\/www.clinicadehipnoseenutricao.com\/blog\/wp-json\/wp\/v2\/users\/3"}],"replies":[{"embeddable":true,"href":"https:\/\/www.clinicadehipnoseenutricao.com\/blog\/wp-json\/wp\/v2\/comments?post=3746"}],"version-history":[{"count":0,"href":"https:\/\/www.clinicadehipnoseenutricao.com\/blog\/wp-json\/wp\/v2\/posts\/3746\/revisions"}],"wp:featuredmedia":[{"embeddable":true,"href":"https:\/\/www.clinicadehipnoseenutricao.com\/blog\/wp-json\/wp\/v2\/media\/3747"}],"wp:attachment":[{"href":"https:\/\/www.clinicadehipnoseenutricao.com\/blog\/wp-json\/wp\/v2\/media?parent=3746"}],"wp:term":[{"taxonomy":"category","embeddable":true,"href":"https:\/\/www.clinicadehipnoseenutricao.com\/blog\/wp-json\/wp\/v2\/categories?post=3746"},{"taxonomy":"post_tag","embeddable":true,"href":"https:\/\/www.clinicadehipnoseenutricao.com\/blog\/wp-json\/wp\/v2\/tags?post=3746"}],"curies":[{"name":"wp","href":"https:\/\/api.w.org\/{rel}","templated":true}]}}