{"id":3749,"date":"2017-01-16T23:21:05","date_gmt":"2017-01-17T01:21:05","guid":{"rendered":"https:\/\/www.ericpereira.eu\/blog\/?p=3749"},"modified":"2017-01-16T23:21:05","modified_gmt":"2017-01-17T01:21:05","slug":"porque-hoje-e-segunda-feira","status":"publish","type":"post","link":"https:\/\/www.clinicadehipnoseenutricao.com\/blog\/porque-hoje-e-segunda-feira\/","title":{"rendered":"Porque hoje \u00e9 segunda-feira"},"content":{"rendered":"<p style=\"text-align: justify;\">Contribui\u00e7\u00e3o|Pense Bem|Apenas mais uma Reflex\u00e3o|Eric Pereira|<\/p>\n<p>Hoje \u00e9 um daqueles dias que podemos dizer assim: \u201cUauu! Hoje ser\u00e1 um grande dia!\u201d e tudo isso porque \u00e9 segunda-feira e costumo estar muito motivado \u00e0s segundas-feiras. Tenho tantos motivos para isso, um deles \u00e9 porque \u00e9 inicio da semana e criei uma cren\u00e7a que \u00e9 o dia do \u201cpontap\u00e9\u201d inicial e se chutar forte a bola (Minha energia), ela vai longe e dura todaaaaaaa a semana e pensando assim, vou fazendo acontecer.<\/p>\n<p>Outro motivo delicioso \u00e9 que um dia antes foi domingo, o dia que normalmente descanso, vou ao cinema ou fico em cada lendo ou vendo um bom filme. Meus domingos normalmente s\u00e3o para recarregar as baterias e quando tenho eventos aos domingos, elego outro dia como o de \u201ccarregar as baterias\u201d e est\u00e1 tudo certo, me adapto muito bem a tudo isso.<\/p>\n<p>Mas na contribui\u00e7\u00e3o de hoje, tudo que desejo \u00e9 mostrar que os motivos s\u00e3o importantes, pois de certa forma eles d\u00e3o significado a a\u00e7\u00e3o, as nossas atitudes e isso muda tudo. J\u00e1 pensou desta maneira?<\/p>\n<p>Porque \u00e9 que hoje ser\u00e1 um grande e maravilhoso dia? Porque hoje \u00e9 segunda-feira e pensar assim me da motivos suficientes para viver um dia incr\u00edvel. Para mim, segunda-feira est\u00e1 ligada \u00e0s cren\u00e7as que tenho em rela\u00e7\u00e3o a estar com as baterias carregas, com ser in\u00edcio da semana e principalmente porque desde muito novo sempre amei as segundas. Cresci ouvindo pessoas reclamarem que j\u00e1 era segunda-feira e eu pensando, \u201cainda bem\u201d que \u00e9 segunda, pois as grandes oportunidades j\u00e1 est\u00e3o \u00e0 minha disposi\u00e7\u00e3o, porque o mundo j\u00e1 est\u00e1 girando novamente, porque eu decidi que n\u00e3o espero nada (Absolutamente nada) cair do c\u00e9u \u2013 Sempre que quero agora, vou em busca e atinjo sempre resultados extraordin\u00e1rios e talvez, s\u00f3 talvez, seja porque tenho fortes motivos para tudo que fa\u00e7o.<\/p>\n<p>#Simplesassim \u2013 E a minha contribui\u00e7\u00e3o e sugest\u00e3o \u00e9 que descubra quais s\u00e3o os seus motivos? Quais s\u00e3o os seus verdadeiros motivos para fazer hoje e fazer com excel\u00eancia? Se descobrir os verdadeiros motivos que movem sua alma, logo estar\u00e1 dan\u00e7ando em meio a adversidade, cantando enquanto as outras vozes reclamam, sorrindo em meio as l\u00e1grimas dos que est\u00e3o pr\u00f3ximos e quem sabe seu mergulho seja t\u00e3o intenso que seus motivos se tornem t\u00e3o grandes, t\u00e3o iluminados que contagiem a todos e a dan\u00e7a se torne uma dan\u00e7a sincronizada e todos que ama possam dar passos \u00fanicos em prol de algo que fa\u00e7a mais sentido do que ter ou ser&#8230;<\/p>\n<p>Estou feliz de estar aqui escrevendo e isso tudo, porque hoje \u00e9 segunda-feira.<\/p>\n","protected":false},"excerpt":{"rendered":"<p>Contribui\u00e7\u00e3o|Pense Bem|Apenas mais uma Reflex\u00e3o|Eric Pereira| Hoje \u00e9 um daqueles dias que podemos dizer assim: \u201cUauu! Hoje ser\u00e1 um grande dia!\u201d e tudo isso porque \u00e9 segunda-feira e costumo estar muito motivado \u00e0s segundas-feiras. Tenho tantos motivos para isso, um deles \u00e9 porque \u00e9 inicio da semana e criei uma cren\u00e7a que \u00e9 o dia [&hellip;]<\/p>\n","protected":false},"author":3,"featured_media":3750,"comment_status":"open","ping_status":"open","sticky":false,"template":"","format":"standard","meta":{"footnotes":""},"categories":[336],"tags":[],"blocksy_meta":"","_links":{"self":[{"href":"https:\/\/www.clinicadehipnoseenutricao.com\/blog\/wp-json\/wp\/v2\/posts\/3749"}],"collection":[{"href":"https:\/\/www.clinicadehipnoseenutricao.com\/blog\/wp-json\/wp\/v2\/posts"}],"about":[{"href":"https:\/\/www.clinicadehipnoseenutricao.com\/blog\/wp-json\/wp\/v2\/types\/post"}],"author":[{"embeddable":true,"href":"https:\/\/www.clinicadehipnoseenutricao.com\/blog\/wp-json\/wp\/v2\/users\/3"}],"replies":[{"embeddable":true,"href":"https:\/\/www.clinicadehipnoseenutricao.com\/blog\/wp-json\/wp\/v2\/comments?post=3749"}],"version-history":[{"count":0,"href":"https:\/\/www.clinicadehipnoseenutricao.com\/blog\/wp-json\/wp\/v2\/posts\/3749\/revisions"}],"wp:featuredmedia":[{"embeddable":true,"href":"https:\/\/www.clinicadehipnoseenutricao.com\/blog\/wp-json\/wp\/v2\/media\/3750"}],"wp:attachment":[{"href":"https:\/\/www.clinicadehipnoseenutricao.com\/blog\/wp-json\/wp\/v2\/media?parent=3749"}],"wp:term":[{"taxonomy":"category","embeddable":true,"href":"https:\/\/www.clinicadehipnoseenutricao.com\/blog\/wp-json\/wp\/v2\/categories?post=3749"},{"taxonomy":"post_tag","embeddable":true,"href":"https:\/\/www.clinicadehipnoseenutricao.com\/blog\/wp-json\/wp\/v2\/tags?post=3749"}],"curies":[{"name":"wp","href":"https:\/\/api.w.org\/{rel}","templated":true}]}}