{"id":3760,"date":"2017-01-20T13:49:46","date_gmt":"2017-01-20T15:49:46","guid":{"rendered":"https:\/\/www.ericpereira.eu\/blog\/?p=3760"},"modified":"2017-01-20T13:49:46","modified_gmt":"2017-01-20T15:49:46","slug":"ate-2020-a-depressao-sera-a-doenca-mais-incapacitante-do-mundo-diz-oms","status":"publish","type":"post","link":"https:\/\/www.clinicadehipnoseenutricao.com\/blog\/ate-2020-a-depressao-sera-a-doenca-mais-incapacitante-do-mundo-diz-oms\/","title":{"rendered":"At\u00e9 2020, a depress\u00e3o ser\u00e1 a doen\u00e7a mais incapacitante do mundo, diz OMS"},"content":{"rendered":"<p style=\"text-align: justify;\">Ela chega de mansinho, assim como quem n\u00e3o quer nada. Num dia, voc\u00ea acorda triste, desanimado. No outro, bate uma sensa\u00e7\u00e3o de vazio e uma vontade incontrol\u00e1vel de chorar, sem qualquer motivo aparente. A depress\u00e3o \u00e9 assim, um mal silencioso e ainda mal compreendido \u2013 at\u00e9 mesmo entre os pr\u00f3prios pacientes.<\/p>\n<p style=\"text-align: justify;\">Considerada um transtorno mental afetivo, ou uma doen\u00e7a psiqui\u00e1trica, a depress\u00e3o \u00e9 caracterizada pela tristeza constante e outros sintomas negativos que incapacitam o indiv\u00edduo para as atividades corriqueiras, como trabalhar, estudar, cuidar da fam\u00edlia e at\u00e9 passear.<\/p>\n<p style=\"text-align: justify;\">De acordo com OMS (Organiza\u00e7\u00e3o Mundial de Sa\u00fade), at\u00e9 2020 a depress\u00e3o ser\u00e1 a principal doen\u00e7a mais incapacitante em todo o mundo. Isso significa que quem sofre de depress\u00e3o tem a sua rotina virada do avesso. Ela deixa de produzir e tem a sua vida pessoal bastante prejudicada.<\/p>\n<p style=\"text-align: justify;\">Atualmente, mais de 120 milh\u00f5es de pessoas sofrem com a depress\u00e3o no mundo \u2013 estima-se que s\u00f3 no Brasil, s\u00e3o 17 milh\u00f5es. E cerca de 850 mil pessoas morrem, por ano, em decorr\u00eancia da doen\u00e7a.<\/p>\n<p style=\"text-align: justify;\">Descrita pela primeira vez no in\u00edcio do s\u00e9culo 20, a depress\u00e3o ainda hoje \u00e9 confundida com tristeza, sentimento comum a todas as pessoas em algum momento da vida. Brigar com o namorado, repetir o ano escolar e perder o emprego s\u00e3o motivos para deixar algu\u00e9m triste, cabisbaixo. Isso n\u00e3o significa, por\u00e9m, que o sujeito est\u00e1 com depress\u00e3o. Em alguns dias, ele, certamente, vai estar melhor.<\/p>\n<p style=\"text-align: justify;\">O desconhecimento real do funcionamento desse transtorno afetivo \u00e9 o principal respons\u00e1vel por um dos maiores problemas para quem sofre com a depress\u00e3o: o preconceito. Para Marcos Pacheco Ferraz, da Unifesp (Universidade Federal de S\u00e3o Paulo), ele ainda existe e prejudica muito o paciente.<\/p>\n<p style=\"text-align: justify;\">\u2013 Principalmente no ambiente de trabalho, onde h\u00e1 competi\u00e7\u00f5es e cobran\u00e7as por bom desempenho, \u00e9 comum as pessoas nem comentarem sobre a enfermidade. Nesses casos, o melhor \u00e9 tirar f\u00e9rias ou licen\u00e7a m\u00e9dica.<\/p>\n<p style=\"text-align: justify;\">E n\u00e3o \u00e9 s\u00f3 isso. A ignor\u00e2ncia em torno da doen\u00e7a faz com que familiares e amigos, na tentativa de ajudar, piorem ainda mais a condi\u00e7\u00e3o do depressivo.<\/p>\n<p style=\"text-align: justify;\">Frases como \u201ctenha um pouco de for\u00e7a de vontade\u201d, \u201cvamos passear no shopping que melhora\u201d, \u201cvoc\u00ea tem uma vida t\u00e3o boa, t\u00e1 com depress\u00e3o por que?\u201d e \u201cse ocupe com outras coisas que voc\u00ea n\u00e3o ter\u00e1 tempo de pensar em bobagens\u201d, funcionam como uma bomba na cabe\u00e7a de quem j\u00e1 se esfor\u00e7a, diariamente, para conseguir sair da cama.<\/p>\n<p style=\"text-align: justify;\">\u2013 Isso mostra que as pessoas n\u00e3o conhecem o transtorno. Achar que \u00e9 frescura ainda \u00e9 comum. Elas n\u00e3o imaginam que o paciente n\u00e3o consegue reagir. N\u00e3o depende de for\u00e7a de vontade.<\/p>\n<p style=\"text-align: justify;\">A designer C.N., 35 anos, que passou por uma depress\u00e3o severa h\u00e1 alguns anos, sabe bem o que \u00e9 isso. Mesmo trabalhando em um ambiente com pessoas bastante esclarecidas, ela cansou de ouvir esse tipo de coment\u00e1rio. E os efeitos eram devastadores. Ela conta que \u201cat\u00e9 cr\u00edticas sobre o meu m\u00e9dico eu ouvi. Uma colega disse que ele n\u00e3o devia ser bom, pois depois de um m\u00eas de tratamento eu j\u00e1 deveria estar curada.\u201d<\/p>\n<p style=\"text-align: justify;\">\u2013 \u00c9 incr\u00edvel o poder que algumas palavras tem sobre o doente. A primeira coisa que as pessoas perguntavam era o motivo da minha depress\u00e3o, pois eu tinha uma vida t\u00e3o boa, uma fam\u00edlia, filha, um casamento bacana, um emprego legal. O fato de n\u00e3o ter uma explica\u00e7\u00e3o para a doen\u00e7a me deixava p\u00e9ssima. Era um sentimento de culpa enorme.<\/p>\n<p style=\"text-align: justify;\">Por isso, Ferraz diz que \u00e9 muito importante a participa\u00e7\u00e3o da fam\u00edlia no tratamento. Eles precisam saber o que devem e o que n\u00e3o devem fazer em rela\u00e7\u00e3o ao doente. Para ele, \u201cfazer com que todos entendam o mecanismo do transtorno e como agem os rem\u00e9dios \u00e9 fundamental para o sucesso do tratamento. Ainda existe o mito de que antidepressivo vicia, o que \u00e9 um grande engano.\u201d<\/p>\n<p style=\"text-align: justify;\"><em>Fonte &#8211;\u00a0revistapazes.com<\/em><\/p>\n","protected":false},"excerpt":{"rendered":"<p>Ela chega de mansinho, assim como quem n\u00e3o quer nada. Num dia, voc\u00ea acorda triste, desanimado. No outro, bate uma sensa\u00e7\u00e3o de vazio e uma vontade incontrol\u00e1vel de chorar, sem qualquer motivo aparente. A depress\u00e3o \u00e9 assim, um mal silencioso e ainda mal compreendido \u2013 at\u00e9 mesmo entre os pr\u00f3prios pacientes. Considerada um transtorno mental [&hellip;]<\/p>\n","protected":false},"author":3,"featured_media":3761,"comment_status":"open","ping_status":"open","sticky":false,"template":"","format":"standard","meta":{"footnotes":""},"categories":[337],"tags":[],"blocksy_meta":"","_links":{"self":[{"href":"https:\/\/www.clinicadehipnoseenutricao.com\/blog\/wp-json\/wp\/v2\/posts\/3760"}],"collection":[{"href":"https:\/\/www.clinicadehipnoseenutricao.com\/blog\/wp-json\/wp\/v2\/posts"}],"about":[{"href":"https:\/\/www.clinicadehipnoseenutricao.com\/blog\/wp-json\/wp\/v2\/types\/post"}],"author":[{"embeddable":true,"href":"https:\/\/www.clinicadehipnoseenutricao.com\/blog\/wp-json\/wp\/v2\/users\/3"}],"replies":[{"embeddable":true,"href":"https:\/\/www.clinicadehipnoseenutricao.com\/blog\/wp-json\/wp\/v2\/comments?post=3760"}],"version-history":[{"count":0,"href":"https:\/\/www.clinicadehipnoseenutricao.com\/blog\/wp-json\/wp\/v2\/posts\/3760\/revisions"}],"wp:featuredmedia":[{"embeddable":true,"href":"https:\/\/www.clinicadehipnoseenutricao.com\/blog\/wp-json\/wp\/v2\/media\/3761"}],"wp:attachment":[{"href":"https:\/\/www.clinicadehipnoseenutricao.com\/blog\/wp-json\/wp\/v2\/media?parent=3760"}],"wp:term":[{"taxonomy":"category","embeddable":true,"href":"https:\/\/www.clinicadehipnoseenutricao.com\/blog\/wp-json\/wp\/v2\/categories?post=3760"},{"taxonomy":"post_tag","embeddable":true,"href":"https:\/\/www.clinicadehipnoseenutricao.com\/blog\/wp-json\/wp\/v2\/tags?post=3760"}],"curies":[{"name":"wp","href":"https:\/\/api.w.org\/{rel}","templated":true}]}}