{"id":3767,"date":"2017-01-20T14:08:52","date_gmt":"2017-01-20T16:08:52","guid":{"rendered":"https:\/\/www.ericpereira.eu\/blog\/?p=3767"},"modified":"2017-01-20T14:08:52","modified_gmt":"2017-01-20T16:08:52","slug":"a-falta-de-controle-automatico","status":"publish","type":"post","link":"https:\/\/www.clinicadehipnoseenutricao.com\/blog\/a-falta-de-controle-automatico\/","title":{"rendered":"A Falta de Controle \u201cAutom\u00e1tico\u201d"},"content":{"rendered":"<p style=\"text-align: justify;\">A Falta de Controle \u201cAutom\u00e1tico\u201d<br \/>\nContribui\u00e7\u00e3o|Pense Bem|Apenas mais uma Reflex\u00e3o|Eric Pereira|<\/p>\n<p style=\"text-align: justify;\">Estava eu na esta\u00e7\u00e3o Termini em Roma, esperando o trem e ao lado uma menina de uns 5 anos gritava com um gelado na m\u00e3o, pelo que percebi ela queria outro e a m\u00e3e ria no pequeno grupo de amigos e nem prestava aten\u00e7\u00e3o nela.<\/p>\n<p style=\"text-align: justify;\">Provavelmente para chamar mais ainda a aten\u00e7\u00e3o, a menina gritou mais e se jogou no ch\u00e3o e eu ali apenas observando aquilo tudo e tendo mais um aprendizado. Em segundos a m\u00e3e rindo com este grupo, se abaixou pegou a menina e deu 3 tapas na cara dela (Juro que doeu em mim), e a menina saiu correndo e ela retomou a conversa.<\/p>\n<p style=\"text-align: justify;\">N\u00e3o sei o que estava ao certo acontecendo, n\u00e3o sou pedagogo, nem fiz psicologia infantil, mas n\u00e3o sou cego e meu primeiro pensamento foi: Uma \u201cprov\u00e1vel\u201d paciente para um terapeuta daqui a alguns anos.<\/p>\n<p style=\"text-align: justify;\">Mas aquela hist\u00f3ria n\u00e3o me pertence e n\u00e3o posso mergulhar nela, mas confesso que por alguns minutos os gritos daquela menina desapareceram da minha mente e eu olhava para a mulher pensando o que estava passando na cabe\u00e7a dela, o que levava ela a tal comportamento e pior, o que a levava \u00e0 aus\u00eancia de todos os outros sentimentos que a \u201cmaioria\u201d das m\u00e3es tem de amar acima de tudo, de carinho, de ensinar, de educar&#8230;<\/p>\n<p style=\"text-align: justify;\">Minha mente tamb\u00e9m me levou aos momentos que eu como pai n\u00e3o fui pai e \u00e0s vezes que virei as costas para os meus filhos, pela minha falta de tempo, por estar ocupado de mais pensando em ganhar dinheiro. Tamb\u00e9m confesso aqui que me senti mal naquele momento e logo percebi que j\u00e1 estava dentro da hist\u00f3ria e que de alguma maneira ela me transportou para a minha pr\u00f3pria hist\u00f3ria.<\/p>\n<p style=\"text-align: justify;\">Sensa\u00e7\u00f5es&#8230; Meus recursos me tiraram r\u00e1pido dali e logo que entrei no trem me sentei aqui para escrever esta contribui\u00e7\u00e3o.<\/p>\n<p style=\"text-align: justify;\">E voc\u00ea? J\u00e1 perdeu o controle sem nenhum grande motivo aparente? Sua falta de controle j\u00e1 prejudicou algu\u00e9m ao seu redor, como uma pessoa que gostava, um familiar, um filho? J\u00e1 se deu conta de ter perdido o controle e ter mergulhado dentro de um autom\u00e1tico que apenas dias depois se deu conta que fez algo que se envergonhou ou queria cavar um buraco e enterrar a cabe\u00e7a ali, como as avestruzes? Rs<\/p>\n<p style=\"text-align: justify;\">E nos dias atuais, consegue j\u00e1 perceber a import\u00e2ncia de se manter centrado?<\/p>\n<p style=\"text-align: justify;\">N\u00e3o precisa falar nada. Apenas pense em tudo isso e veja se algo aqui se encaixa em sua vida!<\/p>\n<p style=\"text-align: justify;\">At\u00e9 amanh\u00e3.<\/p>\n","protected":false},"excerpt":{"rendered":"<p>A Falta de Controle \u201cAutom\u00e1tico\u201d Contribui\u00e7\u00e3o|Pense Bem|Apenas mais uma Reflex\u00e3o|Eric Pereira| Estava eu na esta\u00e7\u00e3o Termini em Roma, esperando o trem e ao lado uma menina de uns 5 anos gritava com um gelado na m\u00e3o, pelo que percebi ela queria outro e a m\u00e3e ria no pequeno grupo de amigos e nem prestava aten\u00e7\u00e3o [&hellip;]<\/p>\n","protected":false},"author":3,"featured_media":3768,"comment_status":"open","ping_status":"open","sticky":false,"template":"","format":"standard","meta":{"footnotes":""},"categories":[336],"tags":[],"blocksy_meta":"","_links":{"self":[{"href":"https:\/\/www.clinicadehipnoseenutricao.com\/blog\/wp-json\/wp\/v2\/posts\/3767"}],"collection":[{"href":"https:\/\/www.clinicadehipnoseenutricao.com\/blog\/wp-json\/wp\/v2\/posts"}],"about":[{"href":"https:\/\/www.clinicadehipnoseenutricao.com\/blog\/wp-json\/wp\/v2\/types\/post"}],"author":[{"embeddable":true,"href":"https:\/\/www.clinicadehipnoseenutricao.com\/blog\/wp-json\/wp\/v2\/users\/3"}],"replies":[{"embeddable":true,"href":"https:\/\/www.clinicadehipnoseenutricao.com\/blog\/wp-json\/wp\/v2\/comments?post=3767"}],"version-history":[{"count":0,"href":"https:\/\/www.clinicadehipnoseenutricao.com\/blog\/wp-json\/wp\/v2\/posts\/3767\/revisions"}],"wp:featuredmedia":[{"embeddable":true,"href":"https:\/\/www.clinicadehipnoseenutricao.com\/blog\/wp-json\/wp\/v2\/media\/3768"}],"wp:attachment":[{"href":"https:\/\/www.clinicadehipnoseenutricao.com\/blog\/wp-json\/wp\/v2\/media?parent=3767"}],"wp:term":[{"taxonomy":"category","embeddable":true,"href":"https:\/\/www.clinicadehipnoseenutricao.com\/blog\/wp-json\/wp\/v2\/categories?post=3767"},{"taxonomy":"post_tag","embeddable":true,"href":"https:\/\/www.clinicadehipnoseenutricao.com\/blog\/wp-json\/wp\/v2\/tags?post=3767"}],"curies":[{"name":"wp","href":"https:\/\/api.w.org\/{rel}","templated":true}]}}