{"id":3796,"date":"2017-02-20T12:18:21","date_gmt":"2017-02-20T15:18:21","guid":{"rendered":"https:\/\/www.ericpereira.eu\/blog\/?p=3796"},"modified":"2017-02-20T12:18:21","modified_gmt":"2017-02-20T15:18:21","slug":"o-reflexo-da-mente","status":"publish","type":"post","link":"https:\/\/www.clinicadehipnoseenutricao.com\/blog\/o-reflexo-da-mente\/","title":{"rendered":"O REFLEXO da Mente&#8230;"},"content":{"rendered":"<p style=\"text-align: justify;\">Contribui\u00e7\u00e3o|Pense Bem|Apenas mais uma Reflex\u00e3o|Eric Pereira<\/p>\n<p style=\"text-align: justify;\">Ol\u00e1 Pessoas!<br \/>\nJuro que estou feliz em estar aqui escrevendo para voc\u00eas.<br \/>\nNos \u00faltimos dias n\u00e3o tenho escrito contribui\u00e7\u00f5es, nem feito lives e sei que os cr\u00edticos podem dizer que estou faltando com o meu compromisso, que n\u00e3o estou cumprindo com a minha palavra, mas espero que compreendam que estou mergulhado em um importante processo com um cliente aqui na \u00c1ustria e n\u00e3o tenho MESMO conseguido!<\/p>\n<p style=\"text-align: justify;\">A quest\u00e3o nem \u00e9 parar e tirar 21 minutos para entrar Ao Vivo! A quest\u00e3o MAIOR \u00e9 todo o processo \u2013 Tempo, Qualidade da informa\u00e7\u00e3o, lugar ideal, ilumina\u00e7\u00e3o e principalmente ter a mente livre para mergulhar no processo com voc\u00eas!<\/p>\n<p style=\"text-align: justify;\">Como sabem estou sempre buscando acontecimentos reais para compartilhar e achei que seria interessante falar sobre o Reflexo da Mente, pois em v\u00e1rios momentos a minha mente traz o reflexo deste compromisso assumido e chego a pensar \u201cUauuu&#8230;que interessante a minha mente me trazer uma sensa\u00e7\u00e3o destas\u201d, penso que isso me mostra mesmo que estou conectado com voc\u00eas e me sinto SUPER bem pensando assim!<\/p>\n<p style=\"text-align: justify;\">Quando n\u00e3o estamos comprometidos, conectados com algo, este \u201calgo\u201d passa e nem percebemos e sabem bem do que estou falando, n\u00e9? Quantas situa\u00e7\u00f5es \u201cdestas\u201d passaram pela vida de voc\u00eas e jamais deram import\u00e2ncia? Mas quando nossa mente traz este reflexo \u201cse \u00e9 que posso chamar assim\u201d, sentimos algo diferente!!! Claro que s\u00f3 sentimos se prestarmos aten\u00e7\u00e3o, se n\u00e3o se torna apenas um alerta.<\/p>\n<p style=\"text-align: justify;\">Engra\u00e7ado, em qualquer que seja o contexto do meu di\u00e1logo com voc\u00eas estou sempre usando a express\u00e3o \u201cprestar aten\u00e7\u00e3o\u201d, j\u00e1 reparou? \u00c9 algo curioso, pois isso em minha vida \u00e9 algo dif\u00edcil at\u00e9 de descrever, porque estou sempre em busca de compreender o que acontece, de sentir&#8230;<\/p>\n<p style=\"text-align: justify;\">Vou dar um exemplo muito atual.<br \/>\nEu perdi o avi\u00e3o em Frankfurt e tive que comprar 2 passagens novas e hoje no meio da grava\u00e7\u00e3o de uma dica em v\u00eddeo meu telem\u00f3vel escapou e caiu no ch\u00e3o partindo-se todo&#8230; Um telem\u00f3vel de mais 1000\u20ac e enquanto pegava ele no ch\u00e3o o meu pensamento foi: \u201cQual a li\u00e7\u00e3o que tenho que aprender nesta viagem?\u201d At\u00e9 agora foram menos alguns euros no meu bolso.<\/p>\n<p style=\"text-align: justify;\">Mas a quest\u00e3o \u00e9 que n\u00e3o fiquei nem por um minuto nervoso ou chateado, na verdade guardei o telem\u00f3vel no carro, peguei o outro e comecei a grava\u00e7\u00e3o do in\u00edcio e foi justamente o v\u00eddeo que postei hoje na minha pagina profissional. O lado positivo era que tinha dois, justamente para emerg\u00eancias como esta, afinal isso pra mim n\u00e3o \u00e9 luxo, mas ferramenta de trabalho! (C\u00e2mera, telem\u00f3vel, Notebook, bateria extra, trip\u00e9) e tudo que contribui para o desenvolvimento do meu trabalho.<br \/>\nPode ser que seja apenas uma daquelas coincid\u00eancias da vida e pode ser que seja um sinal para um aprendizado maior e como tudo s\u00e3o experi\u00eancias e apenas no futuro vou compreender, n\u00e3o posso perder tempo reclamando ou me dando ao luxo de ficar triste.<\/p>\n<p style=\"text-align: justify;\">Talvez n\u00e3o seja como voc\u00ea encare a sua vida, talvez nem entenda o que quero dizer sobre reflexo da mente, mas espero que de alguma maneira isso possa fazer sentido para voc\u00ea, pois a cada dia percebo que meu inconsciente s\u00e1bio colabora mais com o meu processo e penso que isso s\u00f3 \u00e9 poss\u00edvel, porque estou muito conectado com ele e esta s\u00fabtil diferen\u00e7a muitas vezes \u00e9 decisiva para alcan\u00e7armos resultados.<\/p>\n<p style=\"text-align: justify;\">Sinto claramente que ele me d\u00e1 sinais, organiza os meus pensamentos e chega at\u00e9 a me ajudar no equil\u00edbrio, quando estou indo r\u00e1pido de mais ou estou muito focado em algo e come\u00e7o a entrar no autom\u00e1tico!<\/p>\n<p style=\"text-align: justify;\">Espero ter colaborado de alguma maneira e desejo que o seu dia seja MESMO incr\u00edvel. Lembre-se que estou com uma p\u00e1gina nova!!! (Espero que j\u00e1 tenha colocado um gosto l\u00e1 para me seguir) e hoje teremos a primeira Live l\u00e1!!! Ser\u00e1 \u00e0s 21h. Espero por voc\u00ea l\u00e1!<\/p>\n","protected":false},"excerpt":{"rendered":"<p>Contribui\u00e7\u00e3o|Pense Bem|Apenas mais uma Reflex\u00e3o|Eric Pereira Ol\u00e1 Pessoas! Juro que estou feliz em estar aqui escrevendo para voc\u00eas. Nos \u00faltimos dias n\u00e3o tenho escrito contribui\u00e7\u00f5es, nem feito lives e sei que os cr\u00edticos podem dizer que estou faltando com o meu compromisso, que n\u00e3o estou cumprindo com a minha palavra, mas espero que compreendam que [&hellip;]<\/p>\n","protected":false},"author":3,"featured_media":3797,"comment_status":"open","ping_status":"open","sticky":false,"template":"","format":"standard","meta":{"footnotes":""},"categories":[336],"tags":[],"blocksy_meta":"","_links":{"self":[{"href":"https:\/\/www.clinicadehipnoseenutricao.com\/blog\/wp-json\/wp\/v2\/posts\/3796"}],"collection":[{"href":"https:\/\/www.clinicadehipnoseenutricao.com\/blog\/wp-json\/wp\/v2\/posts"}],"about":[{"href":"https:\/\/www.clinicadehipnoseenutricao.com\/blog\/wp-json\/wp\/v2\/types\/post"}],"author":[{"embeddable":true,"href":"https:\/\/www.clinicadehipnoseenutricao.com\/blog\/wp-json\/wp\/v2\/users\/3"}],"replies":[{"embeddable":true,"href":"https:\/\/www.clinicadehipnoseenutricao.com\/blog\/wp-json\/wp\/v2\/comments?post=3796"}],"version-history":[{"count":0,"href":"https:\/\/www.clinicadehipnoseenutricao.com\/blog\/wp-json\/wp\/v2\/posts\/3796\/revisions"}],"wp:featuredmedia":[{"embeddable":true,"href":"https:\/\/www.clinicadehipnoseenutricao.com\/blog\/wp-json\/wp\/v2\/media\/3797"}],"wp:attachment":[{"href":"https:\/\/www.clinicadehipnoseenutricao.com\/blog\/wp-json\/wp\/v2\/media?parent=3796"}],"wp:term":[{"taxonomy":"category","embeddable":true,"href":"https:\/\/www.clinicadehipnoseenutricao.com\/blog\/wp-json\/wp\/v2\/categories?post=3796"},{"taxonomy":"post_tag","embeddable":true,"href":"https:\/\/www.clinicadehipnoseenutricao.com\/blog\/wp-json\/wp\/v2\/tags?post=3796"}],"curies":[{"name":"wp","href":"https:\/\/api.w.org\/{rel}","templated":true}]}}