{"id":4015,"date":"2017-07-10T17:37:08","date_gmt":"2017-07-10T20:37:08","guid":{"rendered":"https:\/\/www.ericpereira.eu\/blog\/?p=4015"},"modified":"2017-07-10T17:37:08","modified_gmt":"2017-07-10T20:37:08","slug":"momentos-e-momentos","status":"publish","type":"post","link":"https:\/\/www.clinicadehipnoseenutricao.com\/blog\/momentos-e-momentos\/","title":{"rendered":"Momentos e Momentos"},"content":{"rendered":"<p style=\"text-align: justify;\"><em>Hoje \u00e9 Sexta-feira, 7 de Julho e estou em Lisboa e \u00e9 daqui que escreverei para voc\u00ea mais um \u201cBom final de semana\u201d.<\/em><\/p>\n<p>Hoje de manh\u00e3 eu estava em Paris! A bela e linda cidade de Paris que tanto amo e agora estou em Lisboa, especificamente na casa do meu amigo Miguel Cocco, escritor de 02 best sellers (Mude a sua vida com auto-hipnose e Emagre\u00e7a com o Poder da Mente) e isso foi uma propaganda dos seus livros! Rsss. Temos que divulgar o que \u00e9 bom, n\u00e9?<\/p>\n<p>Hoje quero desejar um bom final de semana trazendo um pensamento sobre momentos! Falamos durante a vida toda sobre aquele momento com aquela pessoa&#8230; aquele momento em que esteve sol&#8230; aquele momento de stress ou de relaxamento total e a minha pergunta \u00e9: Est\u00e1 sabendo aproveitar os seus momentos?<\/p>\n<p>Eu conhe\u00e7o pessoas que passam pela vida sem lembrar dos momentos que viveram. Talvez sejam pessoas sem mem\u00f3ria, desligadas ou talvez n\u00e3o se lembrem porque n\u00e3o teve nenhum significado para elas.<\/p>\n<p>Com absoluta certeza eu devo ter passado por momentos incr\u00edveis e nem me dei conta do qu\u00e3o incr\u00edveis eles foram e se tornaram com o tempo, apenas mais um momento, uma simples passagem e depois que me dei conta disso fa\u00e7o MESMO quest\u00e3o de vivenciar cada momento da minha vida.<\/p>\n<p>Trabalhei 4 dias inteiros em projetos que precisavam de muita aten\u00e7\u00e3o e inspira\u00e7\u00e3o e escolhi cen\u00e1rios incr\u00edveis todos os dias para me dedicar a eles. No primeiro dia trabalhei em um jardim mesmo ao p\u00e9 da Torre Eiffel, no dia seguinte escolhi um jardim pr\u00f3ximo ao Louvre e foi encantador trabalhar ali com tudo acontecendo e com uma vista brutal. No terceiro dia fui para Versalhes (Amo aquele jardim) e fiquei ali envolvido o dia todo escrevendo e escrevendo. Por \u00faltimo, fui para tr\u00e1s de Notre Dame que tamb\u00e9m tem um pequeno jardim com bancos e finalizei tudo que precisava.<\/p>\n<p>Momentos muito importantes onde estou escrevendo a hist\u00f3ria da minha vida, onde estou trabalhando em projetos importantes e julgo que estes cen\u00e1rios foram importantes para mim.<\/p>\n<p>N\u00e3o fui a Paris por este motivo, mas aproveitei cada momento livre, para transformar em momentos \u00fanicos e inspiradores. N\u00e3o precisamos estar em Paris para ser um MOMENTO, pois sempre que estou aqui em Lisboa tenho momentos agrad\u00e1veis e que gosto de recordar sempre. Eu aprendi que somos n\u00f3s que constru\u00edmos o nosso momento.<\/p>\n<p>N\u00e3o sei o que pretende fazer este final de semana e nem com quem! Mas sei que pode ser um simples final de semana ou pode transformar tudo em um MOMENTO m\u00e1gico&#8230;. Sozinho ou bem acompanhado, os momentos quando s\u00e3o planejados se tornam MESMO momentos lindos e que valem a pena recordar.<\/p>\n<p>Desejo um excelente final de semana, cheio de momentos felizes e marcantes!<\/p>\n<p style=\"text-align: justify;\"><img fetchpriority=\"high\" decoding=\"async\" class=\"alignleft size-full wp-image-3971\" src=\"https:\/\/www.ericpereira.eu\/blog\/wp-content\/uploads\/2017\/06\/assinatura.jpg\" alt=\"\" width=\"1002\" height=\"300\" srcset=\"https:\/\/www.clinicadehipnoseenutricao.com\/blog\/wp-content\/uploads\/2017\/06\/assinatura.jpg 1002w, https:\/\/www.clinicadehipnoseenutricao.com\/blog\/wp-content\/uploads\/2017\/06\/assinatura-150x45.jpg 150w, https:\/\/www.clinicadehipnoseenutricao.com\/blog\/wp-content\/uploads\/2017\/06\/assinatura-450x135.jpg 450w, https:\/\/www.clinicadehipnoseenutricao.com\/blog\/wp-content\/uploads\/2017\/06\/assinatura-768x230.jpg 768w\" sizes=\"(max-width: 1002px) 100vw, 1002px\" \/><\/p>\n","protected":false},"excerpt":{"rendered":"<p>Hoje \u00e9 Sexta-feira, 7 de Julho e estou em Lisboa e \u00e9 daqui que escreverei para voc\u00ea mais um \u201cBom final de semana\u201d. Hoje de manh\u00e3 eu estava em Paris! A bela e linda cidade de Paris que tanto amo e agora estou em Lisboa, especificamente na casa do meu amigo Miguel Cocco, escritor de [&hellip;]<\/p>\n","protected":false},"author":3,"featured_media":4016,"comment_status":"closed","ping_status":"closed","sticky":false,"template":"","format":"standard","meta":{"footnotes":""},"categories":[338],"tags":[],"blocksy_meta":"","_links":{"self":[{"href":"https:\/\/www.clinicadehipnoseenutricao.com\/blog\/wp-json\/wp\/v2\/posts\/4015"}],"collection":[{"href":"https:\/\/www.clinicadehipnoseenutricao.com\/blog\/wp-json\/wp\/v2\/posts"}],"about":[{"href":"https:\/\/www.clinicadehipnoseenutricao.com\/blog\/wp-json\/wp\/v2\/types\/post"}],"author":[{"embeddable":true,"href":"https:\/\/www.clinicadehipnoseenutricao.com\/blog\/wp-json\/wp\/v2\/users\/3"}],"replies":[{"embeddable":true,"href":"https:\/\/www.clinicadehipnoseenutricao.com\/blog\/wp-json\/wp\/v2\/comments?post=4015"}],"version-history":[{"count":0,"href":"https:\/\/www.clinicadehipnoseenutricao.com\/blog\/wp-json\/wp\/v2\/posts\/4015\/revisions"}],"wp:featuredmedia":[{"embeddable":true,"href":"https:\/\/www.clinicadehipnoseenutricao.com\/blog\/wp-json\/wp\/v2\/media\/4016"}],"wp:attachment":[{"href":"https:\/\/www.clinicadehipnoseenutricao.com\/blog\/wp-json\/wp\/v2\/media?parent=4015"}],"wp:term":[{"taxonomy":"category","embeddable":true,"href":"https:\/\/www.clinicadehipnoseenutricao.com\/blog\/wp-json\/wp\/v2\/categories?post=4015"},{"taxonomy":"post_tag","embeddable":true,"href":"https:\/\/www.clinicadehipnoseenutricao.com\/blog\/wp-json\/wp\/v2\/tags?post=4015"}],"curies":[{"name":"wp","href":"https:\/\/api.w.org\/{rel}","templated":true}]}}