{"id":4038,"date":"2017-07-21T11:39:39","date_gmt":"2017-07-21T14:39:39","guid":{"rendered":"https:\/\/www.ericpereira.eu\/blog\/?p=4038"},"modified":"2017-07-21T11:39:39","modified_gmt":"2017-07-21T14:39:39","slug":"falar-mal-dos-outros-e-um-habito","status":"publish","type":"post","link":"https:\/\/www.clinicadehipnoseenutricao.com\/blog\/falar-mal-dos-outros-e-um-habito\/","title":{"rendered":"FALAR MAL DOS OUTROS \u00c9 UM H\u00c1BITO?"},"content":{"rendered":"<p style=\"text-align: justify;\">21 de Julho de 2017.<\/p>\n<p>Hoje desejo um Bom Final de Semana trazendo um tema curioso e provavelmente j\u00e1 esteve em algum dos lados desta hist\u00f3ria.<\/p>\n<p>Eu li uma vez em um livro um trecho interessante onde uma psic\u00f3loga dizia que grande parte do que falamos (mal) de outra pessoa, no fundo estamos nos referindo a algo desorganizado e \u201cestranho\u201d em n\u00f3s mesmos e penso que pode \u201cat\u00e9\u201d ser verdade.<\/p>\n<p>O caso \u00e9 que muitos de n\u00f3s em algum momento de nossa vida j\u00e1 falamos mal de algu\u00e9m, levantamos uma (falsa) acusa\u00e7\u00e3o ou at\u00e9 espalhamos o que \u201couvimos\u201d de outra pessoa como se fosse uma esp\u00e9cie de verdade absoluta e talvez at\u00e9 aumentamos o erro, acrescentando mais algumas coisas no que ouvimos. A minha m\u00e3e dizia que quem conta um conto, aumenta sempre um ponto.<\/p>\n<p>Eu durante GRANDE parte da minha carreira profissional, o que n\u00e3o faltou foram pessoas para falar mal de mim! O interessante era que estas pessoas tinham o mesmo motivo das pessoas que me elogiavam e quando comecei a prestar aten\u00e7\u00e3o nisso, parei de me preocupar (MESMO!!!), por\u00e9m continuei (\u00e9 claro) a prestar aten\u00e7\u00e3o nas pessoas.<\/p>\n<blockquote><p>Muitos anos estudando hipnose e programa\u00e7\u00e3o neurolingu\u00edstica, aprendi a prestar (muita) aten\u00e7\u00e3o no comportamento humano e confesso que sou fascinado em como as pessoas utilizam os seus recursos.<\/p>\n<p>Mas algo que me intriga realmente \u00e9 esta capacidade absurda que algumas pessoas t\u00eam de (mesmo) vendo os factos acreditarem em historinhas \u201ce\u201d ainda por cima levarem para outras pessoas estas mesmas historinhas (distorcidas)&#8230;.<\/p>\n<p>\u00c0s vezes penso que elas deveriam receber um \u00f3scar! Rs.<\/p><\/blockquote>\n<p>Mas aqui sou apenas eu (Eric Pereira), julgando algu\u00e9m (Errado isso!), por\u00e9m pelo menos eu sou o que sou e quem sou e sempre assumo isso, n\u00e9? Haha&#8230;<\/p>\n<p>Respondendo o t\u00edtulo desta postagem, eu acredito que n\u00e3o \u00e9 um h\u00e1bito! Vejo o \u201ch\u00e1bito\u201d como uma linha com outra linha e mais uma e centenas de linhas juntas dif\u00edceis de romper e penso que quando identificamos uma destas linhas temos a escolha de n\u00e3o juntar mais uma e outra e mais outra, compreende a analogia aqui?<\/p>\n<p>Eu, quando percebi que estava falando de outras pessoas sem compreender os seus reais motivos, sem nunca ter cal\u00e7ado os seus chinelos e feito o seu caminho, abandonei os fios que eu (j\u00e1) tinha em m\u00e3os e com o tempo me dei conta que j\u00e1 n\u00e3o tinha este h\u00e1bito!<\/p>\n<p>Gosto MUITO de acreditar que podemos corrigir o caminho, ajustar a dire\u00e7\u00e3o, sempre que tomamos consci\u00eancia que estamos alimentando um comportamento inadequado perante os nossos reais objetivos de vida.<\/p>\n<p><img fetchpriority=\"high\" decoding=\"async\" class=\"aligncenter size-full wp-image-4042\" src=\"https:\/\/www.ericpereira.eu\/blog\/wp-content\/uploads\/2017\/07\/mal.jpg\" alt=\"\" width=\"1200\" height=\"350\" \/><\/p>\n<p>Tamb\u00e9m gosto de acreditar que muitas pessoas v\u00e3o ler esta postagem e algumas v\u00e3o enxergar claramente e com todas as letras que est\u00e3o no in\u00edcio da constru\u00e7\u00e3o ou at\u00e9 no meio e podem simsim abandonar tamb\u00e9m os seus fios e pararem de propagar o mal&#8230;.<\/p>\n<p>Uma vez ouvi uma frase que ficou iluminada no azul escuro da minha mente: \u201cO problema n\u00e3o \u00e9 apenas de quem fala, mas de quem empresta os ouvidos para saber\u201d. Uauuu&#8230;. Para mim, isso foi forte e na MAIORIA dos casos agrade\u00e7o nos primeiros 45 segundos que est\u00e3o me contando algo e logo digo que n\u00e3o me interessa saber.<\/p>\n<p>A minha inten\u00e7\u00e3o aqui hoje \u00e9 ajud\u00e1-lo a compreender que pode abandonar a (constru\u00e7\u00e3o) deste h\u00e1bito (Falar mal de outras pessoas) e tamb\u00e9m ajud\u00e1-lo a \u201cn\u00e3o\u201d emprestar os seus ouvidos para ouvir algu\u00e9m falando de algu\u00e9m.<\/p>\n<p>Outra famosa e conhecida frase e que fala muito, (mais muito mesmo) sobre o que estou dizendo \u00e9 esta:<\/p>\n<blockquote>\n<h2 style=\"text-align: center;\">\u201cQuando Pedro me fala sobre Paulo, sei mais de Pedro que de Paulo.\u201d<\/h2>\n<\/blockquote>\n<p><em>Espero que de alguma maneira eu tenha colaborado para que possamos viver melhor com as pessoas que amamos, as que n\u00e3o amamos e at\u00e9 aqueles que nem gostamos muito!<\/em><\/p>\n<p style=\"text-align: justify;\"><em>Um Lindo e Feliz final de semana \u00e9 o que desejo!<\/em><\/p>\n<p style=\"text-align: justify;\"><img decoding=\"async\" class=\"aligncenter size-full wp-image-3971\" src=\"https:\/\/www.ericpereira.eu\/blog\/wp-content\/uploads\/2017\/06\/assinatura.jpg\" alt=\"\" width=\"1002\" height=\"300\" srcset=\"https:\/\/www.clinicadehipnoseenutricao.com\/blog\/wp-content\/uploads\/2017\/06\/assinatura.jpg 1002w, https:\/\/www.clinicadehipnoseenutricao.com\/blog\/wp-content\/uploads\/2017\/06\/assinatura-150x45.jpg 150w, https:\/\/www.clinicadehipnoseenutricao.com\/blog\/wp-content\/uploads\/2017\/06\/assinatura-450x135.jpg 450w, https:\/\/www.clinicadehipnoseenutricao.com\/blog\/wp-content\/uploads\/2017\/06\/assinatura-768x230.jpg 768w\" sizes=\"(max-width: 1002px) 100vw, 1002px\" \/><\/p>\n","protected":false},"excerpt":{"rendered":"<p>21 de Julho de 2017. Hoje desejo um Bom Final de Semana trazendo um tema curioso e provavelmente j\u00e1 esteve em algum dos lados desta hist\u00f3ria. Eu li uma vez em um livro um trecho interessante onde uma psic\u00f3loga dizia que grande parte do que falamos (mal) de outra pessoa, no fundo estamos nos referindo [&hellip;]<\/p>\n","protected":false},"author":3,"featured_media":5005,"comment_status":"closed","ping_status":"closed","sticky":false,"template":"","format":"standard","meta":{"footnotes":""},"categories":[338],"tags":[],"blocksy_meta":"","_links":{"self":[{"href":"https:\/\/www.clinicadehipnoseenutricao.com\/blog\/wp-json\/wp\/v2\/posts\/4038"}],"collection":[{"href":"https:\/\/www.clinicadehipnoseenutricao.com\/blog\/wp-json\/wp\/v2\/posts"}],"about":[{"href":"https:\/\/www.clinicadehipnoseenutricao.com\/blog\/wp-json\/wp\/v2\/types\/post"}],"author":[{"embeddable":true,"href":"https:\/\/www.clinicadehipnoseenutricao.com\/blog\/wp-json\/wp\/v2\/users\/3"}],"replies":[{"embeddable":true,"href":"https:\/\/www.clinicadehipnoseenutricao.com\/blog\/wp-json\/wp\/v2\/comments?post=4038"}],"version-history":[{"count":0,"href":"https:\/\/www.clinicadehipnoseenutricao.com\/blog\/wp-json\/wp\/v2\/posts\/4038\/revisions"}],"wp:featuredmedia":[{"embeddable":true,"href":"https:\/\/www.clinicadehipnoseenutricao.com\/blog\/wp-json\/wp\/v2\/media\/5005"}],"wp:attachment":[{"href":"https:\/\/www.clinicadehipnoseenutricao.com\/blog\/wp-json\/wp\/v2\/media?parent=4038"}],"wp:term":[{"taxonomy":"category","embeddable":true,"href":"https:\/\/www.clinicadehipnoseenutricao.com\/blog\/wp-json\/wp\/v2\/categories?post=4038"},{"taxonomy":"post_tag","embeddable":true,"href":"https:\/\/www.clinicadehipnoseenutricao.com\/blog\/wp-json\/wp\/v2\/tags?post=4038"}],"curies":[{"name":"wp","href":"https:\/\/api.w.org\/{rel}","templated":true}]}}