{"id":4225,"date":"2017-09-01T11:11:34","date_gmt":"2017-09-01T14:11:34","guid":{"rendered":"https:\/\/www.ericpereira.eu\/blog\/?p=4225"},"modified":"2017-09-01T11:11:34","modified_gmt":"2017-09-01T14:11:34","slug":"assuma-o-volante","status":"publish","type":"post","link":"https:\/\/www.clinicadehipnoseenutricao.com\/blog\/assuma-o-volante\/","title":{"rendered":"Assuma o Volante"},"content":{"rendered":"<h2 style=\"text-align: justify;\">Sexta-feira \u00e9 dia de que??? Oi???<br \/>\n\u00c9 dia de dica especial no \u201cBom Fim de Semana\u201d e hoje vamos mergulhar em assumir o controle! Bora l\u00e1?<\/h2>\n<p style=\"text-align: justify;\">Muitas, muitas vezes quando estou ouvindo um cliente descrever o seu problema, tenho vontade de perguntar: \u201cQuem est\u00e1 atr\u00e1s do volante, Porra!\u201d E penso (desta) maneira, pois muitas vezes reclamamos do \u201coutro\u201d, culpamos outras pessoas, enquanto somos n\u00f3s que estamos atr\u00e1s do volante guiando a nossa pr\u00f3pria vida!<\/p>\n<p style=\"text-align: justify;\">Reclamamos da estrada, da sinaliza\u00e7\u00e3o, dos outros motoristas, do clima e esquecemos de assumir o volante e quando digo assumir \u00e9 segur\u00e1-lo com as duas m\u00e3os, ajeitar o corpo e prestar aten\u00e7\u00e3o na estrada que (escolhemos) seguir.<\/p>\n<p style=\"text-align: justify;\">Durante muitos anos eu deixei o \u201ccontrole\u201d na m\u00e3o de outras pessoas, talvez eu tivesse medo de conduzir a minha pr\u00f3pria vida e vivia pedindo conselhos e buscando que algu\u00e9m realmente RESOLVESSE OS MEUS PROBLEMAS. Quase que achava que era obriga\u00e7\u00e3o das pessoas me ajudar.<\/p>\n<p style=\"text-align: justify;\">Interessante que anos depois ocupando outra posi\u00e7\u00e3o ou\u00e7o clientes meus \u201creclamarem\u201d e alguns acreditam MESMO que os seus familiares e amigos s\u00e3o obrigados a fazer a sua parte e ou\u00e7o os motivos mais estranhos, as hist\u00f3rias mais desconectadas poss\u00edveis, por\u00e9m para (aquela) pessoa faz todo sentido.<\/p>\n<p style=\"text-align: justify;\">Aprendi que assumir o volante (da vida) n\u00e3o faz uma diferen\u00e7a, faz simplesmente \u201cA\u201d diferen\u00e7a e claro que assumir o volante \u00e9 assumir a dire\u00e7\u00e3o, o caminho, a responsabilidade, as consequ\u00eancias e principalmente o resultado e quando assumimos com firmeza e cheio de inten\u00e7\u00e3o, o resultado tende a ser positivo.<\/p>\n<p style=\"text-align: justify;\"><img fetchpriority=\"high\" decoding=\"async\" class=\"aligncenter size-full wp-image-4229\" src=\"https:\/\/www.ipubli.com.br\/clientes\/base56\/wp-content\/uploads\/2017\/09\/a-culpa.jpg\" alt=\"\" width=\"992\" height=\"432\" \/><\/p>\n<p style=\"text-align: justify;\">Recentemente recebi um cliente em meu consult\u00f3rio do Funchal que veio de Lisboa especialmente para uma sess\u00e3o comigo. Ele \u00e9 jornalista e por telefone me disse que o meu trabalho tinha sido recomendado e acreditava que eu poderia ajudar, mas n\u00e3o quis por telefone me contar a sua queixa principal.<\/p>\n<p>Durante a sess\u00e3o ficou claro que todos os problemas que ele tinha eram culpa da emissora que ele trabalhava, dos seus diretores, dos seus familiares e em nenhum momento se colocou (dentro) das quest\u00f5es abordadas. Ficamos cerca de 2 horas conversando e senti a sua decep\u00e7\u00e3o, quando o trouxe para a conversa. Penso que ele esperava ter o meu apoio quanto \u00e0s suas alucina\u00e7\u00f5es.<\/p>\n<p>Pensei que ele jamais voltaria e voltou e fizemos 8 lindas sess\u00f5es! Onde em todas elas trabalhamos a quest\u00e3o dele assumir o volante da sua vida e cheguei a usar um volante de verdade com ele em uma das sess\u00f5es (justamente) para que ele interiorizasse a minha mensagem, a minha inten\u00e7\u00e3o.<\/p>\n<p>A sess\u00e3o que mais me marcou foi a 6\u00ba onde ele assumiu finalmente a sua (verdade absoluta) e percebeu que ele era o \u00fanico respons\u00e1vel pelo que estava acontecendo na sua vida. Lembro do momento exato que ele come\u00e7ou a chorar na poltrona e quando despertou disse exatamente assim: \u201cAgora o volante est\u00e1 nas minhas m\u00e3os, mas est\u00e1 doendo\u201d e at\u00e9 eu me emocionei com ele e s\u00f3 pensei, \u201c\u00e9 isso a\u00ed!\u201d E esta tudo certo! \u00c9 mais f\u00e1cil trabalhar a dor que uma pessoa sabe que existe do que algo que n\u00e3o est\u00e1 em suas m\u00e3os e se perceber (antes) esta dor estava nas m\u00e3os de todos, menos a dele.<\/p>\n<p>Sabe qual a melhor parte em estar aqui hoje dando esta dica para voc\u00ea? \u00c9 poder compartilhar momentos como este e relembrar de cenas como esta que me fazem sentir muito, muito bem. Ajudar pessoas comuns a se tornarem extraordin\u00e1rias \u00e9 mesmo a minha miss\u00e3o de vida. Amo incondicionalmente.<\/p>\n<p>Por favor, pense comigo se realmente est\u00e1 no controle da sua vida? Se est\u00e1 MESMO atr\u00e1s deste volante e se por qualquer motivo sentir que n\u00e3o est\u00e1, n\u00e3o perca mais tempo e assuma-o. Agarre com as duas m\u00e3os e toca a andar. Se perceber que j\u00e1 o tem nas m\u00e3os, respire fundo e veja se est\u00e1 no caminho correto&#8230;. Se sente-se bem (neste) caminho, pois se n\u00e3o se sentir, est\u00e1 tudo certo, pode alterar e uma vez alterando o caminho com certeza o destino ser\u00e1 outro.<\/p>\n<p>Desejo um dia incr\u00edvel e que as suas escolhas sejam realmente s\u00e1bias.<\/p>\n<p style=\"text-align: justify;\"><img decoding=\"async\" class=\"aligncenter size-full wp-image-4116\" src=\"https:\/\/www.ipubli.com.br\/clientes\/base56\/wp-content\/uploads\/2017\/08\/assinatura.jpg\" alt=\"\" width=\"1002\" height=\"300\" srcset=\"https:\/\/www.clinicadehipnoseenutricao.com\/blog\/wp-content\/uploads\/2017\/08\/assinatura.jpg 1002w, https:\/\/www.clinicadehipnoseenutricao.com\/blog\/wp-content\/uploads\/2017\/08\/assinatura-150x45.jpg 150w, https:\/\/www.clinicadehipnoseenutricao.com\/blog\/wp-content\/uploads\/2017\/08\/assinatura-450x135.jpg 450w, https:\/\/www.clinicadehipnoseenutricao.com\/blog\/wp-content\/uploads\/2017\/08\/assinatura-768x230.jpg 768w\" sizes=\"(max-width: 1002px) 100vw, 1002px\" \/><\/p>\n","protected":false},"excerpt":{"rendered":"<p>Sexta-feira \u00e9 dia de que??? Oi??? \u00c9 dia de dica especial no \u201cBom Fim de Semana\u201d e hoje vamos mergulhar em assumir o controle! Bora l\u00e1? Muitas, muitas vezes quando estou ouvindo um cliente descrever o seu problema, tenho vontade de perguntar: \u201cQuem est\u00e1 atr\u00e1s do volante, Porra!\u201d E penso (desta) maneira, pois muitas vezes [&hellip;]<\/p>\n","protected":false},"author":3,"featured_media":4226,"comment_status":"closed","ping_status":"closed","sticky":false,"template":"","format":"standard","meta":{"footnotes":""},"categories":[338],"tags":[434],"blocksy_meta":"","_links":{"self":[{"href":"https:\/\/www.clinicadehipnoseenutricao.com\/blog\/wp-json\/wp\/v2\/posts\/4225"}],"collection":[{"href":"https:\/\/www.clinicadehipnoseenutricao.com\/blog\/wp-json\/wp\/v2\/posts"}],"about":[{"href":"https:\/\/www.clinicadehipnoseenutricao.com\/blog\/wp-json\/wp\/v2\/types\/post"}],"author":[{"embeddable":true,"href":"https:\/\/www.clinicadehipnoseenutricao.com\/blog\/wp-json\/wp\/v2\/users\/3"}],"replies":[{"embeddable":true,"href":"https:\/\/www.clinicadehipnoseenutricao.com\/blog\/wp-json\/wp\/v2\/comments?post=4225"}],"version-history":[{"count":0,"href":"https:\/\/www.clinicadehipnoseenutricao.com\/blog\/wp-json\/wp\/v2\/posts\/4225\/revisions"}],"wp:featuredmedia":[{"embeddable":true,"href":"https:\/\/www.clinicadehipnoseenutricao.com\/blog\/wp-json\/wp\/v2\/media\/4226"}],"wp:attachment":[{"href":"https:\/\/www.clinicadehipnoseenutricao.com\/blog\/wp-json\/wp\/v2\/media?parent=4225"}],"wp:term":[{"taxonomy":"category","embeddable":true,"href":"https:\/\/www.clinicadehipnoseenutricao.com\/blog\/wp-json\/wp\/v2\/categories?post=4225"},{"taxonomy":"post_tag","embeddable":true,"href":"https:\/\/www.clinicadehipnoseenutricao.com\/blog\/wp-json\/wp\/v2\/tags?post=4225"}],"curies":[{"name":"wp","href":"https:\/\/api.w.org\/{rel}","templated":true}]}}