{"id":4232,"date":"2017-09-06T22:36:52","date_gmt":"2017-09-07T01:36:52","guid":{"rendered":"https:\/\/www.ericpereira.eu\/blog\/?p=4232"},"modified":"2017-09-06T22:36:52","modified_gmt":"2017-09-07T01:36:52","slug":"eu-so-tinha-6-anos","status":"publish","type":"post","link":"https:\/\/www.clinicadehipnoseenutricao.com\/blog\/eu-so-tinha-6-anos\/","title":{"rendered":"Eu s\u00f3 tinha 6 anos"},"content":{"rendered":"<p style=\"text-align: justify;\">Na sexta-feira, atendi uma pessoa e a sua hist\u00f3ria mexeu tanto comigo que decidi usar o seu tema como dica terap\u00eautica para ajudar outras pessoas que possuem a mesma queixa.<\/p>\n<p style=\"text-align: justify;\">Foi a sua primeira sess\u00e3o e sentia uma certa dificuldade nela em dizer o que realmente estava acontecendo, por\u00e9m, uns 15 minutos depois de falar sobre assuntos soltos, ela colocou as duas m\u00e3os no rosto, respirou fundo e disse com uma voz mais baixa:<\/p>\n<blockquote>\n<p style=\"text-align: justify;\">\u201cN\u00e3o sei o que \u00e9 ser amada. Meu pai nunca disse que me amava. Minha m\u00e3e nunca disse que me amava e n\u00e3o lembro da m\u00e3o dela tocando o meu rosto. Um dia cheguei da escola e perguntei se ela me amava de verdade e ela gritou comigo. Eu s\u00f3 tinha 6 anos e nunca mais tive coragem de perguntar a ela, porque ela me tratava assim.\u201d<\/p>\n<\/blockquote>\n<p style=\"text-align: justify;\">Conversamos pouco mais de 1 hora e no final eu fiquei pensando sobre tudo o que ela me disse e \u00e9 claro que nestes 17 anos j\u00e1 tive muitas clientes que reclamaram da falta de amor dos pais, mas n\u00e3o sei porqu\u00ea aquele caso (espec\u00edfico) mexeu comigo e aqui estou falando sobre isso.<\/p>\n<p style=\"text-align: justify;\"><img fetchpriority=\"high\" decoding=\"async\" class=\" wp-image-4236 alignleft\" src=\"https:\/\/www.ipubli.com.br\/clientes\/base56\/wp-content\/uploads\/2017\/09\/45.jpg\" alt=\"\" width=\"288\" height=\"320\" \/>Talvez voc\u00ea possa tamb\u00e9m em algum momento n\u00e3o ter sentido o amor dos seus pais e sinto muito por isso e mesmo n\u00e3o sabendo os motivos que eles tiveram, digo que carregar esta tristeza n\u00e3o faz bem MESMO e de alguma maneira precisa abandonar este sentimento, esta sensa\u00e7\u00e3o que jamais vai somar na sua vida.<\/p>\n<p style=\"text-align: justify;\">Hoje penso que o amor \u00e9 a base de tudo e mesmo ouvindo as vezes alguns colegas dizendo o contr\u00e1rio, continuo a acreditar que o amor \u00e9 o que faz a grande diferen\u00e7a nas nossas vidas. Quando amamos, tudo fica diferente, tudo fica claro, colorido, lindo e quem n\u00e3o sabe amar n\u00e3o pode falar sobre a magia que existe em ter dentro de s\u00ed este nobre sentimento. Por\u00e9m n\u00e3o ter sido amado na inf\u00e2ncia, n\u00e3o significa n\u00e3o sermos boas pessoas! N\u00e3o significa que n\u00e3o somos importantes!<\/p>\n<p style=\"text-align: justify;\">Algumas pessoas carregam por uma vida inteira esta (aus\u00eancia) de amor na inf\u00e2ncia e a minha experi\u00eancia me ensinou que a maioria de nossos pais amavam a sua maneira e alguns n\u00e3o tinham recursos internos para agir como n\u00f3s agimos nos dias de hoje.<\/p>\n<p style=\"text-align: justify;\">\u00c0s vezes apenas cuidando da maneira como cuidaram era a sua MAIOR demostra\u00e7\u00e3o de amor. \u00c0s vezes colocar comida no prato era amar para aquela m\u00e3e ou para aquele pai.<\/p>\n<p style=\"text-align: justify;\">Uma vez falando com uma cliente de 72 anos que tinha medo de voar, ela teve uma crise de choro e quando perguntei o que tinha acontecido, ela me disse que gostaria de ter dito que amava a sua filha (antes) dela falecer. N\u00e3o era o que est\u00e1vamos trabalhando, mas algo despertou naquele segundo e ela desabafou.<\/p>\n<p style=\"text-align: justify;\">Ela entendia que seus esfor\u00e7os eram a melhor maneira de dizer que a amava e assim acredito que outros pais pensavam, mas hoje as coisas s\u00e3o t\u00e3o diferentes, n\u00e9? Falamos tanto sobre sentimentos, sobre medos, crises, afetos&#8230; Lembro da minha av\u00f3, falando que estava tendo crise de nervos e hoje talvez seria apenas um stress ou uma ansiedade.<\/p>\n<p style=\"text-align: justify;\">Todos n\u00f3s temos algo para reclamar, algo que n\u00e3o ganhamos em alguma idade e penso que temos este direito de reclamar ou at\u00e9 falarmos com os nossos pais e fazermos as nossas queixas, por\u00e9m (carregar) este \u201ctrauma\u201d, esta queixa, esta reclama\u00e7\u00e3o \u00e9 totalmente opcional.<\/p>\n<p style=\"text-align: justify;\">Eu, Eric Pereira tamb\u00e9m j\u00e1 me senti (injusti\u00e7ado) pela aus\u00eancia do meu pai que faleceu quando eu tinha cerca de 2 anos de idade e mesmo sabendo que ele se foi, odiei-o por isso e em algum momento, odiei tamb\u00e9m a minha m\u00e3e pela vida que t\u00ednhamos, por suas escolhas, mas ela fez o melhor (da maneira) que ela podia e sinceramente esta tudo certo, pois depois que compreendi isso muitas coisas mudaram em minha vida.<\/p>\n<p style=\"text-align: justify;\">A sensa\u00e7\u00e3o depois que tomamos (consci\u00eancia) \u00e9 realmente libertadora, pois percebemos que n\u00e3o existe culpados, n\u00e3o existe monstros e v\u00edtimas, apenas pessoas que fizeram o seu melhor da maneira que entenderam e acredito que se este for o seu caso, perceber\u00e1 logo como \u00e9 (libertadora) tal sensa\u00e7\u00e3o.<\/p>\n<p style=\"text-align: justify;\">Liberte-se disso e deixe que o amor se fa\u00e7a presente em sua vida, pois ele existe e pode preencher todas as lacunas que est\u00e3o para ser preenchidas em sua vida&#8230;.Por\u00e9m precisamos permitir que ele entre, precisamos deixar que este amor venha e fa\u00e7a a festa em nossa vida.<\/p>\n<p style=\"text-align: justify;\">Quem sabe seja hoje este dia onde vai tomar consci\u00eancia e em seguida vai abrir um super mega sorriso e se permitir&#8230;.<\/p>\n<p style=\"text-align: justify;\"><em><strong>Compartilhe (por favor) esta dica terap\u00eautica para que outras pessoas possam tamb\u00e9m tomar consci\u00eancia e transformar sua vida.<\/strong><\/em><\/p>\n<p><em>Ser\u00e1 um prazer ter voc\u00ea no meu GRUPO VIP no Telegram, <a href=\"https:\/\/t.me\/alimenteamente\" target=\"_blank\" rel=\"noopener noreferrer\">clique AQUI<\/a> para participar!<\/em><\/p>\n<p style=\"text-align: justify;\"><img decoding=\"async\" class=\"aligncenter size-full wp-image-4116\" src=\"https:\/\/www.ipubli.com.br\/clientes\/base56\/wp-content\/uploads\/2017\/08\/assinatura.jpg\" alt=\"\" width=\"1002\" height=\"300\" srcset=\"https:\/\/www.clinicadehipnoseenutricao.com\/blog\/wp-content\/uploads\/2017\/08\/assinatura.jpg 1002w, https:\/\/www.clinicadehipnoseenutricao.com\/blog\/wp-content\/uploads\/2017\/08\/assinatura-150x45.jpg 150w, https:\/\/www.clinicadehipnoseenutricao.com\/blog\/wp-content\/uploads\/2017\/08\/assinatura-450x135.jpg 450w, https:\/\/www.clinicadehipnoseenutricao.com\/blog\/wp-content\/uploads\/2017\/08\/assinatura-768x230.jpg 768w\" sizes=\"(max-width: 1002px) 100vw, 1002px\" \/><\/p>\n","protected":false},"excerpt":{"rendered":"<p>Na sexta-feira, atendi uma pessoa e a sua hist\u00f3ria mexeu tanto comigo que decidi usar o seu tema como dica terap\u00eautica para ajudar outras pessoas que possuem a mesma queixa. Foi a sua primeira sess\u00e3o e sentia uma certa dificuldade nela em dizer o que realmente estava acontecendo, por\u00e9m, uns 15 minutos depois de falar [&hellip;]<\/p>\n","protected":false},"author":3,"featured_media":4647,"comment_status":"closed","ping_status":"closed","sticky":false,"template":"","format":"standard","meta":{"footnotes":""},"categories":[60],"tags":[],"blocksy_meta":"","_links":{"self":[{"href":"https:\/\/www.clinicadehipnoseenutricao.com\/blog\/wp-json\/wp\/v2\/posts\/4232"}],"collection":[{"href":"https:\/\/www.clinicadehipnoseenutricao.com\/blog\/wp-json\/wp\/v2\/posts"}],"about":[{"href":"https:\/\/www.clinicadehipnoseenutricao.com\/blog\/wp-json\/wp\/v2\/types\/post"}],"author":[{"embeddable":true,"href":"https:\/\/www.clinicadehipnoseenutricao.com\/blog\/wp-json\/wp\/v2\/users\/3"}],"replies":[{"embeddable":true,"href":"https:\/\/www.clinicadehipnoseenutricao.com\/blog\/wp-json\/wp\/v2\/comments?post=4232"}],"version-history":[{"count":0,"href":"https:\/\/www.clinicadehipnoseenutricao.com\/blog\/wp-json\/wp\/v2\/posts\/4232\/revisions"}],"wp:featuredmedia":[{"embeddable":true,"href":"https:\/\/www.clinicadehipnoseenutricao.com\/blog\/wp-json\/wp\/v2\/media\/4647"}],"wp:attachment":[{"href":"https:\/\/www.clinicadehipnoseenutricao.com\/blog\/wp-json\/wp\/v2\/media?parent=4232"}],"wp:term":[{"taxonomy":"category","embeddable":true,"href":"https:\/\/www.clinicadehipnoseenutricao.com\/blog\/wp-json\/wp\/v2\/categories?post=4232"},{"taxonomy":"post_tag","embeddable":true,"href":"https:\/\/www.clinicadehipnoseenutricao.com\/blog\/wp-json\/wp\/v2\/tags?post=4232"}],"curies":[{"name":"wp","href":"https:\/\/api.w.org\/{rel}","templated":true}]}}