{"id":5000,"date":"2017-04-18T18:33:31","date_gmt":"2017-04-18T21:33:31","guid":{"rendered":"https:\/\/www.ericpereira.eu\/blog\/?p=3885"},"modified":"2017-04-18T18:33:31","modified_gmt":"2017-04-18T21:33:31","slug":"3885-2","status":"publish","type":"post","link":"https:\/\/www.clinicadehipnoseenutricao.com\/blog\/3885-2\/","title":{"rendered":"O QUE AS PESSOAS V\u00c3O PENSAR?"},"content":{"rendered":"<p style=\"text-align: justify;\">Confesso que j\u00e1 escrevi artigos que n\u00e3o publiquei, \u00e1udios que jamais foram para o ar e v\u00eddeos que apaguei assim que os gravei e tudo isso porque me senti inseguro com o que as pessoas iriam pensar.<\/p>\n<p style=\"text-align: justify;\">N\u00e3o sou a estrela do Desenvolvimento Pessoal, mas tenho umas pessoas a\u00ed que me seguem, que gostam do que escrevo ou gravo e no in\u00edcio me preocupava muito com o que eles iriam pensar \u201ce\u201d o que os meus colegas da mesma \u00e1rea pensariam sobre&#8230;.rs<\/p>\n<p style=\"text-align: justify;\">Hoje at\u00e9 posso dar uma leve risada quando lembro de tudo isso, por\u00e9m de engra\u00e7ado n\u00e3o tem nada, pois depender da aprova\u00e7\u00e3o das pessoas para expressarmos a nossa opini\u00e3o \u00e9 MESMO e sem nenhuma d\u00favida uma grande besteira e pode se tornar uma mania, uma obsess\u00e3o, uma doen\u00e7a.<\/p>\n<p style=\"text-align: justify;\">Existiu sim uma \u00e9poca da minha vida que tudo que eu desejava era ser um \u201cpersonagem\u201d e p.r.e.c.i.s.a.v.a que as pessoas me amassem, me aceitasse e falassem muito bem de mim. Nem me pergunte porque, pois simplesmente n\u00e3o sei e talvez, s\u00f3 talvez tinha alguma liga\u00e7\u00e3o com uma car\u00eancia gigante que eu tinha ou pode ter uma liga\u00e7\u00e3o com a \u00e9poca (louca) da minha vida em que eu era inconsequente, irrespons\u00e1vel e errei muito e quem sabe na sequ\u00eancia queria que todos me vissem como \u201cO Cara Legal\u201d&#8230;sei l\u00e1!<\/p>\n<p style=\"text-align: justify;\">O facto \u00e9 que decidi deixar de agradar a plateia e passei a ser eu mesmo, como sou, como penso e a imagem de super her\u00f3i morreu e me tornei de carne e osso. Parei de usar um sobrenome (Marketing) que usava e assumi o meu nome mesmo (Eric Pereira), assumi a minha hist\u00f3ria, a minha energia e decidi aceitar a minha miss\u00e3o de vida&#8230;e neste caminho tantas coisas aconteceram&#8230;. e como!!!<\/p>\n<p style=\"text-align: justify;\">Acertei algumas vezes, errei outras e fui julgado em ambas as situa\u00e7\u00f5es e mesmo agindo corretamente, teve \u201caqueles\u201d que pensavam contr\u00e1rio, usaram os seus filtros, as suas lentes e atrav\u00e9s destas lentes enxergaram a \u00fanica coisa que poderiam enxergar e falaram mal, jogaram pedra e nesta fase eu j\u00e1 estava \u201cvacinado\u201d e apenas continuei a caminhar e viver a minha vida&#8230;. Sem dar nenhuma import\u00e2ncia para aquelas palavras vazias.<\/p>\n<p style=\"text-align: justify;\"><img fetchpriority=\"high\" decoding=\"async\" class=\"aligncenter size-full wp-image-3892\" src=\"https:\/\/www.ericpereira.eu\/blog\/wp-content\/uploads\/2017\/04\/consultorio-eric-pereira.jpg\" alt=\"consultorio-eric-pereira\" width=\"1200\" height=\"300\" \/><\/p>\n<p style=\"text-align: justify;\">Vejo no consult\u00f3rio muitos clientes preocupados com o que o \u201coutro\u201d vai pensar e por este medo irracional deixam de fazer, abandonam o sonho, calam-se diante de situa\u00e7\u00f5es e ao inv\u00e9s de colocar para fora, simplesmente engolem e depois n\u00e3o sabem dizer o porque sentem o corpo a tremer, dizem ter medo e p\u00e2nico e n\u00e3o percebem que foram guardando palavras, acumulando frustra\u00e7\u00f5es e o que podia ter sido rem\u00e9dio e curado a alma, se tornou veneno e a adoeceu, simples assim!<\/p>\n<p style=\"text-align: justify;\">Estou sempre exposto! Sempre! Ao escrever este artigo estou exposto a receber elogios, criticas e at\u00e9 ofensas e esta foi A MINHA escolha. Pensam que todos os meus v\u00eddeos recebem elogios? Algumas vezes recebo duras cr\u00edticas e muitos e-mails. Os que s\u00e3o apenas cr\u00edticas, leio e avalio sempre com gratid\u00e3o, pois algu\u00e9m al\u00e9m de ter visto, se deu ao trabalho de enviar uma mensagem expondo a sua opini\u00e3o. Mas \u00e0s vezes recebo textos com palavras fortes, onde sou chamado de lixo, de bandido, de enganador e at\u00e9 de Bruxo! Estes, respiro fundo, sorriu e deleto!<\/p>\n<p style=\"text-align: justify;\">Tem uma pessoa que j\u00e1 fiz neg\u00f3cios com ele (e gra\u00e7as a Deus), n\u00e3o fa\u00e7o mais que a cada artigo meu (este deve ser igual), ele escreve coisas horr\u00edveis! E \u201cj\u00e1\u201d me chateei, mas hoje nem me importo e sabe porqu\u00ea ? Porque fiz tudo que estava ao meu alcance para sair naquela sociedade de cabe\u00e7a erguida e paguei caro por isso ($$$) e de nada adiantou e porqu\u00ea ? N\u00e3o se tratava de dinheiro, mas da lente que ele usou e usa at\u00e9 hoje e provavelmente vai morrer utilizando&#8230;.<\/p>\n<p style=\"text-align: justify;\">Se formos nos preocupar SEMPRE com a opini\u00e3o de todas as pessoas, jamais vamos ter a oportunidade de experienciar o real sentido da palavra viver&#8230;. \u00c9 prov\u00e1vel que estas mesmas pessoas que nos julgam e vomitam suas raivas e frustra\u00e7\u00f5es, nem se importem em fazer o que fazem e somos n\u00f3s que devemos nos importar? Rssss Por favor, n\u00e9?<\/p>\n<p style=\"text-align: justify;\">Quantas oportunidades perdeu por ter este medo de agir e ser criticado? De comentar e ser questionado? Eu gosto (muito) de acreditar que quando falamos ou agimos usando a nossa melhor vers\u00e3o, pouco importa o que v\u00e3o dizer! O que importa \u00e9 que est\u00e1 mergulhando de cora\u00e7\u00e3o aberto e alma lavada e vai com absoluta certeza agradar a muitos e outros v\u00e3o torcer o nariz e pode ser por desejarem ter a sua coragem ou desejarem ter a sua capacidade ou mesmo por motivo nenhum, s\u00e3o assim e pronto! Faz parte de sua natureza!<\/p>\n<p style=\"text-align: justify;\"><em><strong>&#8220;Sapinho, voc\u00ea poderia me carregar at\u00e9 a outra margem deste rio t\u00e3o largo?&#8221;<\/strong><\/em><br \/>\n<em><strong> O sapo respondeu: &#8220;S\u00f3 se eu fosse tolo! Voc\u00ea vai me picar, eu vou ficar paralisado e vou afundar.&#8221;<\/strong><\/em><\/p>\n<p style=\"text-align: justify;\"><em><strong>Disse o escorpi\u00e3o: &#8220;Isso \u00e9 rid\u00edculo! Se eu o picasse, ambos afundar\u00edamos. Eu jamais pagaria o bem com o mal&#8221;<\/strong><\/em><\/p>\n<p style=\"text-align: justify;\"><em><strong>Confiando na l\u00f3gica do escorpi\u00e3o, o sapo concordou e levou o escorpi\u00e3o nas costas, enquanto nadava para atravessar o rio.<\/strong><\/em><br \/>\n<em><strong> No meio do rio, o escorpi\u00e3o cravou seu ferr\u00e3o no sapo.<\/strong><\/em><br \/>\n<em><strong> Atingido pelo veneno, j\u00e1 atingindo a margem do rio e j\u00e1 come\u00e7ando a afundar, o sapo voltou-se para o escorpi\u00e3o e perguntou:<\/strong><\/em><\/p>\n<p style=\"text-align: justify;\"><em><strong>&#8220;Por qu\u00ea? Por qu\u00ea?&#8221;<\/strong><\/em><\/p>\n<p style=\"text-align: justify;\"><em><strong>E o escorpi\u00e3o respondeu: &#8220;Por que sou um escorpi\u00e3o e essa \u00e9 a minha natureza.&#8221;<\/strong><\/em><\/p>\n<p style=\"text-align: justify;\">Eu tenho (\u00e9 claro) um cuidado especial com o que escrevo, com o que gravo em \u00e1udio ou v\u00eddeo para que seja o mais intenso e verdadeiro poss\u00edvel e que n\u00e3o ofenda as pessoas. Estudo muito e estou sempre me atualizando para transmitir os melhores conte\u00fados, por\u00e9m as vezes sai um palavr\u00e3o ou uma frase mais dura e muitas vezes a inten\u00e7\u00e3o foi esta mesmo e fa\u00e7o isso pois sou assim no dia a dia! Se tenho que dizer eu te amo, digo MESMO e se tiver que mandar para a casa do caralho, tamb\u00e9m mando com a mesma facilidade e insisto sempre para as pessoas prestarem MUITA aten\u00e7\u00e3o e falo: &#8220;Ohhhh Aten\u00e7\u00e3o!!!&#8221; A vida est\u00e1 passando e alguns adoram e outros odeiam e sabe onde est\u00e1 o meu foco, n\u00e9? Rsss&#8230; Obviamente nas que gostam.<\/p>\n<p style=\"text-align: justify;\">Outro dia uma secret\u00e1ria me disse, a 5 minutos da minha palestra come\u00e7ar que estava muito preocupada com as 50 pessoas que n\u00e3o vieram! Eu nem estava pensando nelas, pois n\u00e3o podia dar aten\u00e7\u00e3o, colocar a minha energia, a minha for\u00e7a justamente \u201cnas pessoas que n\u00e3o estavam ali\u201d, seja l\u00e1 o motivo que tiveram!<\/p>\n<p style=\"text-align: justify;\"><img decoding=\"async\" class=\"aligncenter size-full wp-image-3890\" src=\"https:\/\/www.ericpereira.eu\/blog\/wp-content\/uploads\/2017\/04\/free.jpg\" alt=\"free\" width=\"1200\" height=\"300\" \/>Minha aten\u00e7\u00e3o tem que ser justamente para quem estava ali me prestigiando! Elas SIMSIM, merecem o meu melhor e pensamentos como este, com o tempo me fizeram compreender que deveria dar o meu melhor, valorizar e.x.c.l.u.s.i.v.a.m.e.n.t.e estas pessoas!<\/p>\n<p style=\"text-align: justify;\">Aqueles que comentam os meus artigos, postagens e v\u00eddeos t\u00eam uma aten\u00e7\u00e3o MAIOR e porqu\u00ea? Porque sei quem s\u00e3o! E sei que muitos permanecem an\u00f3nimos e adoram o meu trabalho, pois quando me encontram comentam e falam daquele artigo ou da dica que o ajudou, mas como saberia antes? Sou f\u00e3 dos sinceros e honestos.<\/p>\n<p style=\"text-align: justify;\">E tenho certeza que alguns v\u00e3o criticar este artigo e v\u00e3o escolher palavras bonitas e textos fortes para \u201cjustificar\u201d que&#8230;. E eu como sempre n\u00e3o quero saber! E se for uma destas pessoas, meu conselho \u00e9 guarde para si a sua opini\u00e3o e n\u00e3o tente de maneira nenhuma pegar a sua opini\u00e3o e me vender embrulhada em papel de presente e la\u00e7o vermelho! Tem presentes que logo digo N\u00c3O! Simples assim MESMO!<\/p>\n<p style=\"text-align: justify;\">E sugiro que voc\u00ea leitor, fa\u00e7o o mesmo! Abra apenas os presentes que tiver certeza que s\u00e3o especiais e que somar\u00e3o em sua vida e fora isso, n\u00e3o aceite!<\/p>\n<p style=\"text-align: justify;\">Liberte-se destas correntes que lhe prendem a \u201caprova\u00e7\u00e3o\u201d alheia. Quando fazemos a nossa parte bem feita e muito bem feita e colocamos ingredientes como amor, aten\u00e7\u00e3o honestidade no que fazemos, a nossa preocupa\u00e7\u00e3o tem que ser perto de zero, pois n\u00e3o ser\u00e1 a (reprova\u00e7\u00e3o) do outro que vai mudar o que fez ou como fez e se prestar muita aten\u00e7\u00e3o os coment\u00e1rios, cr\u00edticas e reprova\u00e7\u00f5es N\u00c3O podem limitar a sua vida ou atrapalhar! De maneira nenhuma, a n\u00e3o ser que voc\u00ea e exclusivamente voc\u00ea permita!<\/p>\n<p style=\"text-align: justify;\">Que pensem bem, que pensem mal \u00e9 um problema \u00fanico e exclusivamente \u201cdaquela\u201d pessoa e isso t\u00eam TUDO a ver com a cria\u00e7\u00e3o dela, seus filtros, suas lentes e n\u00e3o com voc\u00ea.<\/p>\n<p style=\"text-align: justify;\">Ent\u00e3o desejo que se encoraje, que respire fundo, encha o peito e comece a viver para voc\u00ea, que comece a fazer o que faz sentido para ti e que principalmente comece (e jamais pare) a construir a sua felicidade! Preste Aten\u00e7\u00e3o!!! A SUA FELICIDADE! E de mais ningu\u00e9m.<\/p>\n<p style=\"text-align: justify;\">Agora que tal compartilhar este artigo para outras pessoas se beneficiarem tamb\u00e9m eh?<br \/>\nAbra\u00e7os Hipn\u00f3ticos,<\/p>\n<p><em><strong>Tenho um GRUPO VIP no Telegram e ser\u00e1 um prazer imenso ter sua presen\u00e7a l\u00e1. <a href=\"https:\/\/t.me\/alimenteamente\" target=\"_blank\" rel=\"noopener noreferrer\">Clique aqui<\/a> para participar!<\/strong><\/em><\/p>\n<p style=\"text-align: justify;\"><img decoding=\"async\" class=\"aligncenter size-full wp-image-3876\" src=\"https:\/\/www.ericpereira.eu\/blog\/wp-content\/uploads\/2017\/04\/assinatura.jpg\" alt=\"assinatura\" width=\"1400\" height=\"190\" \/><\/p>\n","protected":false},"excerpt":{"rendered":"<p>Confesso que j\u00e1 escrevi artigos que n\u00e3o publiquei, \u00e1udios que jamais foram para o ar e v\u00eddeos que apaguei assim que os gravei e tudo isso porque me senti inseguro com o que as pessoas iriam pensar. N\u00e3o sou a estrela do Desenvolvimento Pessoal, mas tenho umas pessoas a\u00ed que me seguem, que gostam do [&hellip;]<\/p>\n","protected":false},"author":3,"featured_media":5001,"comment_status":"closed","ping_status":"closed","sticky":false,"template":"","format":"standard","meta":{"footnotes":""},"categories":[60],"tags":[],"blocksy_meta":"","_links":{"self":[{"href":"https:\/\/www.clinicadehipnoseenutricao.com\/blog\/wp-json\/wp\/v2\/posts\/5000"}],"collection":[{"href":"https:\/\/www.clinicadehipnoseenutricao.com\/blog\/wp-json\/wp\/v2\/posts"}],"about":[{"href":"https:\/\/www.clinicadehipnoseenutricao.com\/blog\/wp-json\/wp\/v2\/types\/post"}],"author":[{"embeddable":true,"href":"https:\/\/www.clinicadehipnoseenutricao.com\/blog\/wp-json\/wp\/v2\/users\/3"}],"replies":[{"embeddable":true,"href":"https:\/\/www.clinicadehipnoseenutricao.com\/blog\/wp-json\/wp\/v2\/comments?post=5000"}],"version-history":[{"count":0,"href":"https:\/\/www.clinicadehipnoseenutricao.com\/blog\/wp-json\/wp\/v2\/posts\/5000\/revisions"}],"wp:featuredmedia":[{"embeddable":true,"href":"https:\/\/www.clinicadehipnoseenutricao.com\/blog\/wp-json\/wp\/v2\/media\/5001"}],"wp:attachment":[{"href":"https:\/\/www.clinicadehipnoseenutricao.com\/blog\/wp-json\/wp\/v2\/media?parent=5000"}],"wp:term":[{"taxonomy":"category","embeddable":true,"href":"https:\/\/www.clinicadehipnoseenutricao.com\/blog\/wp-json\/wp\/v2\/categories?post=5000"},{"taxonomy":"post_tag","embeddable":true,"href":"https:\/\/www.clinicadehipnoseenutricao.com\/blog\/wp-json\/wp\/v2\/tags?post=5000"}],"curies":[{"name":"wp","href":"https:\/\/api.w.org\/{rel}","templated":true}]}}