{"id":5112,"date":"2018-01-09T09:13:34","date_gmt":"2018-01-09T11:13:34","guid":{"rendered":"https:\/\/www.ericpereira.eu\/blog\/?p=5112"},"modified":"2018-01-09T09:13:34","modified_gmt":"2018-01-09T11:13:34","slug":"medooo-eu-tenho-9365","status":"publish","type":"post","link":"https:\/\/www.clinicadehipnoseenutricao.com\/blog\/medooo-eu-tenho-9365\/","title":{"rendered":"MEDOOO! Eu Tenho! &#8211; 9\/365"},"content":{"rendered":"<p style=\"text-align: justify;\">Existem muitos tipos de medos! E n\u00e3o tenho a inten\u00e7\u00e3o hoje de falar sobre medos espec\u00edficos, como o de conduzir ou o de pessoas!<\/p>\n<p style=\"text-align: justify;\">Quero abordar o medo de uma forma, mais l\u00fadica, quero falar do medo vil\u00e3o, sombra, ladr\u00e3o de sonhos! Em 2017 falei muitas vezes sobre ele e continuo achando que \u00e9 um tema atual, pois desde que atendo pessoas que ou\u00e7o-as reclamando de ter medo de fazer isso ou aquilo.<\/p>\n<p style=\"text-align: justify;\">S\u00e3o as mais v\u00e1rias descri\u00e7\u00f5es de como esta sensa\u00e7\u00e3o do nada tomou conta e travou e impediu o Jo\u00e3o de pegar o avi\u00e3o, a M\u00f3nica de dizer sim ao pedido de casamento, ao Pedro de chegar ao final do t\u00fanel, o Carlos de pedir demiss\u00e3o e tantos outros que conheci nestes 18 anos como terapeuta. Alguns contavam suas hist\u00f3rias sorrindo, outro com l\u00e1grimas nos olhos e muitos mal conseguiam explicar.<\/p>\n<p style=\"text-align: justify;\">O facto \u00e9 que este \u201cladr\u00e3o de sonhos\u201d tem como maior for\u00e7a roubar a ess\u00eancia das pessoas, ele chega devagar e tomando formas diferentes&#8230; Primeiro sopra ao ouvido frases como: \u201ccuidado\u201d, \u201cdevagar\u201d, \u201cvai se machucar\u201d, \u201cisso n\u00e3o \u00e9 para ti\u201d, \u201cn\u00e3o vai conseguir\u201d, depois se transforma em sensa\u00e7\u00f5es, fazendo as pernas tremerem, rouba o f\u00f4lego, brinca no est\u00f4mago, percorre a espinha, arrepia os bra\u00e7os e assim continua sendo mais intenso com uns e mais brando com outros.<\/p>\n<p style=\"text-align: justify;\">Quando (EU) penso sobre medo, penso de verdade que todos n\u00f3s temos algum tipo de medo, talvez uma certa inseguran\u00e7a de perdermos algu\u00e9m que amamos, talvez de uma situa\u00e7\u00e3o acontecer e nos pegar desprevenidos, eu n\u00e3o sei! Mas o facto \u00e9 que se ele se torna presente e mais forte em sua vida, talvez seja porque deixou alguma porta aberta para ele entrar e poder ir dominando a situa\u00e7\u00e3o, pois se desde o in\u00edcio lutamos, dizemos n\u00e3o e enfrentamos, seria muito dif\u00edcil ele se instalar, compreende? Eu penso assim, por\u00e9m entendo que a maioria das pessoas n\u00e3o vivem no momento presente, n\u00e3o est\u00e3o conscientes, ent\u00e3o talvez por isso n\u00e3o enxergam ele se aproximando e deixam que de alguma forma ele entre e em algumas mentes fa\u00e7a morada.<\/p>\n<p style=\"text-align: justify;\">Somos \u00f3timos contadores de hist\u00f3rias! Vou repetir: Somos \u00d3TIMOS contadores de HIST\u00d3RIAS! E se prestar aten\u00e7\u00e3o, perceber\u00e1 que quem alimenta a nossa mente somos n\u00f3s, quando come\u00e7amos a imaginar, direcionar, criar, desconstruir e construir de novo toda a nossa hist\u00f3ria e assim vamos dia ap\u00f3s dia alimentando e muitas vezes (ACHAMOS) que estamos agindo de maneira correta, mas estamos apenas adoecendo cada vez mais.<\/p>\n<p style=\"text-align: justify;\">A vida \u00e9 din\u00e2mica e lidamos com pessoas o tempo todo, fatores externos e pode ser que alguns n\u00e3o sejam exatamente como desejam e \u201cneste\u201d momento de frustra\u00e7\u00e3o, decep\u00e7\u00e3o ou onde nos falta o ch\u00e3o, deixamos este tal \u201cmEdO\u201d invadir a nossa vida e (ainda) para piorar, n\u00e3o estamos fortes emocionalmente, tristes ou abalados e acabamos dando for\u00e7a pra ele.<\/p>\n<p style=\"text-align: justify;\">Sabe aquela situa\u00e7\u00e3o que voc\u00ea est\u00e1 triste e encontra um \u201camigo\u201d que ouve a situa\u00e7\u00e3o e diz: \u201cNossa! Eu no seu lugar, j\u00e1 teria me matado!\u201d ou \u201cComo voc\u00ea esta aguentando? Eu ficaria de cama semanas&#8230;\u201d. Nem acho que todos os coment\u00e1rios s\u00e3o feitos carregados de maldades, mas algumas pessoas falam sem filtros e n\u00e3o percebem que est\u00e3o entrando em nossa mente e apertando o \u201cbot\u00e3o\u201d do (Eu disse!!! \u00c9 mesmo GRAVE ISSO).<\/p>\n<p style=\"text-align: justify;\">Ent\u00e3o, na minha opini\u00e3o o \u201cMedo\u201d age assim, como um \u201camigo\u201d ou um \u201cfalso\u201d amigo que vai chegando e colocando (coisas) dentro da nossa mente, ent\u00e3o fique alerta a pensamentos como estes, fique alerta aos condicionamentos, que voc\u00ea mesmo cria, pois eles s\u00e3o perigosos e podem te levar a uma situa\u00e7\u00e3o mais complexa e depois n\u00e3o consegue nem se resolver, nem sair dela e algumas vezes as pessoas s\u00f3 percebem que est\u00e3o envolvidas em um perigoso jogo de medo, anos depois!<\/p>\n<p style=\"text-align: justify;\">Lembro de um cliente (Engenheiro) que me disse que depois de 14 anos percebeu que tinha feito as escolhas que fez, por MEDO! O casamento errado, as trai\u00e7\u00f5es, as propostas de emprego no estrangeiro que recusou e tudo que disse n\u00e3o, depois, mais tarde e quando me procurou usou uma express\u00e3o interessante que foi: \u201cTenho 14 anos de frustra\u00e7\u00e3o acumulada aqui dentro de mim\u201d e aquilo foi mesmo FORTE! Trabalhamos 4 meses, quase 2 vezes por semana para conseguirmos compreender tudo que aconteceu e porqu\u00ea, depois focamos nos ajustes e desenhamos uma nova vida pra ele. Foi um trabalho sensacional.<\/p>\n<p style=\"text-align: justify;\">Acorda para a vida! Respira fundo, come\u00e7a a alimentar a sua mente HOJE, de passos para enfrentar qualquer medo que vier e liberte-se pois quem merece estar no controlo \u00e9 VOC\u00ca! Simples assim.<\/p>\n<p><img fetchpriority=\"high\" decoding=\"async\" class=\"aligncenter size-full wp-image-5097\" src=\"https:\/\/www.ipubli.com.br\/clientes\/base56\/wp-content\/uploads\/2018\/01\/assinatura-2018-.jpg\" alt=\"\" width=\"800\" height=\"350\" srcset=\"https:\/\/www.clinicadehipnoseenutricao.com\/blog\/wp-content\/uploads\/2018\/01\/assinatura-2018-.jpg 800w, https:\/\/www.clinicadehipnoseenutricao.com\/blog\/wp-content\/uploads\/2018\/01\/assinatura-2018--150x66.jpg 150w, https:\/\/www.clinicadehipnoseenutricao.com\/blog\/wp-content\/uploads\/2018\/01\/assinatura-2018--450x197.jpg 450w, https:\/\/www.clinicadehipnoseenutricao.com\/blog\/wp-content\/uploads\/2018\/01\/assinatura-2018--768x336.jpg 768w\" sizes=\"(max-width: 800px) 100vw, 800px\" \/><\/p>\n","protected":false},"excerpt":{"rendered":"<p>Existem muitos tipos de medos! E n\u00e3o tenho a inten\u00e7\u00e3o hoje de falar sobre medos espec\u00edficos, como o de conduzir ou o de pessoas! Quero abordar o medo de uma forma, mais l\u00fadica, quero falar do medo vil\u00e3o, sombra, ladr\u00e3o de sonhos! Em 2017 falei muitas vezes sobre ele e continuo achando que \u00e9 um [&hellip;]<\/p>\n","protected":false},"author":3,"featured_media":5113,"comment_status":"closed","ping_status":"closed","sticky":false,"template":"","format":"standard","meta":{"footnotes":""},"categories":[338],"tags":[],"blocksy_meta":"","_links":{"self":[{"href":"https:\/\/www.clinicadehipnoseenutricao.com\/blog\/wp-json\/wp\/v2\/posts\/5112"}],"collection":[{"href":"https:\/\/www.clinicadehipnoseenutricao.com\/blog\/wp-json\/wp\/v2\/posts"}],"about":[{"href":"https:\/\/www.clinicadehipnoseenutricao.com\/blog\/wp-json\/wp\/v2\/types\/post"}],"author":[{"embeddable":true,"href":"https:\/\/www.clinicadehipnoseenutricao.com\/blog\/wp-json\/wp\/v2\/users\/3"}],"replies":[{"embeddable":true,"href":"https:\/\/www.clinicadehipnoseenutricao.com\/blog\/wp-json\/wp\/v2\/comments?post=5112"}],"version-history":[{"count":0,"href":"https:\/\/www.clinicadehipnoseenutricao.com\/blog\/wp-json\/wp\/v2\/posts\/5112\/revisions"}],"wp:featuredmedia":[{"embeddable":true,"href":"https:\/\/www.clinicadehipnoseenutricao.com\/blog\/wp-json\/wp\/v2\/media\/5113"}],"wp:attachment":[{"href":"https:\/\/www.clinicadehipnoseenutricao.com\/blog\/wp-json\/wp\/v2\/media?parent=5112"}],"wp:term":[{"taxonomy":"category","embeddable":true,"href":"https:\/\/www.clinicadehipnoseenutricao.com\/blog\/wp-json\/wp\/v2\/categories?post=5112"},{"taxonomy":"post_tag","embeddable":true,"href":"https:\/\/www.clinicadehipnoseenutricao.com\/blog\/wp-json\/wp\/v2\/tags?post=5112"}],"curies":[{"name":"wp","href":"https:\/\/api.w.org\/{rel}","templated":true}]}}