{"id":5215,"date":"2018-02-01T10:40:09","date_gmt":"2018-02-01T12:40:09","guid":{"rendered":"https:\/\/www.ericpereira.eu\/blog\/?p=5215"},"modified":"2018-02-01T10:40:09","modified_gmt":"2018-02-01T12:40:09","slug":"risca-ai-menos-31-32365","status":"publish","type":"post","link":"https:\/\/www.clinicadehipnoseenutricao.com\/blog\/risca-ai-menos-31-32365\/","title":{"rendered":"Risca a\u00ed \u2013 Menos 31! &#8211; 32\/365"},"content":{"rendered":"<p style=\"text-align: justify;\">\u00c9 com muita alegria que hoje estou aqui \u201ce\u201d sa\u00fado o m\u00eas de Fevereiro que est\u00e1 come\u00e7ando agora! Eu (Eric Pereira), estou mesmo grato, acabei de riscar da minha agenda o m\u00eas de janeiro, passaram-se 31 dias&#8230; uauu&#8230; Tens no\u00e7\u00e3o disso?<\/p>\n<p style=\"text-align: justify;\">Para os desorganizados de plant\u00e3o, aqueles que quando chega o in\u00edcio de dezembro colocam as suas lindas m\u00e3ozinhas no rosto e dizem: \u201cMeu Deus! J\u00e1 \u00e9 quase natal! Nem vi o ano passar&#8230;.\u201d, tenho um aviso mais que importante e serve para todos n\u00f3s, \u00e9 claro! J\u00e1 se passaram 31 dias&#8230;.Foram 744 horas \u201cou\u201d se preferir 44.460 minutos. (Sim) hoje a dica terap\u00eautica \u00e9 bem s\u00e9ria! Gosto de pensar que todos os dias s\u00e3o! Por\u00e9m hoje \u00e9 uma esp\u00e9cie de alerta, compreende?<\/p>\n<p style=\"text-align: justify;\">Falo insistentemente que vivemos no autom\u00e1tico da vida! Principalmente com tantas informa\u00e7\u00f5es dispon\u00edveis, chegando na velocidade a que chegam e isso pode contribuir para que nos percamos no meio do processo e algumas vezes em algum ponto paramos e nos perguntamos: \u201cPara onde eu ia mesmo?\u201d<\/p>\n<p style=\"text-align: justify;\">A minha experi\u00eancia diz que algumas pessoas v\u00e3o ler esta dica terap\u00eautica e v\u00e3o ignor\u00e1-la, outros v\u00e3o distorc\u00ea-la dizendo que o importante \u00e9 viver, que um dia de cada vez \u00e9 melhor e por a\u00ed vai&#8230;. Frases prontas que ouviram em algum lugar, (n\u00e3o) compreenderam mas aprenderam como papagaios a repetir! Nossa Eric, est\u00e1 jogando pesado n\u00e9? Quando decidi compartilhar dicas terap\u00eauticas nunca pensei em oferecer o meu ombro para ningu\u00e9m chorar, ent\u00e3o acostume-se ou pare de l\u00ea-las! #simplesassim.<\/p>\n<p style=\"text-align: justify;\">Neste 1 de Fevereiro eu sa\u00fado o m\u00eas, desejo que ele seja um m\u00eas m\u00e1gico para todos e ao mesmo tempo fa\u00e7o a pergunta de ouro! \u201cde Ouro\u201d \u2013 O que voc\u00ea fez com os seus 31 dias? Pois todos n\u00f3s (NO MUNDO) recebemos as mesmas 744 horas e penso que sabe, n\u00e9? Agora alguns usaram muito bem, outros usaram mais ou menos e alguns \u201cat\u00e9\u201d agora est\u00e3o se perguntando: \u201cUsar o que?\u201d<\/p>\n<p style=\"text-align: justify;\">Eu iniciei o m\u00eas de Janeiro em Sovere, uma pequena e agrad\u00e1vel cidade no norte da It\u00e1lia e j\u00e1 comecei o ano fazendo pequenos ajustes nas minhas metas, incluindo 2 novas, tomando decis\u00f5es importantes como escrever este ano (2018) 365 dicas terap\u00eauticas!<\/p>\n<p style=\"text-align: justify;\">Nestes 31 dias, ainda marcamos 3 forma\u00e7\u00f5es de hipnose pelo Pa\u00eds (Lisboa, Funchal e Porto), iniciei no Funchal 12 novos tratamentos, 9 em Lisboa e ainda alugamos um espa\u00e7o no Saldanha\/Lisboa. Iniciamos a abertura de 3 novos consult\u00f3rios que se inauguram agora em fevereiro.<\/p>\n<p style=\"text-align: justify;\">Iniciei e terminei o livro: \u201cInabal\u00e1vel\u201d do Tony Robbins, escrevi 31 dicas terap\u00eauticas, 2 artigos, 79 p\u00e1ginas do meu novo livro e preparei o texto de 9 podcasts para gravar agora em fevereiro \u201ce\u201d agora no finalzinho do m\u00eas, estive em Madrid e Roma, participei de 1 importante reuni\u00e3o, tirei um dia inteiro para meditar em um super jardim, gravei 6 v\u00eddeos que estou postando nas redes sociais e fiz 2 Lives, a 1\u00ba sobre \u201cFocar no Ponto certo\u201d e a 2\u00ba sobre \u201cAnsiedade\u201d.<\/p>\n<p style=\"text-align: justify;\">Tamb\u00e9m no m\u00eas de Janeiro tive a grata felicidade de conhecer a querida Joana Costa Meira. Eu gosto de dizer que ela \u00e9 a minha \u201cvers\u00e3o feminina\u201d, pois nunca conheci ningu\u00e9m que se parecesse tanto comigo e a cada dia percebemos isso! Uma Coach incr\u00edvel e habilidosa que integra este m\u00eas de Fevereiro a equipa do Instituto Ponto de Equil\u00edbrio!<\/p>\n<p style=\"text-align: justify;\">Conheci a Joana, tive a felicidade de conhecer dois lugares especiais (dela) e ter uma noite mega, ultra divertida! Muitas horas de divers\u00e3o&#8230;. e outras tantas a tratar cenas s\u00e9rias! Mas rindo na mesma&#8230; (Que \u00e9 o melhor). Ent\u00e3o para quem acha que eu (s\u00f3) trabalho, aten\u00e7\u00e3o! Eu me divirto muito tamb\u00e9m e ainda n\u00e3o acabei de contar o meu m\u00eas de Janeiro! Respira e tenha paci\u00eancia!<\/p>\n<p style=\"text-align: justify;\">Tive um jantar maravilhosa na casa da Cristina C\u00e2mara (Que eu amo), mas esta parte acho que voc\u00ea j\u00e1 sabe&#8230; Me diverti imenso com ela, M\u00f3nica Anast\u00e1cio,C\u00e1tia C\u00e2mara,Carmo Gouveia e com a minha mamys! Ainda encontrei tempo para responder emails, assistir a minha s\u00e9rie e ir algumas vezes ao gin\u00e1sio.<\/p>\n<p style=\"text-align: justify;\">Tamb\u00e9m andei de mota em uma aventura pelo Funchal com minha amiga Frederica de Vasconcellos e foi MESMO divertido!<\/p>\n<p style=\"text-align: justify;\">Ontem (31\/01) realizei o primeiro atendimento na cl\u00ednica nova em Lisboa que ainda n\u00e3o est\u00e1 pronta, mas foi uma estreia. Chegando ao hotel ainda escrevi a estrutura do meu novo programa terap\u00eautico \u201c21 dias para Transformar\u201d e nem estou cansado&#8230;.<\/p>\n<p style=\"text-align: justify;\">E voc\u00ea o que fez com os seus 31 dias? Utilizou-os muito bem? Todos n\u00f3s possu\u00edmos o mesmo tempo e temos a possibilidade, cada um \u00e0 sua maneira de fazermos acontecer! Volto a dizer, que alguns v\u00e3o contar uma hist\u00f3ria sobre isso tudo e outros v\u00e3o sacudir a poeira e v\u00e3o fazer do m\u00eas de Fevereiro o melhor m\u00eas das suas vidas!<\/p>\n<p style=\"text-align: justify;\">Espero que fa\u00e7a acontecer e ACORDE para a vida, pois se tem uma coisa que n\u00e3o viemos fazer aqui \u00e9 apenas \u201cexistir\u201d, ent\u00e3o fa\u00e7a tudo o que for poss\u00edvel para ser feliz!<\/p>\n<p style=\"text-align: justify;\">Desejo um m\u00eas consciente para voc\u00ea tamb\u00e9m!<br \/>\nEu tenho tantos planos para Fevereiro que nem imaginas, mas relaxa que dia 1 de Mar\u00e7o conto tudinho&#8230;.rs!<\/p>\n<p style=\"text-align: justify;\">Vem comigo fazer o m\u00eas de Fevereiro ou vai olhar pra cima e \u201cfingir\u201d que n\u00e3o estou falando contigo?<\/p>\n<p style=\"text-align: justify;\">Responde a\u00ed! Vem ou n\u00e3o?<\/p>\n<p><img fetchpriority=\"high\" decoding=\"async\" class=\"aligncenter size-full wp-image-5137\" src=\"https:\/\/www.ipubli.com.br\/clientes\/base56\/wp-content\/uploads\/2018\/01\/assinatura-2018-1-1.jpg\" alt=\"\" width=\"800\" height=\"350\" srcset=\"https:\/\/www.clinicadehipnoseenutricao.com\/blog\/wp-content\/uploads\/2018\/01\/assinatura-2018-1-1.jpg 800w, https:\/\/www.clinicadehipnoseenutricao.com\/blog\/wp-content\/uploads\/2018\/01\/assinatura-2018-1-1-150x66.jpg 150w, https:\/\/www.clinicadehipnoseenutricao.com\/blog\/wp-content\/uploads\/2018\/01\/assinatura-2018-1-1-450x197.jpg 450w, https:\/\/www.clinicadehipnoseenutricao.com\/blog\/wp-content\/uploads\/2018\/01\/assinatura-2018-1-1-768x336.jpg 768w\" sizes=\"(max-width: 800px) 100vw, 800px\" \/>s<\/p>\n","protected":false},"excerpt":{"rendered":"<p>\u00c9 com muita alegria que hoje estou aqui \u201ce\u201d sa\u00fado o m\u00eas de Fevereiro que est\u00e1 come\u00e7ando agora! Eu (Eric Pereira), estou mesmo grato, acabei de riscar da minha agenda o m\u00eas de janeiro, passaram-se 31 dias&#8230; uauu&#8230; Tens no\u00e7\u00e3o disso? Para os desorganizados de plant\u00e3o, aqueles que quando chega o in\u00edcio de dezembro colocam [&hellip;]<\/p>\n","protected":false},"author":3,"featured_media":5216,"comment_status":"closed","ping_status":"closed","sticky":false,"template":"","format":"standard","meta":{"footnotes":""},"categories":[338],"tags":[343,344],"blocksy_meta":"","_links":{"self":[{"href":"https:\/\/www.clinicadehipnoseenutricao.com\/blog\/wp-json\/wp\/v2\/posts\/5215"}],"collection":[{"href":"https:\/\/www.clinicadehipnoseenutricao.com\/blog\/wp-json\/wp\/v2\/posts"}],"about":[{"href":"https:\/\/www.clinicadehipnoseenutricao.com\/blog\/wp-json\/wp\/v2\/types\/post"}],"author":[{"embeddable":true,"href":"https:\/\/www.clinicadehipnoseenutricao.com\/blog\/wp-json\/wp\/v2\/users\/3"}],"replies":[{"embeddable":true,"href":"https:\/\/www.clinicadehipnoseenutricao.com\/blog\/wp-json\/wp\/v2\/comments?post=5215"}],"version-history":[{"count":0,"href":"https:\/\/www.clinicadehipnoseenutricao.com\/blog\/wp-json\/wp\/v2\/posts\/5215\/revisions"}],"wp:featuredmedia":[{"embeddable":true,"href":"https:\/\/www.clinicadehipnoseenutricao.com\/blog\/wp-json\/wp\/v2\/media\/5216"}],"wp:attachment":[{"href":"https:\/\/www.clinicadehipnoseenutricao.com\/blog\/wp-json\/wp\/v2\/media?parent=5215"}],"wp:term":[{"taxonomy":"category","embeddable":true,"href":"https:\/\/www.clinicadehipnoseenutricao.com\/blog\/wp-json\/wp\/v2\/categories?post=5215"},{"taxonomy":"post_tag","embeddable":true,"href":"https:\/\/www.clinicadehipnoseenutricao.com\/blog\/wp-json\/wp\/v2\/tags?post=5215"}],"curies":[{"name":"wp","href":"https:\/\/api.w.org\/{rel}","templated":true}]}}