{"id":5350,"date":"2018-03-01T17:59:49","date_gmt":"2018-03-01T20:59:49","guid":{"rendered":"https:\/\/www.ericpereira.eu\/blog\/?p=5350"},"modified":"2018-03-01T17:59:49","modified_gmt":"2018-03-01T20:59:49","slug":"59-dias-e-quantas-metas-alcancadas-59365","status":"publish","type":"post","link":"https:\/\/www.clinicadehipnoseenutricao.com\/blog\/59-dias-e-quantas-metas-alcancadas-59365\/","title":{"rendered":"59 dias e quantas metas alcan\u00e7adas? &#8211; 59\/365"},"content":{"rendered":"<p style=\"text-align: justify;\">Hoje andava eu no supermercado e me deparei com uma prateleira repletas de ovos de P\u00e1scoa e logo pensei! Mal o pai natal se foi e o coelhinho da P\u00e1scoa j\u00e1 est\u00e1 chegando? Olha que se foram 59 dias mesmo r\u00e1pido e comecei a pensar quantas das minhas metas \u201cj\u00e1\u201d atingi?<\/p>\n<p style=\"text-align: justify;\">Abri o Instituto Ponto de Equil\u00edbrio em Lisboa, finalizei 32 clientes de hipnose e 16 de Coaching e fechei um importante neg\u00f3cio na Espanha. Por\u00e9m falhei em 3 metas que tinham que ser conclu\u00eddas at\u00e9 o final de fevereiro e s\u00e3o elas: ter voltado para o gin\u00e1sio, iniciado uma dieta e ter iniciado em uma curso de Ingl\u00eas! No entanto, adiantei uma que era para final de Abril: aluguei um apartamento em Lisboa.<\/p>\n<p style=\"text-align: justify;\">As que consegui, vibrei e acredite que comemorei cada uma delas com muita garra e agora escrevendo esta dica percebi as que n\u00e3o consegui e respirei fundo e (n\u00e3o) esta tudo certo, pois foi mesmo falta de tempo e porque me faltou tempo? Planeamento errado em outros setores da minha vida, ent\u00e3o resumindo, fui indisciplinado e n\u00e3o existe desculpa ou historinhas para justificar! Ops! At\u00e9 existem, mas n\u00e3o vou contar! Errei e agora \u00e9 hora de fazer ajustes para que isso entre na programa\u00e7\u00e3o de Mar\u00e7o e Abril.<\/p>\n<p style=\"text-align: justify;\">59 dias e a minha pergunta \u00e9: E voc\u00ea? Tem conseguido? Nestes 59 dias viveu no autom\u00e1tico ou est\u00e1 consciente dos seus passos? Nestes 59 dias tem feito MESMO coisas para somar no seu processo de evolu\u00e7\u00e3o ou tem apenas vivido um dia de cada vez?<\/p>\n<p style=\"text-align: justify;\">Sempre que tenho oportunidade pergunto aos meus clientes o que eles est\u00e3o fazendo com os dias de 2018 e alguns respondem: \u201ccomo assim? O que estou fazendo? N\u00e3o entendi a pergunta! Estou vivendo a minha vida!\u201d Pelas suas respostas e express\u00f5es faciais percebo claramente que est\u00e3o vivendo um dia de cada vez e deixando a vida os levar e isso n\u00e3o \u00e9 muito bom, n\u00e3o acha? Bom, pelo menos eu n\u00e3o gosto!<\/p>\n<p style=\"text-align: justify;\">Aten\u00e7\u00e3o que n\u00e3o devemos aqui nos desesperar, ok?! Nada disso! Vamos \u00e9 compreender que sim, se passaram 58 dias, ok! Por\u00e9m ainda temos muitos dias pela frente e podemos aproveit\u00e1-los bem melhor! Eu (Eric Pereira) sou um pouco exigente comigo na quest\u00e3o tempo e se me segue h\u00e1 muito tempo sabe disso, pois acredito que tempo \u00e9 mesmo uma quest\u00e3o de prefer\u00eancia e quando fazemos uma escolha estamos deixando outra de lado e est\u00e1 tudo certo (desde) que saibamos o que estamos fazendo.<\/p>\n<p style=\"text-align: justify;\">Gosto de acreditar que a minha moeda mais preciosa, o meu diamante dos diamantes \u00e9 o tempo e aproveit\u00e1-lo muito bem me d\u00e1 uma sensa\u00e7\u00e3o de liberdade, de estar vivendo o melhor da vida! Gosto de empregar muito bem o meu tempo seja trabalhando, seja descansando ou at\u00e9 lendo um bom livro! Adoro!<\/p>\n<p style=\"text-align: justify;\">Fico um pouco chateado quando o estou desperdi\u00e7ando! \u00c0s vezes imagino que l\u00e1 na frente quando estiver velhinho vou me arrepender de perder este tempo, entende? Posso precisar, posso desejar imensamente ter mais 30 dias de vida ou at\u00e9 algumas horas e seria muito ruim saber que desperdicei em algum dia.<\/p>\n<p style=\"text-align: justify;\">Alguns me chamam de chato e est\u00e1 tudo certo tamb\u00e9m! S\u00f3 n\u00e3o sei porque estas pessoas continuam me seguindo e lendo as minhas coisas, ahh deve ser para ter material para criticarem, n\u00e9? Rss! Enfim, vamos voltar pra c\u00e1! #foco!<\/p>\n<p style=\"text-align: justify;\">Percebe como \u00e9 f\u00e1cil nos distrairmos e entrarmos para um caminho que n\u00e3o nos leva a lugar algum? Eu acredito mesmo que estes caminhos que n\u00e3o nos levam a lugar algum existem MESMO e se n\u00e3o prestarmos aten\u00e7\u00e3o em um estalar de dedos estamos seguindo por ele e quando percebemos estamos simplesmente perdidos e sem saber qual \u00e9 o caminho certo.<\/p>\n<p style=\"text-align: justify;\">Ent\u00e3o depois de ler sobre os 59 dias que j\u00e1 se passaram a segunda pergunta aqui \u00e9: \u201cE os pr\u00f3ximos dias? Ser\u00e3o perdidos? Vai se distrair? Vai ficar a\u00ed perguntando o qu\u00ea? Do que ele est\u00e1 falando?\u201dOu vai ligar o motor do (EU QUERO MAIS) e vai fazer mesmo a vida acontecer?<\/p>\n<p style=\"text-align: justify;\">A dica pode \u201cat\u00e9\u201d ser minha, mas a decis\u00e3o \u00e9 completamente sua!<\/p>\n<p><img fetchpriority=\"high\" decoding=\"async\" class=\"alignnone size-full wp-image-5328\" src=\"https:\/\/www.ipubli.com.br\/clientes\/base56\/wp-content\/uploads\/2018\/02\/assinatura-2018-1-1.jpg\" alt=\"\" width=\"800\" height=\"350\" srcset=\"https:\/\/www.clinicadehipnoseenutricao.com\/blog\/wp-content\/uploads\/2018\/02\/assinatura-2018-1-1.jpg 800w, https:\/\/www.clinicadehipnoseenutricao.com\/blog\/wp-content\/uploads\/2018\/02\/assinatura-2018-1-1-150x66.jpg 150w, https:\/\/www.clinicadehipnoseenutricao.com\/blog\/wp-content\/uploads\/2018\/02\/assinatura-2018-1-1-450x197.jpg 450w, https:\/\/www.clinicadehipnoseenutricao.com\/blog\/wp-content\/uploads\/2018\/02\/assinatura-2018-1-1-768x336.jpg 768w\" sizes=\"(max-width: 800px) 100vw, 800px\" \/><\/p>\n","protected":false},"excerpt":{"rendered":"<p>Hoje andava eu no supermercado e me deparei com uma prateleira repletas de ovos de P\u00e1scoa e logo pensei! Mal o pai natal se foi e o coelhinho da P\u00e1scoa j\u00e1 est\u00e1 chegando? Olha que se foram 59 dias mesmo r\u00e1pido e comecei a pensar quantas das minhas metas \u201cj\u00e1\u201d atingi? Abri o Instituto Ponto [&hellip;]<\/p>\n","protected":false},"author":3,"featured_media":5351,"comment_status":"closed","ping_status":"closed","sticky":false,"template":"","format":"standard","meta":{"footnotes":""},"categories":[338],"tags":[419,420,343,434,344],"blocksy_meta":"","_links":{"self":[{"href":"https:\/\/www.clinicadehipnoseenutricao.com\/blog\/wp-json\/wp\/v2\/posts\/5350"}],"collection":[{"href":"https:\/\/www.clinicadehipnoseenutricao.com\/blog\/wp-json\/wp\/v2\/posts"}],"about":[{"href":"https:\/\/www.clinicadehipnoseenutricao.com\/blog\/wp-json\/wp\/v2\/types\/post"}],"author":[{"embeddable":true,"href":"https:\/\/www.clinicadehipnoseenutricao.com\/blog\/wp-json\/wp\/v2\/users\/3"}],"replies":[{"embeddable":true,"href":"https:\/\/www.clinicadehipnoseenutricao.com\/blog\/wp-json\/wp\/v2\/comments?post=5350"}],"version-history":[{"count":0,"href":"https:\/\/www.clinicadehipnoseenutricao.com\/blog\/wp-json\/wp\/v2\/posts\/5350\/revisions"}],"wp:featuredmedia":[{"embeddable":true,"href":"https:\/\/www.clinicadehipnoseenutricao.com\/blog\/wp-json\/wp\/v2\/media\/5351"}],"wp:attachment":[{"href":"https:\/\/www.clinicadehipnoseenutricao.com\/blog\/wp-json\/wp\/v2\/media?parent=5350"}],"wp:term":[{"taxonomy":"category","embeddable":true,"href":"https:\/\/www.clinicadehipnoseenutricao.com\/blog\/wp-json\/wp\/v2\/categories?post=5350"},{"taxonomy":"post_tag","embeddable":true,"href":"https:\/\/www.clinicadehipnoseenutricao.com\/blog\/wp-json\/wp\/v2\/tags?post=5350"}],"curies":[{"name":"wp","href":"https:\/\/api.w.org\/{rel}","templated":true}]}}