{"id":5448,"date":"2018-03-26T11:58:08","date_gmt":"2018-03-26T14:58:08","guid":{"rendered":"https:\/\/www.ericpereira.eu\/blog\/?p=5448"},"modified":"2018-03-26T11:58:08","modified_gmt":"2018-03-26T14:58:08","slug":"meu-lado-menos-bom-81365","status":"publish","type":"post","link":"https:\/\/www.clinicadehipnoseenutricao.com\/blog\/meu-lado-menos-bom-81365\/","title":{"rendered":"MEU LADO (MENOS) BOM! &#8211; 81\/365"},"content":{"rendered":"<p style=\"text-align: justify;\">Interessante que hoje fiquei aqui pensando no melhor t\u00edtulo para falar sobre sombras! Sobre aquela parte nossa que nem sempre gostamos, que evitamos e que muitas pessoas fogem ou negam em tempo integral e falar deste meu lado (menos) bom me pareceu mais leve por\u00e9m, o que gostaria mesmo era que fosse: Meu lado Sombra! O mostro que habita em mim ou Veia do mal&#8230;Mas pensei que poderia assustar algumas pessoas!<\/p>\n<p style=\"text-align: justify;\">Enfim, chame como quiser chamar, eu acredito que todos n\u00f3s temos um lado \u201csombra\u201d, um lado (menos) bom e \u00e0s vezes negamos este lado ou fugimos dele, mas com o tempo descobri que fugir dele n\u00e3o \u00e9 nem de perto a melhor op\u00e7\u00e3o, ent\u00e3o parei de fugir e comecei a olhar para ele de frente! Cara a cara! Eu confesso que as primeiras vezes me faltou ar, as pernas tremeram at\u00e9 eu ter coragem de estender a m\u00e3o e me apresentar, dizendo: \u201cOl\u00e1 Sou o Eric Pereira! Tudo bem?\u201d<\/p>\n<p style=\"text-align: justify;\">Nestes anos em consult\u00f3rio ajudei centenas de pessoas a estarem diante de suas sombras, mesmo aquelas pessoas que diziam que n\u00e3o tinham uma \u201csombra\u201d e aqueles que diziam que o lado (menos) bom era culpa do seu pai autorit\u00e1rio ou da m\u00e3e ausente ou \u201cat\u00e9\u201d dos governantes que&#8230;. \u00c0s vezes me pergunto porque tantas pessoas preferem (culpar) o outro ao inv\u00e9s de encontrar as respostas certas e resolver, n\u00e9?! Aprendi que quando apontamos o dedo pra fora, n\u00e3o enxergamos \u201cdentro\u201d e assim vamos negando e permitindo que o lado (menos) bom nos consuma de alguma maneira. Forte isso? N\u00e3ooooo, continue negando as suas sombras que a\u00ed sim vai saber o que \u00e9 forte!<\/p>\n<p style=\"text-align: justify;\">Eu tamb\u00e9m fui um (negador) e durante uns anos achava que a culpa era do meu pai que faleceu e de alguma maneira n\u00e3o esteve presente em minha vida, por\u00e9m quando aprendi a olhar para dentro percebi que estas tais \u201csombras\u201d n\u00e3o mereciam ser alimentadas com historinhas e contos. Ent\u00e3o resolvi estender a m\u00e3o, me apresentar e aos poucos fui percebendo que elas \u00e0s vezes me dominavam me transformando em um Super Mega Ego\u00edsta!<\/p>\n<p style=\"text-align: justify;\">N\u00e3o estou falando de um Ego\u00edsta qualquer! Estou MESMO falando de um dominador, capaz de querer TUDO s\u00f3 pra s\u00ed, sem se preocupar com o pr\u00f3ximo&#8230;. Durante alguns anos nem entendia muito esta palavra: \u201cPr\u00f3ximo?\u201d Talvez esta palavra faria sentido numa frase que insistia em vir na minha mente que era: \u201cQuem \u00e9 o pr\u00f3ximo que preciso tirar do meu caminho? Hummm&#8230;\u201d E fazia mais sentido!<br \/>\nSem medo de errar, eu n\u00e3o era uma boa pessoa! Ok! Acredite ou n\u00e3o, isto acontece e (\u00e0s vezes) alimentamos estas sombras, mantemos no poder uma vers\u00e3o (menos) boa. Algumas pessoas passam uma vida alimentando (sombras) como esta e outras acordam (como EU) e percebem que elas existem e n\u00e3o merecem serem alimentadas jamais.<\/p>\n<p style=\"text-align: justify;\">N\u00e3o sei se em algum momento deste texto vai conseguir compreender o sentido da palavra \u201csombra\u201d ou se vai torcer o nariz e pensar que est\u00e1 imune a estas coisas de sombras e lado (menos) bom! Eu ainda n\u00e3o conheci algu\u00e9m que n\u00e3o tivesse este lado sombrio, mas ok! Pode ser o seu caso!<\/p>\n<p style=\"text-align: justify;\">No entanto a minha miss\u00e3o hoje aqui escrevendo esta dica terap\u00eautica \u00e9 mesmo puxar pela sua mem\u00f3ria dizendo que pode ter a\u00ed dentro um lado que n\u00e3o concorda com outras partes suas e se deix\u00e1-lo sair um pouquinho c\u00e1 para fora, ele pode cometer algumas injusti\u00e7as!<\/p>\n<p style=\"text-align: justify;\">Outro dia discutia sobre sombras com um aluno via WhatsApp e ele me dizia que ele n\u00e3o tinha nenhuma sombra, mas conhecia pessoas mesmo m\u00e1s e ficou uns 15 minutos falando destas pessoas. At\u00e9 a sua voz mudava quando acusava estas pessoas! Julgava-as como se fosse um juiz sentado no seu trono de ouro. Enquanto ele falava, eu aqui em sil\u00eancio pensava se este n\u00e3o era seu lado sombra. Por\u00e9m n\u00e3o quis dizer nada, apenas ouvi, interrompi e logo mudamos de assunto!<\/p>\n<p style=\"text-align: justify;\">Eu (Eric Pereira), tenho algumas sombras e se leu com aten\u00e7\u00e3o n\u00e3o disse uma sombra e nem disse que eu tinha (no passado), eu tenho no presente e neste momento algumas eu identifiquei! N\u00e3o sei se existe uma maneira de acabar com elas! Penso que n\u00e3o! A quest\u00e3o \u00e9 que n\u00e3o as alimento e se percebo que alguma atitude minha de alguma maneira fortalece algumas delas, logo me policio para n\u00e3o deixar que elas dominem a minha vida e atrapalhem a minha vida.<\/p>\n<p style=\"text-align: justify;\">Pensa um pouquinho, reflita sem presa, com calma, reveja os seus comportamentos e depois diga para voc\u00ea mesmo o que tem feito para ser como \u00e9 e provocar o que provoca nas pessoas ao seu redor e em voc\u00ea mesmo e quem sabe em uma destas reflex\u00f5es perceba o que faz, porque faz e como faz e pode ser que neste exato momento decida transformar!<\/p>\n<p style=\"text-align: justify;\">Se n\u00e3o percebeu, ok! Um dia pode perceber! Agora se sentiu este assunto de maneira mais profunda e logo identificou que existe uma \u201csombra\u201d a\u00ed dentro que precisa ser tratada, escreve aqui nos coment\u00e1rios por favor 10! Apenas para eu saber que estamos em sintonia e n\u00e3o sou o \u00fanico aqui a identificar o meu lado (menos) bom.<\/p>\n<p><img fetchpriority=\"high\" decoding=\"async\" class=\"alignnone size-full wp-image-5328\" src=\"https:\/\/www.ipubli.com.br\/clientes\/base56\/wp-content\/uploads\/2018\/02\/assinatura-2018-1-1.jpg\" alt=\"\" width=\"800\" height=\"350\" srcset=\"https:\/\/www.clinicadehipnoseenutricao.com\/blog\/wp-content\/uploads\/2018\/02\/assinatura-2018-1-1.jpg 800w, https:\/\/www.clinicadehipnoseenutricao.com\/blog\/wp-content\/uploads\/2018\/02\/assinatura-2018-1-1-150x66.jpg 150w, https:\/\/www.clinicadehipnoseenutricao.com\/blog\/wp-content\/uploads\/2018\/02\/assinatura-2018-1-1-450x197.jpg 450w, https:\/\/www.clinicadehipnoseenutricao.com\/blog\/wp-content\/uploads\/2018\/02\/assinatura-2018-1-1-768x336.jpg 768w\" sizes=\"(max-width: 800px) 100vw, 800px\" \/><\/p>\n","protected":false},"excerpt":{"rendered":"<p>Interessante que hoje fiquei aqui pensando no melhor t\u00edtulo para falar sobre sombras! Sobre aquela parte nossa que nem sempre gostamos, que evitamos e que muitas pessoas fogem ou negam em tempo integral e falar deste meu lado (menos) bom me pareceu mais leve por\u00e9m, o que gostaria mesmo era que fosse: Meu lado Sombra! [&hellip;]<\/p>\n","protected":false},"author":3,"featured_media":5449,"comment_status":"closed","ping_status":"closed","sticky":false,"template":"","format":"standard","meta":{"footnotes":""},"categories":[338],"tags":[343],"blocksy_meta":"","_links":{"self":[{"href":"https:\/\/www.clinicadehipnoseenutricao.com\/blog\/wp-json\/wp\/v2\/posts\/5448"}],"collection":[{"href":"https:\/\/www.clinicadehipnoseenutricao.com\/blog\/wp-json\/wp\/v2\/posts"}],"about":[{"href":"https:\/\/www.clinicadehipnoseenutricao.com\/blog\/wp-json\/wp\/v2\/types\/post"}],"author":[{"embeddable":true,"href":"https:\/\/www.clinicadehipnoseenutricao.com\/blog\/wp-json\/wp\/v2\/users\/3"}],"replies":[{"embeddable":true,"href":"https:\/\/www.clinicadehipnoseenutricao.com\/blog\/wp-json\/wp\/v2\/comments?post=5448"}],"version-history":[{"count":0,"href":"https:\/\/www.clinicadehipnoseenutricao.com\/blog\/wp-json\/wp\/v2\/posts\/5448\/revisions"}],"wp:featuredmedia":[{"embeddable":true,"href":"https:\/\/www.clinicadehipnoseenutricao.com\/blog\/wp-json\/wp\/v2\/media\/5449"}],"wp:attachment":[{"href":"https:\/\/www.clinicadehipnoseenutricao.com\/blog\/wp-json\/wp\/v2\/media?parent=5448"}],"wp:term":[{"taxonomy":"category","embeddable":true,"href":"https:\/\/www.clinicadehipnoseenutricao.com\/blog\/wp-json\/wp\/v2\/categories?post=5448"},{"taxonomy":"post_tag","embeddable":true,"href":"https:\/\/www.clinicadehipnoseenutricao.com\/blog\/wp-json\/wp\/v2\/tags?post=5448"}],"curies":[{"name":"wp","href":"https:\/\/api.w.org\/{rel}","templated":true}]}}