{"id":5559,"date":"2018-04-19T21:59:26","date_gmt":"2018-04-20T00:59:26","guid":{"rendered":"https:\/\/www.ericpereira.eu\/blog\/?p=5559"},"modified":"2018-04-19T21:59:26","modified_gmt":"2018-04-20T00:59:26","slug":"eu-ja-briguei-com-deus-105365","status":"publish","type":"post","link":"https:\/\/www.clinicadehipnoseenutricao.com\/blog\/eu-ja-briguei-com-deus-105365\/","title":{"rendered":"Eu j\u00e1 briguei com DEUS! &#8211; 105\/365"},"content":{"rendered":"<h1>Dicas Terap\u00eauticas<\/h1>\n<p style=\"text-align: justify;\"><strong>E gritei alto com ele!<\/strong><\/p>\n<p style=\"text-align: justify;\">J\u00e1 briguei com DEUS e lembro-me de um dia me sentir no fundo do fundo do po\u00e7o e gritar (chorando) \u2013 &#8220;Onde est\u00e1 voc\u00ea que n\u00e3o percebe o que est\u00e1 acontecendo? Cade voc\u00ea para me ajudar!&#8221; \u00c9 claro que nesta \u00e9poca, al\u00e9m de xing\u00e1-lo, em seguida decidi que ele n\u00e3o existia, afinal nem precisava mesmo dele.<\/p>\n<p style=\"text-align: justify;\">Escolhi este tema para esta dica terap\u00eautica, justamente por acreditar que muitas pessoas n\u00e3o percebem que elas s\u00e3o as principais respons\u00e1veis pelo que acontece na vida delas e acham que Deus tem a obriga\u00e7\u00e3o de intervir e \u201csalv\u00e1-las\u201d de algo que elas criaram sozinhas talvez at\u00e9 em um momento de impulso e sem enxergar as consequ\u00eancias.<\/p>\n<p style=\"text-align: justify;\">Acredito que o cara l\u00e1 de cima (Deus) \u00e9 o Arquiteto do Universo e desenhou minuciosamente este mundo e todos os outros, construiu uma energia perfeita que funciona incrivelmente e se olharmos com mais aten\u00e7\u00e3o, perceberemos que muitas pessoas vivem bem seguindo estas \u201cleis\u201d universais e outras vivem muitoooo mal quebrando-as e est\u00e1 tudo certo.<\/p>\n<p style=\"text-align: justify;\">Tem uma frase que uso muito com os meus clientes que \u00e9: \u201cN\u00e3o culpe o vento se foi voc\u00ea que deixou a janela aberta\u201d e poder\u00edamos fazer uma dica inteirinha apenas em cima desta frase! Olha como ela \u00e9 rica! Voc\u00ea deixa a janela aberta e n\u00e3o importa o motivo, apenas deixa, sai de casa e quando volta as ta\u00e7as que estavam em cima da mesa est\u00e3o partidas no ch\u00e3o. E?<\/p>\n<p style=\"text-align: justify;\">Vai culpar o vento? Vai justificar que quando deixou a janela aberta estava um lindo sol e n\u00e3o imaginava que o tempo poderia mudar? \u00c0s vezes acho que n\u00f3s aprendemos com muita facilidade a dar estas desculpinhas e a\u00ed mora parte do que chamamos de \u201cproblema\u201d, pois nos habituamos a dar a desculpas e seguir em frente, acreditando que est\u00e1 tudo certo e como a (desculpa) \u00e0s vezes cola, \u00e0s vezes serve, n\u00e3o aprendemos a fazer da maneira certa, at\u00e9 porque l\u00e1 na frente logo arrumamos outra.<\/p>\n<p style=\"text-align: justify;\">A ideia de dizer que eu j\u00e1 briguei com DEUS vem justamente para dizer que a sua energia \u00e9 mesmo pura e cheio de amor e n\u00e3o duvido nem um pouco disso! Acredito e gosto de acreditar que o cara l\u00e1 de cima \u00e9 puro amor e tudo o que foge disso n\u00e3o \u00e9 ele. Na realidade nos sabemos que a maior parte dos nossos momentos conflituosos, de nossas dores emocionais surgem de situa\u00e7\u00f5es que poder\u00edamos ter evitado e por algum motivo n\u00e3o evitamos.<\/p>\n<p style=\"text-align: justify;\">Quantas vezes quis dizer n\u00e3o, pensou em dizer n\u00e3o e simplesmente disse \u201csim\u201d? Quantas vezes sabia que n\u00e3o deveria comprar aquele objeto e o seu (desejo) falou MUITOOO mais alto e voc\u00ea foi l\u00e1 e comprou e depois ficou meses mal, apertado e para piorar descobriu que queria aquilo menos do que imaginava?! \u00c0s vezes conversando com os meus clientes, tenho a n\u00edtida sensa\u00e7\u00e3o de que precisamos de muito pouco para sermos realmente felizes e como n\u00e3o percebemos isso e deixamo-nos levar pela falsa sensa\u00e7\u00e3o de necessidade, de urg\u00eancia, de ansiedade, fazemos e depois mais adiante nos arrependemos e a\u00ed vamos culpar o mundo e Deus por n\u00e3o nos ajudar a sermos mais felizes, sendo que se comet\u00eassemos menos erros como estes, n\u00e3o ter\u00edamos com o que se preocupar, n\u00e9?<\/p>\n<p style=\"text-align: justify;\">Um dia estava eu no Funchal meditando por volta das 5:30 da manh\u00e3, quando senti uma forte sensa\u00e7\u00e3o de que estava mesmo no meio do meio do nada, em um infinito vazio e o sil\u00eancio daquele momento me fez ouvir a minha alma rezando. Depois daquilo fiquei confuso por algumas horas e depois por alguns dias e percebi que o caminho era mesmo aquele e que n\u00e3o pensando em lugar nenhum, n\u00e3o buscando ir para nenhum lugar, mergulhei dentro de mim e ali senti amor.<\/p>\n<p style=\"text-align: justify;\">Senti amor&#8230;.rs! Engra\u00e7ado \u00e0s vezes falar assim, pois h\u00e1 4 anos atr\u00e1s era imposs\u00edvel eu falar sobre se conectar, meditar, mergulhar, sentir, doar&#8230; E hoje a cada texto, a cada live, a cada dia percebo que existe uma ou mais partes minhas que desejam despertar, colocar pra fora um pouco mais, se conectar, compreender, deixar de compreender e sentir&#8230;Apenas sentir&#8230;.<\/p>\n<p style=\"text-align: justify;\">Eu n\u00e3o sei se voc\u00ea j\u00e1 brigou com Deus! N\u00e3o sei se j\u00e1 deixou de agradecer por ele ser t\u00e3o perfeito, nem sei se voc\u00ea acredita que ele exista! O que importa \u00e9 que preste aten\u00e7\u00e3o na sua vida e por favor comece a perceber que \u00e9 o respons\u00e1vel pelo que acontece e como acontece na sua vida, ent\u00e3o desacelere, observe bem, respire e espere antes de tomar uma decis\u00e3o, fa\u00e7a o que for necess\u00e1rio para ir devagar e lembre-se que o simples \u00e9 melhor do que o complexo.<\/p>\n<p><img fetchpriority=\"high\" decoding=\"async\" class=\"alignnone size-full wp-image-5513\" src=\"https:\/\/www.ipubli.com.br\/clientes\/base56\/wp-content\/uploads\/2018\/04\/assinatura.jpg\" alt=\"\" width=\"800\" height=\"350\" srcset=\"https:\/\/www.clinicadehipnoseenutricao.com\/blog\/wp-content\/uploads\/2018\/04\/assinatura.jpg 800w, https:\/\/www.clinicadehipnoseenutricao.com\/blog\/wp-content\/uploads\/2018\/04\/assinatura-150x66.jpg 150w, https:\/\/www.clinicadehipnoseenutricao.com\/blog\/wp-content\/uploads\/2018\/04\/assinatura-450x197.jpg 450w, https:\/\/www.clinicadehipnoseenutricao.com\/blog\/wp-content\/uploads\/2018\/04\/assinatura-768x336.jpg 768w\" sizes=\"(max-width: 800px) 100vw, 800px\" \/><\/p>\n","protected":false},"excerpt":{"rendered":"<p>Dicas Terap\u00eauticas E gritei alto com ele! J\u00e1 briguei com DEUS e lembro-me de um dia me sentir no fundo do fundo do po\u00e7o e gritar (chorando) \u2013 &#8220;Onde est\u00e1 voc\u00ea que n\u00e3o percebe o que est\u00e1 acontecendo? Cade voc\u00ea para me ajudar!&#8221; \u00c9 claro que nesta \u00e9poca, al\u00e9m de xing\u00e1-lo, em seguida decidi que [&hellip;]<\/p>\n","protected":false},"author":3,"featured_media":5560,"comment_status":"closed","ping_status":"closed","sticky":false,"template":"","format":"standard","meta":{"footnotes":""},"categories":[338],"tags":[419,433,344],"blocksy_meta":"","_links":{"self":[{"href":"https:\/\/www.clinicadehipnoseenutricao.com\/blog\/wp-json\/wp\/v2\/posts\/5559"}],"collection":[{"href":"https:\/\/www.clinicadehipnoseenutricao.com\/blog\/wp-json\/wp\/v2\/posts"}],"about":[{"href":"https:\/\/www.clinicadehipnoseenutricao.com\/blog\/wp-json\/wp\/v2\/types\/post"}],"author":[{"embeddable":true,"href":"https:\/\/www.clinicadehipnoseenutricao.com\/blog\/wp-json\/wp\/v2\/users\/3"}],"replies":[{"embeddable":true,"href":"https:\/\/www.clinicadehipnoseenutricao.com\/blog\/wp-json\/wp\/v2\/comments?post=5559"}],"version-history":[{"count":0,"href":"https:\/\/www.clinicadehipnoseenutricao.com\/blog\/wp-json\/wp\/v2\/posts\/5559\/revisions"}],"wp:featuredmedia":[{"embeddable":true,"href":"https:\/\/www.clinicadehipnoseenutricao.com\/blog\/wp-json\/wp\/v2\/media\/5560"}],"wp:attachment":[{"href":"https:\/\/www.clinicadehipnoseenutricao.com\/blog\/wp-json\/wp\/v2\/media?parent=5559"}],"wp:term":[{"taxonomy":"category","embeddable":true,"href":"https:\/\/www.clinicadehipnoseenutricao.com\/blog\/wp-json\/wp\/v2\/categories?post=5559"},{"taxonomy":"post_tag","embeddable":true,"href":"https:\/\/www.clinicadehipnoseenutricao.com\/blog\/wp-json\/wp\/v2\/tags?post=5559"}],"curies":[{"name":"wp","href":"https:\/\/api.w.org\/{rel}","templated":true}]}}