{"id":5677,"date":"2018-05-16T09:08:55","date_gmt":"2018-05-16T12:08:55","guid":{"rendered":"https:\/\/www.ericpereira.eu\/blog\/?p=5677"},"modified":"2018-05-16T09:08:55","modified_gmt":"2018-05-16T12:08:55","slug":"o-verao-vem-ai-132365","status":"publish","type":"post","link":"https:\/\/www.clinicadehipnoseenutricao.com\/blog\/o-verao-vem-ai-132365\/","title":{"rendered":"O VER\u00c3O VEM A\u00cd !!!! &#8211; 132\/365"},"content":{"rendered":"<p style=\"text-align: justify;\">Hoje, tomava eu o pequeno almo\u00e7o enquanto lia uma revista onde a chamada de capa era \u201cO Ver\u00e3o Vem a\u00ed\u201d e o artigo falava da import\u00e2ncia das meninas se cuidarem, eliminarem uns quilinhos, cuidar da pele, comer mais frutas e por a\u00ed seguia a mat\u00e9ria que me inspirou a escrever esta dica terap\u00eautica.<\/p>\n<p style=\"text-align: justify;\">\u00c9 incr\u00edvel estes an\u00fancios que chamam a nossa aten\u00e7\u00e3o para nos lembrar da import\u00e2ncia de cuidarmos do nosso corpo e confesso que adoro \u201cpublicidades\u201d, acho que tenho um pezinho no marketing, pois sempre adorei estas chamadas, por\u00e9m hoje aqui quero chamar a sua aten\u00e7\u00e3o com um t\u00edtulo diferente, mas com o mesmo contexto, vamos l\u00e1?!<\/p>\n<p style=\"text-align: justify;\">A VIDA EST\u00c1 AQUIIIII !!!!<\/p>\n<p style=\"text-align: justify;\">Que tal se hoje tom\u00e1ssemos consci\u00eancia de que estamos vivendo! Sim! Que estamos vivendo neste exato momento e que s\u00e1bio seria percebermos que precisamos alimentar a nossa mente, a nossa alma para termos sabedoria para vivermos uma vida realmente plena e recheada de momentos felizes?! Ehh, que tal?<\/p>\n<p style=\"text-align: justify;\">Apoio a ideia de que o ver\u00e3o est\u00e1 chegando e que devemos nos alimentar de maneira correta, eliminar peso e apoio todas as ideias que n\u00e3o sejam (radicais) para ganharmos sa\u00fade, por\u00e9m e se come\u00e7\u00e1ssemos pela nossa sa\u00fade mental? Pois eu n\u00e3o vejo muitas campanhas do tipo \u201cO Ver\u00e3o est\u00e1 chegando&#8230;. Vamos pensar positivo, ter atitudes assertivas&#8230;\u201d ou algo pelo menos parecido&#8230; (Momento de d\u00favida), n\u00e3o vejo campanhas incentivando irmos \u00e0s livrarias, comprarmos bons livros e muito menos incentivando as pessoas a fazerem forma\u00e7\u00f5es para desenvolverem a sua intelig\u00eancia ou para melhorar as suas estrat\u00e9gias.<\/p>\n<p style=\"text-align: justify;\">Eu nesta fase da minha vida estou trabalhando a mudan\u00e7a de alimentos, estou focado em compreender o que \u00e9 mais saud\u00e1vel e at\u00e9 lendo sobre o assunto, por\u00e9m sempre tenho como prioridade alimentar a minha mente com informa\u00e7\u00f5es de ponta que me leve a evoluir, a avan\u00e7ar, a ter um pouco mais de conhecimento para que eu consiga guiar a minha vida de maneira mais tranquila e confort\u00e1vel.<\/p>\n<p style=\"text-align: justify;\">A minha proposta com esta dica terap\u00eautica \u00e9 que se cuide sim para o ver\u00e3o que est\u00e1 a chegar, por\u00e9m que tenha consci\u00eancia que a sua vida (n\u00e3o) est\u00e1 a chegar, ela j\u00e1 chegou e penso que h\u00e1 muitos anos. Talvez e s\u00f3 talvez voc\u00ea tenha dado o seu melhor at\u00e9 agora ou talvez tenha at\u00e9 agora apenas feito o que a maioria faz (apenas viver) e nunca tenha se empenhado para se destacar na multid\u00e3o, talvez nunca tenha agido para avan\u00e7ar para o pr\u00f3ximo n\u00edvel.<\/p>\n<p style=\"text-align: justify;\">Eu sempre digo que a minha miss\u00e3o de vida \u00e9 transformar pessoas comuns em pessoas extraordin\u00e1rias e toda vez que tenho diante de mim um cliente decidido a transformar a sua vida, a minha principal pergunta \u00e9 se ele esta disposto a pagar o pre\u00e7o e n\u00e3o estou falando do valor que eu cobro de honor\u00e1rios, mas do valor que a vida exigir\u00e1 para aqueles que realmente est\u00e3o focados na transforma\u00e7\u00e3o.<\/p>\n<p style=\"text-align: justify;\">N\u00e3o existe almo\u00e7o gr\u00e1tis! Tudo \u00e9 cobrado de uma forma ou outra e se estiver atento a isso, a vida ser\u00e1 mais generosa contigo, muito mais. Estando disposto a pagar o pre\u00e7o, tudo flui de maneira diferente! Eu pago o pre\u00e7o escrevendo as minhas dicas di\u00e1rias, agora gravando v\u00eddeos e prestes a lan\u00e7ar um programa semanal no YouTube (Conversas mais que profundas) e acredite que a ideia \u00e9 pagar \u00e0 vista para n\u00e3o ser cobrado amanh\u00e3. Quanto mais tenho consci\u00eancia disso, mais o meu neg\u00f3cio prospera e a minha vida se torna interessante, pr\u00f3spera e melhor.<\/p>\n<p style=\"text-align: justify;\">A nossa vida est\u00e1 acontecendo agora, neste exato momento que voc\u00ea mergulha comigo nesta leitura! A minha e a sua! \u00c9 no presente, neste momento que tomamos as nossas decis\u00f5es mais importantes e se voc\u00ea pensar \u201cque decis\u00f5es?! Eu n\u00e3o tomo decis\u00f5es, eu fujo delas\u201d, saiba que (n\u00e3o tomar decis\u00f5es) \u00e9 tomar uma decis\u00e3o tamb\u00e9m e \u00e0s vezes o \u201cn\u00e3o\u201d tomar decis\u00f5es \u00e9 a pior coisa que podemos fazer, pois estamos naquele momento deixando que as coisas aconte\u00e7am livremente e isso \u00e9 a mesma coisa que enviar uma mensagem para a sua mente dizendo: \u201cPara mim (tanto faz) o resultado, vai fundo e que aconte\u00e7a o melhor!\u201d N\u00e3oooooooo! Isso \u00e9 atitude de pessoas que n\u00e3o sabem o que desejam da vida e que qualquer coisa est\u00e1 bom, pois elas n\u00e3o possuem uma opini\u00e3o formada sobre o resultado de desejam e como aquele resultado impactar\u00e1 a sua vida.<\/p>\n<p style=\"text-align: justify;\">SIM! O Ver\u00e3o vem a\u00ed&#8230; E o inverso, e a primavera e o outono e vem a\u00ed a noite e o dia e da\u00ed? Muitas coisas vir\u00e3o e a vida jamais vai parar, MESMO que voc\u00ea decida parar por qualquer motivo, ela sempre ir\u00e1 continuar e cumprir\u00e1 o seu papel seja durante o dia, seja durante a noite. Existe uma forma de viver todo este processo, ele pode ser vivido de maneira consciente ou de maneira inconsciente e precisa prestar aten\u00e7\u00e3o para que amanh\u00e3 n\u00e3o seja uma pessoa reclamona que ir\u00e1 entrar em um destes pap\u00e9is de v\u00edtima, acusar o mundo e fazer de tudo para se eximir da culpa!<\/p>\n<p style=\"text-align: justify;\">Lembre-se que n\u00e3o dianta reclamar do vento, se foi voc\u00ea que deixou a janela aberta&#8230; N\u00e3o adianta!<\/p>\n<p style=\"text-align: justify;\">O Ver\u00e3o vem a\u00ed&#8230; A vida (j\u00e1) est\u00e1 aqui! Acontecendo neste exato momento e eu espero que voc\u00ea saiba viv\u00ea-la com sabedoria.<\/p>\n<p style=\"text-align: justify;\">Bons dias (daqui) pra frente!<\/p>\n<p><img fetchpriority=\"high\" decoding=\"async\" class=\"alignnone size-full wp-image-5513\" src=\"https:\/\/www.ipubli.com.br\/clientes\/base56\/wp-content\/uploads\/2018\/04\/assinatura.jpg\" alt=\"\" width=\"800\" height=\"350\" srcset=\"https:\/\/www.clinicadehipnoseenutricao.com\/blog\/wp-content\/uploads\/2018\/04\/assinatura.jpg 800w, https:\/\/www.clinicadehipnoseenutricao.com\/blog\/wp-content\/uploads\/2018\/04\/assinatura-150x66.jpg 150w, https:\/\/www.clinicadehipnoseenutricao.com\/blog\/wp-content\/uploads\/2018\/04\/assinatura-450x197.jpg 450w, https:\/\/www.clinicadehipnoseenutricao.com\/blog\/wp-content\/uploads\/2018\/04\/assinatura-768x336.jpg 768w\" sizes=\"(max-width: 800px) 100vw, 800px\" \/><\/p>\n","protected":false},"excerpt":{"rendered":"<p>Hoje, tomava eu o pequeno almo\u00e7o enquanto lia uma revista onde a chamada de capa era \u201cO Ver\u00e3o Vem a\u00ed\u201d e o artigo falava da import\u00e2ncia das meninas se cuidarem, eliminarem uns quilinhos, cuidar da pele, comer mais frutas e por a\u00ed seguia a mat\u00e9ria que me inspirou a escrever esta dica terap\u00eautica. \u00c9 incr\u00edvel [&hellip;]<\/p>\n","protected":false},"author":3,"featured_media":5678,"comment_status":"closed","ping_status":"closed","sticky":false,"template":"","format":"standard","meta":{"footnotes":""},"categories":[338],"tags":[419,343,344],"blocksy_meta":"","_links":{"self":[{"href":"https:\/\/www.clinicadehipnoseenutricao.com\/blog\/wp-json\/wp\/v2\/posts\/5677"}],"collection":[{"href":"https:\/\/www.clinicadehipnoseenutricao.com\/blog\/wp-json\/wp\/v2\/posts"}],"about":[{"href":"https:\/\/www.clinicadehipnoseenutricao.com\/blog\/wp-json\/wp\/v2\/types\/post"}],"author":[{"embeddable":true,"href":"https:\/\/www.clinicadehipnoseenutricao.com\/blog\/wp-json\/wp\/v2\/users\/3"}],"replies":[{"embeddable":true,"href":"https:\/\/www.clinicadehipnoseenutricao.com\/blog\/wp-json\/wp\/v2\/comments?post=5677"}],"version-history":[{"count":0,"href":"https:\/\/www.clinicadehipnoseenutricao.com\/blog\/wp-json\/wp\/v2\/posts\/5677\/revisions"}],"wp:featuredmedia":[{"embeddable":true,"href":"https:\/\/www.clinicadehipnoseenutricao.com\/blog\/wp-json\/wp\/v2\/media\/5678"}],"wp:attachment":[{"href":"https:\/\/www.clinicadehipnoseenutricao.com\/blog\/wp-json\/wp\/v2\/media?parent=5677"}],"wp:term":[{"taxonomy":"category","embeddable":true,"href":"https:\/\/www.clinicadehipnoseenutricao.com\/blog\/wp-json\/wp\/v2\/categories?post=5677"},{"taxonomy":"post_tag","embeddable":true,"href":"https:\/\/www.clinicadehipnoseenutricao.com\/blog\/wp-json\/wp\/v2\/tags?post=5677"}],"curies":[{"name":"wp","href":"https:\/\/api.w.org\/{rel}","templated":true}]}}