{"id":6019,"date":"2018-08-13T10:26:21","date_gmt":"2018-08-13T13:26:21","guid":{"rendered":"https:\/\/www.ericpereira.eu\/blog\/?p=6019"},"modified":"2018-08-13T10:26:21","modified_gmt":"2018-08-13T13:26:21","slug":"limpe-a-janela-da-mente-196365","status":"publish","type":"post","link":"https:\/\/www.clinicadehipnoseenutricao.com\/blog\/limpe-a-janela-da-mente-196365\/","title":{"rendered":"Limpe a janela da mente! &#8211; 196\/365"},"content":{"rendered":"<p style=\"text-align: justify;\">Ontem eu vinha no avi\u00e3o de Madrid para Lisboa mergulhado em um pensamento! \u00c0s vezes a janela da nossa mente n\u00e3o est\u00e1 t\u00e3o vis\u00edvel, t\u00e3o limpa que enxergamos pelas frestas e j\u00e1 acostumados com a ajuda da nossa mente em fazer associa\u00e7\u00f5es, vamos \u201cvendo\u201d o que queremos ver e a mente vai construindo o que queremos que seja constru\u00eddo, por\u00e9m chega um determinado momento que decidimos limp\u00e1-la ao ponto de ficar t\u00e3o limpa que enxergamos o cen\u00e1rio total.<\/p>\n<p style=\"text-align: justify;\">Eu tive um professor de hipnose no Brasil que me dizia que era muito mais f\u00e1cil vermos como queremos do que vermos o que realmente temos que ver! Isso tamb\u00e9m me lembra a minha m\u00e3e quando dizia: \u201cColoque os dois p\u00e9s no ch\u00e3o e n\u00e3o pare de andar que a vida n\u00e3o p\u00e1ra!\u201d e depois de limpamos a janela, come\u00e7amos a ver tantas coisas que \u201cantes\u201d n\u00e3o v\u00edamos (ou) n\u00e3o quer\u00edamos mesmo ver, pois \u00e9 muito mais f\u00e1cil vivermos no embalo do que pararmos para enxergar algumas realidades.<\/p>\n<p style=\"text-align: justify;\">Na dica terap\u00eautica de hoje o meu convite \u00e9 que abra os seus olhos e comece a observar se est\u00e1 realmente vivendo a vida, se est\u00e1 fingindo que est\u00e1 vivendo ou se diariamente luta para sobreviver e quando estamos no autom\u00e1tico da vida, muitas vezes n\u00e3o percebemos a diferen\u00e7a, apenas vamos vivendo, fazendo e colhendo e uns reclamando em tempo integral, outros se estressam na maioria do tempo e h\u00e1 aqueles que evoluem conscientemente e percebem o seu processo de transforma\u00e7\u00e3o.<\/p>\n<p style=\"text-align: justify;\">Gosto de pensar que nascemos com a janela na mente limpinha e brilhando e aos poucos vamos sujando-a com tantas cren\u00e7as impostas e limita\u00e7\u00f5es que nos s\u00e3o ensinadas desde muito pequenos. Os \u201cn\u00e3o pode isso\u201d, \u201cn\u00e3o pode aquilo\u201d, \u201ccuidado, \u00e9 perigoso\u201d e tantas outras que v\u00e3o aos poucos sujando a nossa janela e vamos ser sinceros, ok? Quem gosta de sentir dor? Quem aqui gosta de \u201cenfrentar\u201d os medos? Vamos sendo educados a contornar as situa\u00e7\u00f5es, a nos afastarmos, a irmos por outros caminhos se for necess\u00e1rio, mas para qu\u00ea enfrentar aquilo que \u201cparece\u201d mais poderoso do que n\u00f3s?<\/p>\n<p style=\"text-align: justify;\">Penso que \u00e9 neste momento que ganhamos o que chamo de \u201cdores invis\u00edveis\u201d e \u00e0 medida que vamos escolhendo por medo e n\u00e3o por amor, que vamos escolhendo por press\u00e3o, vamo-nos tornando ref\u00e9ns da vida e aos poucos deixamos de \u201cenxergar\u201d e come\u00e7amos a ver apenas pelas frestas da janela e como eu disse, a mente vai nos conduzindo, nos guiando e n\u00f3s? Ahh, n\u00f3s vamos confiando, \u00e0s vezes por falta de op\u00e7\u00e3o, \u00e0s vezes por estarmos cegos pelo que queremos obter.<\/p>\n<p style=\"text-align: justify;\">Interessante \u00e9 que enquanto vamos nos esfor\u00e7ando para \u201cenxergar\u201d, enquanto vamos (co-criando) a vida, ela vai passando e voc\u00ea vai com ela, mesmo sem saber para onde e nos poucos momentos de lucidez, percebe que perdeu algo aqui, deixou algo ali e busca na sua mem\u00f3ria aqueles momentos em que realmente era feliz e nem sabia.<\/p>\n<p style=\"text-align: justify;\">Talvez e s\u00f3 talvez possa estar achando isso tudo muito triste e talvez esteja certo em sentir-se assim, pois neste momento sentado aqui na sala do meu apt\u00ba eu estou, em escrever sobre o \u201cn\u00e3o enxergarmos\u201d e estou porque olho pela vida dos meus clientes com janelas sujas, \u00e0s vezes muito sujas e olho tamb\u00e9m para a minha janela e percebo claramente muitas coisas que n\u00e3o estava vendo e este final de semana eu decidi limp\u00e1-la, mais do que qualquer outro dia e me sujei, cansei e limpei.<\/p>\n<p style=\"text-align: justify;\">Olhar por ela sem aquela sujeira toda me faz ver muitas coisas que antes n\u00e3o via e sinceramente se fizer o mesmo perceber\u00e1 que a vida \u00e9 muito mais do que um dia imaginou. A vida \u00e9 t\u00e3o linda, t\u00e3o bela, t\u00e3o encantadora e t\u00e3o cheia de oportunidades que s\u00f3 podemos agradecer e nos esfor\u00e7armos para aproveitar as in\u00fameras oportunidades que v\u00eam at\u00e9 n\u00f3s todos os dias. E se por algum motivo, estiver se perguntando neste momento \u201cque oportunidades?\u201d, limpe a sua janela e permita-se enxergar verdadeiramente.<\/p>\n<p style=\"text-align: justify;\">Olhe com aten\u00e7\u00e3o e n\u00e3o me canso de falar que se olhar com muita aten\u00e7\u00e3o para a sua vida, logo ver\u00e1 que tem mais motivos para agradecer, do que reclamar! Ali\u00e1s se olhar muito bem, nem tem motivos para reclamar e nem deveria estar reclamando! Nunca, jamais, em hip\u00f3tese alguma. Por\u00e9m, este \u00e9 um processo que deve descobrir sozinho, pois a gratid\u00e3o \u00e9 uma poderosa ferramenta, mas deve ser MESMO uma busca individual.<\/p>\n<p style=\"text-align: justify;\">Outro dia em um semin\u00e1rio, um dos meus alunos disse que era f\u00e1cil eu falar em gratid\u00e3o, tendo a vida que tenho e na hora pensei: \u201cA vida que tenho!?\u201d F\u00e1cil MESMO \u00e9 ele achar que sabe a vida que realmente tenho, pois a maioria das pessoas conseguem ver os livros que escrevo, mas n\u00e3o v\u00eaem as horas que estou sentando a escrever. Enxergam-me no palco a falar para 500\/800 pessoas, mas n\u00e3o sabem o trabalho que eu e a minha equipa temos para colocar todas aquelas pessoas ali. Elas v\u00eaem o meu sorriso, a minha maior motiva\u00e7\u00e3o, mas nunca viram as minhas l\u00e1grimas, v\u00eaem apenas os momentos em que eu estou em p\u00e9 e n\u00e3o acompanham as minhas quedas, enxergam apenas o que querem enxergar. Rs<\/p>\n<p style=\"text-align: justify;\">O facto \u00e9 que estou em constante luta com as minhas sombras, estou sempre mergulhado nos meus ajustes e aproveito todas as oportunidades que chegam at\u00e9 mim para evoluir e isso \u00e9 mesmo um processo m\u00e1gico para mim. Acredito imensamente em cada processo que mergulho, acredito no \u201cacreditar\u201d e isso faz dos meus dias, dias muito bons e construo dias melhores.<\/p>\n<p style=\"text-align: justify;\">Limpe a janela da mente! Olhe al\u00e9m da sujeira mental, coloque realidade nos seus olhos, respire fundo e enfrente os seus maiores medos, olhe nos olhos dele e tenha coragem para dizer: BASTA! E pode ser que depois disso ande um pouco sem rumo e que os seus pensamentos se percam, mas lembre-se que logo ir\u00e1 voltar a olhar por aquela janela e quando olhar, ela estar\u00e1 limpa!<\/p>\n<p style=\"text-align: justify;\">Tenha consci\u00eancia que tem todos os recursos internos para se superar, para alcan\u00e7ar, para melhorar e quando despertar esta consci\u00eancia, respire fundo e continue&#8230; Pode parar e descansar, mas assim que se recuperar, continue a andar e \u201cpelo caminho\u201d fa\u00e7a acontecer.<\/p>\n<p style=\"text-align: justify;\">Tenha um dia iluminado, lindo, claro, limpo e cheio de amor.<\/p>\n<p><img fetchpriority=\"high\" decoding=\"async\" class=\"alignnone size-full wp-image-5825\" src=\"https:\/\/www.ipubli.com.br\/clientes\/base56\/wp-content\/uploads\/2018\/06\/assinatura.jpg\" alt=\"\" width=\"800\" height=\"350\" srcset=\"https:\/\/www.clinicadehipnoseenutricao.com\/blog\/wp-content\/uploads\/2018\/06\/assinatura.jpg 800w, https:\/\/www.clinicadehipnoseenutricao.com\/blog\/wp-content\/uploads\/2018\/06\/assinatura-150x66.jpg 150w, https:\/\/www.clinicadehipnoseenutricao.com\/blog\/wp-content\/uploads\/2018\/06\/assinatura-450x197.jpg 450w, https:\/\/www.clinicadehipnoseenutricao.com\/blog\/wp-content\/uploads\/2018\/06\/assinatura-768x336.jpg 768w\" sizes=\"(max-width: 800px) 100vw, 800px\" \/><\/p>\n","protected":false},"excerpt":{"rendered":"<p>Ontem eu vinha no avi\u00e3o de Madrid para Lisboa mergulhado em um pensamento! \u00c0s vezes a janela da nossa mente n\u00e3o est\u00e1 t\u00e3o vis\u00edvel, t\u00e3o limpa que enxergamos pelas frestas e j\u00e1 acostumados com a ajuda da nossa mente em fazer associa\u00e7\u00f5es, vamos \u201cvendo\u201d o que queremos ver e a mente vai construindo o que [&hellip;]<\/p>\n","protected":false},"author":3,"featured_media":6020,"comment_status":"closed","ping_status":"closed","sticky":false,"template":"","format":"standard","meta":{"footnotes":""},"categories":[338],"tags":[419,343,344,436],"blocksy_meta":"","_links":{"self":[{"href":"https:\/\/www.clinicadehipnoseenutricao.com\/blog\/wp-json\/wp\/v2\/posts\/6019"}],"collection":[{"href":"https:\/\/www.clinicadehipnoseenutricao.com\/blog\/wp-json\/wp\/v2\/posts"}],"about":[{"href":"https:\/\/www.clinicadehipnoseenutricao.com\/blog\/wp-json\/wp\/v2\/types\/post"}],"author":[{"embeddable":true,"href":"https:\/\/www.clinicadehipnoseenutricao.com\/blog\/wp-json\/wp\/v2\/users\/3"}],"replies":[{"embeddable":true,"href":"https:\/\/www.clinicadehipnoseenutricao.com\/blog\/wp-json\/wp\/v2\/comments?post=6019"}],"version-history":[{"count":0,"href":"https:\/\/www.clinicadehipnoseenutricao.com\/blog\/wp-json\/wp\/v2\/posts\/6019\/revisions"}],"wp:featuredmedia":[{"embeddable":true,"href":"https:\/\/www.clinicadehipnoseenutricao.com\/blog\/wp-json\/wp\/v2\/media\/6020"}],"wp:attachment":[{"href":"https:\/\/www.clinicadehipnoseenutricao.com\/blog\/wp-json\/wp\/v2\/media?parent=6019"}],"wp:term":[{"taxonomy":"category","embeddable":true,"href":"https:\/\/www.clinicadehipnoseenutricao.com\/blog\/wp-json\/wp\/v2\/categories?post=6019"},{"taxonomy":"post_tag","embeddable":true,"href":"https:\/\/www.clinicadehipnoseenutricao.com\/blog\/wp-json\/wp\/v2\/tags?post=6019"}],"curies":[{"name":"wp","href":"https:\/\/api.w.org\/{rel}","templated":true}]}}