{"id":6197,"date":"2018-11-13T21:49:49","date_gmt":"2018-11-13T23:49:49","guid":{"rendered":"https:\/\/www.ericpereira.eu\/blog\/?p=6197"},"modified":"2018-11-13T21:49:49","modified_gmt":"2018-11-13T23:49:49","slug":"conectado-com-a-minha-fe-224365","status":"publish","type":"post","link":"https:\/\/www.clinicadehipnoseenutricao.com\/blog\/conectado-com-a-minha-fe-224365\/","title":{"rendered":"Conectado com a minha F\u00c9 &#8211; 224\/365"},"content":{"rendered":"<p style=\"text-align: justify;\">Esta semana, falando com um amigo ele lan\u00e7ou a seguinte frase: \u201cAgora que saiu do hospital, veja se come\u00e7a a acreditar mais em Deus!\u201d Eu juro que fiquei espantado com aquele coment\u00e1rio, por dois motivos \u2013 O Primeiro porque eu sempre acreditei em Deus e n\u00e3o sei o que o fez pensar que n\u00e3o acredito. Depois, por ele dizer que eu deveria acreditar mais.<\/p>\n<p style=\"text-align: justify;\">Bom, vou falar nesta dica um pouco sobre a minha experi\u00eancia com \u201cO cara l\u00e1 de cima\u201d, Aquele que alguns chamam de Deus, outros de Geov\u00e1, Arquiteto do Universo, GADU ou Criador, como (euzinho) gosto de dizer.<\/p>\n<p style=\"text-align: justify;\">Eu n\u00e3o sou uma pessoa muito religiosa, sabe! Fui criado na igreja cat\u00f3lica, fui a algumas missas, mas a minha fam\u00edlia nunca foi de ir tanto \u00e0 igreja.<\/p>\n<p style=\"text-align: justify;\">Desde pequeno sempre fui um curioso e estive em igrejas cat\u00f3licas, evang\u00e9licas, esp\u00edritas e passei muitos anos no Budismo e como todo o bom curioso, frequentei, estudei e fiz milhares de perguntas e nenhuma \u201creligi\u00e3o\u201d nunca me agradou, pois sempre tem um dedo podre nelas, o dedo do \u201chomem\u201d e pe\u00e7o j\u00e1 desculpas \u00e0s pessoas que possam se ofender com este texto, mas a minha inten\u00e7\u00e3o n\u00e3o \u00e9 deturpar a imagem de nenhuma religi\u00e3o, mas enaltecer \u201cO Criador\u201d que a maioria delas prega.<\/p>\n<p style=\"text-align: justify;\">Desde muito pequeno penso que tenho uma sensibilidade para assuntos misteriosos e sempre gostei de pensar que tenho anjos me protegendo e acredito mesmo que ao meu redor existem muitos, muitos anjos e temos uma boa sintonia. Acredite se quiser, mas eu acredito que o criador sempre teve uma miss\u00e3o especial pra mim e aos poucos atrav\u00e9s das adversidades ou oportunidades ele vem me orientando, guiando, treinando para que eu seja cada vez mais um instrumento para ajudar outras pessoas a terem uma vida melhor.<\/p>\n<p style=\"text-align: justify;\">Tive imensa vontade de escrever este texto, principalmente para as pessoas que acham que sou um ateu ou que porque fa\u00e7o hipnose n\u00e3o tenho f\u00e9. J\u00e1 ouvi mais de uma dezena de vezes que quem faz hipnose anda de preto, n\u00e3o cr\u00ea em Deus e por a\u00ed vai&#8230;. Eu adoro andar de preto e por um motivo, n\u00e3o perco tempo escolhendo roupas ou combinando coisas. Pego e coloco e por ser um homem pr\u00e1tico isso me ajuda imenso e s\u00f3.<\/p>\n<p style=\"text-align: justify;\">Claro que nem todos os dias estou eu de joelhos orando, mas sempre que tenho necessidade dobro os meus joelhos nos p\u00e9s da minha cama e oro, mas falar com o criador \u00e9 coisa constante! Como acredito que somos chegados, o nosso papo \u00e9 reto, r\u00e1pido e sempre tenho \u00f3timas respostas (sinais) e sou muito mais de agradecer do que de pedir.<\/p>\n<p style=\"text-align: justify;\">Eu s\u00f3 n\u00e3o falo sobre Deus publicamente por um \u00fanico motivo! N\u00e3o tenho muita paci\u00eancia para discuss\u00f5es e a maioria das brigas s\u00e3o justamente por \u201ccren\u00e7as religiosas\u201d, porque o padre disse que o pastor disse que o esp\u00edrita disse&#8230;. Estou fora, 100% Fora!<\/p>\n<p style=\"text-align: justify;\">Quando me perguntam qual a melhor religi\u00e3o do mundo a minha resposta h\u00e1 anos \u00e9: \u201cAquela que tem faz sentir melhor\u201d e ponto! Pois para eu crer, para eu ter f\u00e9, n\u00e3o preciso dar mais cr\u00e9dito para A ou para B, posso exercer a minha f\u00e9, ajudar pessoas de milhares de maneiras diferentes e assim o fa\u00e7o!<\/p>\n<p style=\"text-align: justify;\">Estes dias internado \u00e9 claro que renovei a minha f\u00e9, pois foram muitos dias necessitando de ajuda at\u00e9 para ir ao banheiro e isso foi uma sensa\u00e7\u00e3o de impot\u00eancia fora do comum. Jamais tive esta sensa\u00e7\u00e3o t\u00e3o presente em minha vida e l\u00f3gico que tudo aquilo me fez pensar e muito.<\/p>\n<p><img fetchpriority=\"high\" decoding=\"async\" class=\"alignnone size-full wp-image-6193\" src=\"https:\/\/www.ipubli.com.br\/clientes\/base56\/wp-content\/uploads\/2018\/11\/assinatura.jpg\" alt=\"\" width=\"800\" height=\"350\" srcset=\"https:\/\/www.clinicadehipnoseenutricao.com\/blog\/wp-content\/uploads\/2018\/11\/assinatura.jpg 800w, https:\/\/www.clinicadehipnoseenutricao.com\/blog\/wp-content\/uploads\/2018\/11\/assinatura-150x66.jpg 150w, https:\/\/www.clinicadehipnoseenutricao.com\/blog\/wp-content\/uploads\/2018\/11\/assinatura-450x197.jpg 450w, https:\/\/www.clinicadehipnoseenutricao.com\/blog\/wp-content\/uploads\/2018\/11\/assinatura-768x336.jpg 768w\" sizes=\"(max-width: 800px) 100vw, 800px\" \/><\/p>\n","protected":false},"excerpt":{"rendered":"<p>Esta semana, falando com um amigo ele lan\u00e7ou a seguinte frase: \u201cAgora que saiu do hospital, veja se come\u00e7a a acreditar mais em Deus!\u201d Eu juro que fiquei espantado com aquele coment\u00e1rio, por dois motivos \u2013 O Primeiro porque eu sempre acreditei em Deus e n\u00e3o sei o que o fez pensar que n\u00e3o acredito. [&hellip;]<\/p>\n","protected":false},"author":3,"featured_media":6198,"comment_status":"closed","ping_status":"closed","sticky":false,"template":"","format":"standard","meta":{"footnotes":""},"categories":[338],"tags":[],"blocksy_meta":"","_links":{"self":[{"href":"https:\/\/www.clinicadehipnoseenutricao.com\/blog\/wp-json\/wp\/v2\/posts\/6197"}],"collection":[{"href":"https:\/\/www.clinicadehipnoseenutricao.com\/blog\/wp-json\/wp\/v2\/posts"}],"about":[{"href":"https:\/\/www.clinicadehipnoseenutricao.com\/blog\/wp-json\/wp\/v2\/types\/post"}],"author":[{"embeddable":true,"href":"https:\/\/www.clinicadehipnoseenutricao.com\/blog\/wp-json\/wp\/v2\/users\/3"}],"replies":[{"embeddable":true,"href":"https:\/\/www.clinicadehipnoseenutricao.com\/blog\/wp-json\/wp\/v2\/comments?post=6197"}],"version-history":[{"count":0,"href":"https:\/\/www.clinicadehipnoseenutricao.com\/blog\/wp-json\/wp\/v2\/posts\/6197\/revisions"}],"wp:featuredmedia":[{"embeddable":true,"href":"https:\/\/www.clinicadehipnoseenutricao.com\/blog\/wp-json\/wp\/v2\/media\/6198"}],"wp:attachment":[{"href":"https:\/\/www.clinicadehipnoseenutricao.com\/blog\/wp-json\/wp\/v2\/media?parent=6197"}],"wp:term":[{"taxonomy":"category","embeddable":true,"href":"https:\/\/www.clinicadehipnoseenutricao.com\/blog\/wp-json\/wp\/v2\/categories?post=6197"},{"taxonomy":"post_tag","embeddable":true,"href":"https:\/\/www.clinicadehipnoseenutricao.com\/blog\/wp-json\/wp\/v2\/tags?post=6197"}],"curies":[{"name":"wp","href":"https:\/\/api.w.org\/{rel}","templated":true}]}}