{"id":6685,"date":"2019-01-10T10:27:22","date_gmt":"2019-01-10T12:27:22","guid":{"rendered":"https:\/\/www.ericpereira.eu\/blog\/?p=6685"},"modified":"2019-01-10T10:27:22","modified_gmt":"2019-01-10T12:27:22","slug":"clinica-social-lisboa","status":"publish","type":"post","link":"https:\/\/www.clinicadehipnoseenutricao.com\/blog\/clinica-social-lisboa\/","title":{"rendered":"Cl\u00ednica Social \u2013 Lisboa"},"content":{"rendered":"<blockquote>\n<h3 style=\"text-align: justify\">\u201cE aqueles que n\u00e3o possuem condi\u00e7\u00f5es para pagar por um tratamento comigo, merecem ficar sem solu\u00e7\u00e3o? Sem respostas para as suas dores emocionais? Claro que n\u00e3o!\u201d Isso me incomodava e assim nasceu a cl\u00ednica social em Lisboa.<\/h3>\n<\/blockquote>\n<p style=\"text-align: justify\">N\u00e3o sei porque demorei tanto para tomar esta atitude, mas enfim aqui estou para contar uma novidade! Ali\u00e1s, talvez eu saiba sim, porque demorei tanto para abrir um espa\u00e7o gratuito de atendimento e ao longo desta postagem falarei sobre isso tamb\u00e9m.<\/p>\n<p style=\"text-align: justify\">Imagino que saiba que sou o fundador do Instituto Ponto de Equil\u00edbrio em Lisboa e na Ilha da Madeira e atendo clientes que v\u00eam de v\u00e1rios pontos da Europa em busca de respostas para as suas feridas emocionais. Acredito que fiquei conhecido pelas centenas de artigos que escrevo, pelas lives que fa\u00e7o e tamb\u00e9m pelos meus livros, j\u00e1 que muitos clientes dizem que me procuraram depois de os ler.<\/p>\n<p style=\"text-align: justify\">A quest\u00e3o \u00e9 que j\u00e1 faz mais de um ano que falo com a minha equipa sobre a ideia de tirar um dia por semana para fazer um dia de \u201cclinica social\u201d, ou seja, atender durante todo o dia sem cobrar nenhum valor financeiro para que outras pessoas que precisem muito possam ter de alguma maneira a oportunidade de fazer um tratamento comigo! Como \u00e9 obvio n\u00e3o consigo atender muitas pessoas em um dia, por\u00e9m, se isso se tornar um trabalho cont\u00ednuo, acredito que durante o ano de 2019 conseguirei ajudar dezenas de pessoas em consult\u00f3rio.<\/p>\n<p style=\"text-align: justify\">Neste momento tenho que seguir algumas regras, como abrir vagas apenas em Lisboa, pois tenho ido menos ao Funchal e tamb\u00e9m preciso que as pessoas interessadas me mandem um email explicando sua \u201cqueixa emocional\u201d e situa\u00e7\u00e3o para eu poder decidir como direcionar as vagas que terei.<\/p>\n<p style=\"text-align: justify\">Outra situa\u00e7\u00e3o (muito) importante \u00e9 avaliar a situa\u00e7\u00e3o financeira da pessoa, pois infelizmente sempre surgem pessoas sem consci\u00eancia com condi\u00e7\u00f5es a quererem atendimento gratuito e a ideia da cl\u00ednica social \u00e9 mesmo atender pessoas sem condi\u00e7\u00f5es financeiras.<\/p>\n<p style=\"text-align: justify\">Como (EU), Eric Pereira tenho uma cren\u00e7a que quando algumas pessoas n\u00e3o pagam nada, elas tamb\u00e9m n\u00e3o valorizam, estou com uma ideia de pedir que cada cliente selecionado possa colaborar de alguma maneira com algo para que possamos doar, tipo alimentos n\u00e3o perec\u00edveis, leite em p\u00f3 para crian\u00e7as ou at\u00e9 material de limpeza ou produtos de higiene que sabemos que muitas institui\u00e7\u00f5es precisam.<\/p>\n<p style=\"text-align: justify\">Ainda tenho um pouco de d\u00favida no que pedir e claro que \u00e9 uma doa\u00e7\u00e3o (n\u00e3o obrigat\u00f3ria), pois sei que h\u00e1 pessoas que podem ter dificuldades at\u00e9 para se deslocar at\u00e9 ao meu consult\u00f3rio, ent\u00e3o analisarei com a minha equipa caso a caso. E aceito sugest\u00f5es e ideias, pode escrever a\u00ed nos coment\u00e1rios por favor.<\/p>\n<p style=\"text-align: justify\">A minha inten\u00e7\u00e3o \u00e9 que todas as ter\u00e7as-feiras seja social, sendo que neste momento abrirei 6 vagas a cada ter\u00e7a e a maioria dos casos precisa de algumas sess\u00f5es, ent\u00e3o todo o tratamento ser\u00e1 social, incluindo os materiais que uso em consult\u00f3rio, como \u00e1udios terap\u00eauticos que s\u00e3o gravados sob medida para cada cliente, aromoterapia, florais de Bach e tudo o que for necess\u00e1rio.<\/p>\n<p style=\"text-align: justify\">Tamb\u00e9m tenho falado com meu parceiro Jos\u00e9 Ribeiro que me disse hoje que est\u00e1 muito interessado em abrir tamb\u00e9m um dia da sua agenda para abra\u00e7ar comigo este projeto e a minha esposa Paula Briani amou a ideia e tem a mesma inten\u00e7\u00e3o, por\u00e9m, ela tem atendimentos e forma\u00e7\u00f5es no Brasil e deve abrir sua agenda para Lisboa a partir de Mar\u00e7o.<\/p>\n<p style=\"text-align: justify\">Percebem? Um movimento e todos ao meu redor j\u00e1 est\u00e3o dispostos a colaborar e fazer acontecer e interessante \u00e9 que sempre pensei nisso e a Paula sempre me falou sobre isso, j\u00e1 que ela \u00e9 a pessoa mais inclinada para projetos sociais nesta rela\u00e7\u00e3o, mas o meu foco estava muito em projetos, ganhar dinheiro e apenas neste momento \u00e9 que sinto o meu cora\u00e7\u00e3o receptivo para isso.<\/p>\n<p style=\"text-align: justify\">Pode at\u00e9 soar estranho, eu falando assim, mas acredito que as coisas acontecem \u201cexatamente\u201d quando devem acontecer e sem nenhuma duvida \u201ca hora \u00e9 agora\u201d e tenho f\u00e9 que vamos poder ajudar muitas pessoas a mudarem as suas situa\u00e7\u00f5es atuais e quem sabe ensin\u00e1-las a lidar com as suas feridas e fazerem as pazes com estas dores emocionais.<\/p>\n<p style=\"text-align: justify\">Enfim, vamos a isso e espero que seja mesmo um projeto respeitado e que o Universo me ajude a escolher as pessoas certas que realmente precisam de ajuda e pe\u00e7o a voc\u00ea que me l\u00ea, que me segue aqui que compartilhe este post nas suas redes sociais e WhatsApp, conte para quem sabe que precisa de ajuda e abaixo tem alguns detalhes para se candidatar.<\/p>\n<h2><img decoding=\"async\" class=\"size-full wp-image-6759 aligncenter\" src=\"https:\/\/www.ipubli.com.br\/clientes\/base56\/wp-content\/uploads\/2019\/01\/eq.png\" alt=\"\" width=\"400\" height=\"37\" srcset=\"https:\/\/www.clinicadehipnoseenutricao.com\/blog\/wp-content\/uploads\/2019\/01\/eq.png 400w, https:\/\/www.clinicadehipnoseenutricao.com\/blog\/wp-content\/uploads\/2019\/01\/eq-150x14.png 150w\" sizes=\"(max-width: 400px) 100vw, 400px\" \/><\/h2>\n<p>As sess\u00f5es ser\u00e3o feitas no Instituto Ponto de Equil\u00edbrio, na Avenida Casal Ribeiro, n\u00ba15 9\u00ba andar, Saldanha \u2013 Lisboa.<\/p>\n<p>Para se candidatar deve enviar um email para <a href=\"mailto:eric@estrategiasparaserfeliz.com\">eric@estrategiasparaserfeliz.com<\/a> com nome completo, idade, profiss\u00e3o e com um breve relato da situa\u00e7\u00e3o que est\u00e1 acontecendo e por favor citar se no momento tem alguma ajuda profissional, desde quando, se toma algum tipo de medica\u00e7\u00e3o e pode falar abertamente que este \u00e9 um e-mail que apenas eu (Eric Pereira) tenho acesso e o que escrever \u00e9 confidencial.<\/p>\n<p>Coloque no e-mail morada e telefone que se for selecionado podermos entrar em contato.<\/p>\n<p>&nbsp;<\/p>\n<p style=\"text-align: justify\">Agrade\u00e7o e juntos vamos torcer para seja um sucesso!<\/p>\n<p><img fetchpriority=\"high\" decoding=\"async\" class=\"size-full wp-image-6738 aligncenter\" src=\"https:\/\/www.ipubli.com.br\/clientes\/base56\/wp-content\/uploads\/2019\/01\/assinatura-2019-1.png\" alt=\"\" width=\"438\" height=\"150\" srcset=\"https:\/\/www.clinicadehipnoseenutricao.com\/blog\/wp-content\/uploads\/2019\/01\/assinatura-2019-1.png 438w, https:\/\/www.clinicadehipnoseenutricao.com\/blog\/wp-content\/uploads\/2019\/01\/assinatura-2019-1-150x51.png 150w\" sizes=\"(max-width: 438px) 100vw, 438px\" \/><\/p>\n","protected":false},"excerpt":{"rendered":"<p>\u201cE aqueles que n\u00e3o possuem condi\u00e7\u00f5es para pagar por um tratamento comigo, merecem ficar sem solu\u00e7\u00e3o? Sem respostas para as suas dores emocionais? Claro que n\u00e3o!\u201d Isso me incomodava e assim nasceu a cl\u00ednica social em Lisboa. N\u00e3o sei porque demorei tanto para tomar esta atitude, mas enfim aqui estou para contar uma novidade! Ali\u00e1s, [&hellip;]<\/p>\n","protected":false},"author":3,"featured_media":6686,"comment_status":"closed","ping_status":"closed","sticky":false,"template":"","format":"standard","meta":{"footnotes":""},"categories":[60],"tags":[],"blocksy_meta":"","_links":{"self":[{"href":"https:\/\/www.clinicadehipnoseenutricao.com\/blog\/wp-json\/wp\/v2\/posts\/6685"}],"collection":[{"href":"https:\/\/www.clinicadehipnoseenutricao.com\/blog\/wp-json\/wp\/v2\/posts"}],"about":[{"href":"https:\/\/www.clinicadehipnoseenutricao.com\/blog\/wp-json\/wp\/v2\/types\/post"}],"author":[{"embeddable":true,"href":"https:\/\/www.clinicadehipnoseenutricao.com\/blog\/wp-json\/wp\/v2\/users\/3"}],"replies":[{"embeddable":true,"href":"https:\/\/www.clinicadehipnoseenutricao.com\/blog\/wp-json\/wp\/v2\/comments?post=6685"}],"version-history":[{"count":0,"href":"https:\/\/www.clinicadehipnoseenutricao.com\/blog\/wp-json\/wp\/v2\/posts\/6685\/revisions"}],"wp:featuredmedia":[{"embeddable":true,"href":"https:\/\/www.clinicadehipnoseenutricao.com\/blog\/wp-json\/wp\/v2\/media\/6686"}],"wp:attachment":[{"href":"https:\/\/www.clinicadehipnoseenutricao.com\/blog\/wp-json\/wp\/v2\/media?parent=6685"}],"wp:term":[{"taxonomy":"category","embeddable":true,"href":"https:\/\/www.clinicadehipnoseenutricao.com\/blog\/wp-json\/wp\/v2\/categories?post=6685"},{"taxonomy":"post_tag","embeddable":true,"href":"https:\/\/www.clinicadehipnoseenutricao.com\/blog\/wp-json\/wp\/v2\/tags?post=6685"}],"curies":[{"name":"wp","href":"https:\/\/api.w.org\/{rel}","templated":true}]}}