{"id":6881,"date":"2019-02-07T08:32:52","date_gmt":"2019-02-07T10:32:52","guid":{"rendered":"https:\/\/www.ericpereira.eu\/blog\/?p=6881"},"modified":"2019-02-07T08:32:52","modified_gmt":"2019-02-07T10:32:52","slug":"por-onde-anda-a-minha-vontade-de-viver","status":"publish","type":"post","link":"https:\/\/www.clinicadehipnoseenutricao.com\/blog\/por-onde-anda-a-minha-vontade-de-viver\/","title":{"rendered":"Por onde anda a minha vontade de VIVER?"},"content":{"rendered":"<h3 style=\"text-align: justify;\"><strong>\u201cHoje a minha vontade \u00e9 ficar na minha cama, ontem n\u00e3o foi diferente e algo me diz que amanh\u00e3 vou escolher ficar na cama tamb\u00e9m ou no sof\u00e1, para variar um pouco\u201d<\/strong><\/h3>\n<p style=\"text-align: justify;\">Ouvia \u201cainda\u201d ao telefone uma pessoa me dizer isso e afirmar que estava depressiva, que sentia que era depress\u00e3o e queria \u201cao telefone\u201d saber o que eu achava? E eu respondi: &#8220;Eu acho que vai chover!&#8221;<\/p>\n<p style=\"text-align: justify;\">N\u00e3o sou m\u00e9dico e nem psic\u00f3logo para sair por a\u00ed diagnosticando pessoas, embora perceba que elas precisem de um r\u00f3tulo para se sentirem mais seguras \u201cou\u201d deveria dizer inseguras? Enfim&#8230;. A maioria das pessoas acha que precisa ter um nome para o que lhes acontece e talvez realmente precisem, deve facilitar para justificarem que n\u00e3o lhes apetece ir trabalhar ou que precisam descasar um dia ou outro.<\/p>\n<p style=\"text-align: justify;\">Press\u00e3o, tudo pra ontem, imediatismo \u00e9 a palavra da moda e de urg\u00eancia em urg\u00eancia vamos aprendemos a viver sem tempo e focados no externo, l\u00e1 onde os r\u00f3tulos s\u00e3o mais crach\u00e1s para identificar as pessoas ou as separar em grupo. Deste lado, temos os agitados, \u00f3timos para fazer tudo o que \u00e9 preciso e trabalharem absurdamente, daquele lado, temos os depressivos&#8230;. eeeee cuidado com estes, melhor construirmos uma redoma em volta deles e j\u00e1 aproveitamos e damos mais um r\u00f3tulo a eles, me parece bem \u201cfobia social\u201d.<\/p>\n<p style=\"text-align: justify;\">S\u00e3o nomes e com eles justificativas que \u201cparece\u201d que os ajuda a seguir caminhos que v\u00e3o dar sei l\u00e1 onde&#8230;. Talvez as pessoas procurem respostas na filosofia, talvez na bebida e ela se torne uma companheira quase eterna \u201cat\u00e9 que a cirrose nos separe\u201d, talvez seja o cigarro, uma dose de cada vez e vamos vivendo em busca de algo maior e quem sabe as respostas estejam na religi\u00e3o?! Estou um pouco confuso com tudo isso&#8230; Bom, se n\u00e3o estiver na religi\u00e3o, pelo menos sou doutrinado a n\u00e3o pensar por mim e isso pode tirar das minhas costas este peso de querer respostas.<\/p>\n<p style=\"text-align: justify;\">\u00c0s vezes apenas acordamos em uma quinta-feira qualquer, olhamos pela janela e est\u00e1 um tempo de merda, sentimos frio, abrimos a boca no pequeno almo\u00e7o e n\u00e3o encontramos motivos para que o dia seja bom e \u00e9 s\u00f3 isso.<\/p>\n<p style=\"text-align: justify;\">Pode n\u00e3o ter nada relacionado com o estar depressivo, \u00e0s vezes \u00e9 mesmo uma dose exagerada de cansa\u00e7o, de desmotiva\u00e7\u00e3o e isso passa e nem sempre estalar os dedos e resolver \u00e9 o melhor, pois porque n\u00e3o tenho o direito de um dia ou outro me sentir frustrado ou triste? Sentir raiva ou medo? N\u00e3o significa que temos que viver com estes sentimentos ou que eles devem guiar as nossas vidas, mas senti-los nos mostra que estamos vivos, que o nosso sangue \u00e0s vezes \u00e9 quente e muitos chamam isso de vida, de fase, de dia e ponto final.<\/p>\n<p style=\"text-align: justify;\">Eu j\u00e1 acordei me perguntando onde estava a minha motiva\u00e7\u00e3o para viver, mas isso n\u00e3o me trouxe vontade de morrer! Isso apenas me deixou pensativo sobre os motivos que eu tinha para acordar todos os dias e fazer exatamente o que eu fazia e o que tem de errado em me questionar \u00e0s vezes? Nadaaaaaa! \u00c9 assim que crescemos, \u00e9 assim que evolu\u00edmos.<\/p>\n<p style=\"text-align: justify;\">Eu acho que temos que parar de frescurinha, de historinhas e mimimi e come\u00e7ar a encarar a nossa vida de verdade! Olhe nos seus olhos quando estiver num dia (menos) bom e pergunte-se o que voc\u00ea pode fazer para mudar tudo isso e se n\u00e3o souber a resposta, pergunte mais uma vez e de novo e outra e n\u00e3o desista de voc\u00ea!<\/p>\n<p style=\"text-align: justify;\">Se for para desistir, desista de ser fraco e se concorda comigo escreva ai nos coment\u00e1rios<\/p>\n<p><img decoding=\"async\" class=\"alignnone size-medium wp-image-6741\" src=\"https:\/\/www.ericpereira.eu\/blog\/wp-content\/uploads\/2019\/01\/assinatura-2019-2-300x103.png\" alt=\"\" width=\"300\" height=\"103\" \/><\/p>\n","protected":false},"excerpt":{"rendered":"<p>\u201cHoje a minha vontade \u00e9 ficar na minha cama, ontem n\u00e3o foi diferente e algo me diz que amanh\u00e3 vou escolher ficar na cama tamb\u00e9m ou no sof\u00e1, para variar um pouco\u201d Ouvia \u201cainda\u201d ao telefone uma pessoa me dizer isso e afirmar que estava depressiva, que sentia que era depress\u00e3o e queria \u201cao telefone\u201d [&hellip;]<\/p>\n","protected":false},"author":3,"featured_media":6882,"comment_status":"closed","ping_status":"closed","sticky":false,"template":"","format":"standard","meta":{"footnotes":""},"categories":[60],"tags":[],"blocksy_meta":"","_links":{"self":[{"href":"https:\/\/www.clinicadehipnoseenutricao.com\/blog\/wp-json\/wp\/v2\/posts\/6881"}],"collection":[{"href":"https:\/\/www.clinicadehipnoseenutricao.com\/blog\/wp-json\/wp\/v2\/posts"}],"about":[{"href":"https:\/\/www.clinicadehipnoseenutricao.com\/blog\/wp-json\/wp\/v2\/types\/post"}],"author":[{"embeddable":true,"href":"https:\/\/www.clinicadehipnoseenutricao.com\/blog\/wp-json\/wp\/v2\/users\/3"}],"replies":[{"embeddable":true,"href":"https:\/\/www.clinicadehipnoseenutricao.com\/blog\/wp-json\/wp\/v2\/comments?post=6881"}],"version-history":[{"count":0,"href":"https:\/\/www.clinicadehipnoseenutricao.com\/blog\/wp-json\/wp\/v2\/posts\/6881\/revisions"}],"wp:featuredmedia":[{"embeddable":true,"href":"https:\/\/www.clinicadehipnoseenutricao.com\/blog\/wp-json\/wp\/v2\/media\/6882"}],"wp:attachment":[{"href":"https:\/\/www.clinicadehipnoseenutricao.com\/blog\/wp-json\/wp\/v2\/media?parent=6881"}],"wp:term":[{"taxonomy":"category","embeddable":true,"href":"https:\/\/www.clinicadehipnoseenutricao.com\/blog\/wp-json\/wp\/v2\/categories?post=6881"},{"taxonomy":"post_tag","embeddable":true,"href":"https:\/\/www.clinicadehipnoseenutricao.com\/blog\/wp-json\/wp\/v2\/tags?post=6881"}],"curies":[{"name":"wp","href":"https:\/\/api.w.org\/{rel}","templated":true}]}}