{"id":693,"date":"2016-03-24T19:40:24","date_gmt":"2016-03-24T19:40:24","guid":{"rendered":"https:\/\/www.ipubli.com.br\/clientes\/eric-pereira\/?p=693"},"modified":"2016-03-24T19:40:24","modified_gmt":"2016-03-24T19:40:24","slug":"o-poder-e-a-falta-dele","status":"publish","type":"post","link":"https:\/\/www.clinicadehipnoseenutricao.com\/blog\/o-poder-e-a-falta-dele\/","title":{"rendered":"O PODER E A FALTA DELE"},"content":{"rendered":"<h3 style=\"text-align: justify;\">Palavra forte est\u00e1.<\/h3>\n<p style=\"text-align: justify;\">Palavra que j\u00e1 alimentou muitas almas, egos e sustentou na\u00e7\u00f5es.<br \/>\nQue j\u00e1 criou confus\u00f5es, destruiu amores e amizades e levou algumas lindas hist\u00f3rias ao esquecimento \u2013 Poder!<\/p>\n<p style=\"text-align: justify;\">N\u00e3o estou aqui para discursar em torno de tal palavra, muito menos para julgar.<br \/>\nMas o fato \u00e9 que considero esta poderosa palavra importante para pessoas que desejam sair do estado atual e irem para o estado desejado.<br \/>\nPenso que o Poder de nossa inten\u00e7\u00e3o faz uma gigantesca diferen\u00e7a, principalmente quando sabemos utilizar essa palavra e a for\u00e7a que ela representa.<\/p>\n<p style=\"text-align: justify;\">As pessoas que a desprezam ou n\u00e3o a respeitam, n\u00e3o colocam a for\u00e7a necess\u00e1ria em suas a\u00e7\u00f5es ou fazem isso com muita tranquilidade e calma e deixam que o longo tempo decida quando tudo ir\u00e1 acontecer. Mas quem colocar PODER na a\u00e7\u00e3o, nas palavras, transforma mais r\u00e1pido e de maneira eficaz seu estado emocional, seu estado atual e atravessa para o estado desejado mais fortalecido.<\/p>\n<p style=\"text-align: justify;\">Colocar PODER no que se faz, pode fazer \u201ca\u201d diferen\u00e7a na travessia e, principalmente, depois que chegar ao estado desejado, pois a hist\u00f3ria nunca acaba quando chegamos a esse estado e, muitas vezes, \u00e9 ali que tudo come\u00e7a. \u00c9 a partir dali que as verdadeiras hist\u00f3rias de vida tomam forma e at\u00e9 servem de fonte de inspira\u00e7\u00e3o para outras pessoas fazerem esta travessia.<\/p>\n<p style=\"text-align: justify;\">Mas quero que, ao ler este artigo, voc\u00ea consiga compreender o verdadeiro significado da palavra PODER, neste texto! N\u00e3o estou falando de altos cargos que lhe aumentam o poder de decis\u00e3o, mas estou falando que, independentemente de onde esteja ou o que esteja passando, pode utilizar o poder de uma decis\u00e3o\u2026 Pode colocar poder em sua decis\u00e3o, acreditar e tom\u00e1-la de maneira consciente, mas colocando nela um absoluto poder e este \u201cPODER\u201d pode envolver sua f\u00e9, sua entrega, sua energia de vontade.<\/p>\n<p style=\"text-align: justify;\">N\u00e3o estamos aqui falando de poderes paranormais, for\u00e7as sobrenaturais mas podemos, SIM, canalizar uma forte e poderosa energia para nos mantermos motivados e mantermos nossa alma poderosa. Algumas pessoas alimentam seu poder interno utilizando sua f\u00e9 inabal\u00e1vel em algo superior, outras leem casos de sucesso diariamente, assistem v\u00eddeos, e aquelas hist\u00f3rias alimentam suas almas. Conhe\u00e7o ainda pessoas que escrevem frases e as colocam em lugares que diariamente possam ler e algumas at\u00e9 colam imagens que lhes enchem de poder quando olham.<\/p>\n<p style=\"text-align: justify;\">Sou muito visual e, quando tenho uma palestra, procuro sempre visualizar-me no palco. Imagino a maneira que vou falar e como vou agir e sinto a rea\u00e7\u00e3o do p\u00fablico. Chego a me arrepiar\u2026 N\u00e3o fa\u00e7o toda a palestra na minha cabe\u00e7a, at\u00e9 porque n\u00e3o sou muito de seguir roteiros e sempre mudo de \u00faltima hora algumas coisas, mas s\u00e3o meus pequenos flash que d\u00e3o vida ao que eu vou fazer, s\u00e3o eles que me d\u00e3o PODER.<\/p>\n<p style=\"text-align: justify;\">Imaginar, sentir, criar\u2026 Isso \u00e9 meu tudo, minha inspira\u00e7\u00e3o, meu PODER!<br \/>\nSempre digo que n\u00e3o importa em que pa\u00eds vive, nem sua idade ou profiss\u00e3o! Pode transformar tudo sempre\u2026 \u201cSe\u201d mergulhar de cabe\u00e7a no que quer e como quer!<\/p>\n<p style=\"text-align: justify;\">N\u00e3o conhe\u00e7o ningu\u00e9m que transformou uma vida sem saber duas coisas importantes \u2013 Onde est\u00e1 e para onde deseja ir!<\/p>\n<p style=\"text-align: justify;\">Ent\u00e3o minha sugest\u00e3o \u00e9 que fa\u00e7a o processo completo e n\u00e3o permita que nada o interrompa, se n\u00e3o, passar\u00e1 a vida toda vivendo de pequenos momentos, alguns significativos e outros frustrantes e jamais realizar\u00e1 algo.<\/p>\n<p style=\"text-align: justify;\"><strong>Seguem 5 Dicas para ajud\u00e1-lo a despertar seu PODER!<\/strong><\/p>\n<ul style=\"text-align: justify;\">\n<li><strong>1\u00ba Para fazer todo o processo precisa de tempo e n\u00e3o adianta acreditar que consegue fazer tudo em algumas horas, pois n\u00e3o estamos falando de uma prova de matem\u00e1tica que fez aos 14 anos de idade, mas de sua vida e de momentos que podem fazer toda a diferen\u00e7a.<\/strong><br \/>\nMinha sugest\u00e3o \u00e9 que tire, no m\u00ednimo, um final de semana todo para que possa desenhar a estrutura que ir\u00e1 utilizar.<\/li>\n<li><strong>2\u00ba Utilize algumas ferramentas para construir este desenho.<\/strong><br \/>\nCompre um caderno, l\u00e1pis, caneta, marca texto e tudo que for necess\u00e1rio para construir seu caminho P.O.R E.S.C.R.I.T.O. Escrevo assim separado, em negrito e sublinhado para chamar sua aten\u00e7\u00e3o para estas palavras \u201cPor Escrito\u201d, pois muitas pessoas pensam que sabem tudo, e possuem uma mem\u00f3ria extraordin\u00e1ria, e jamais v\u00e3o esquecer, e a vida bate forte algumas vezes, e sem planos desestabilizamos o que\u2026 o que \u00e9 mesmo que eu tinha planejado? Entendeu?<\/li>\n<li><strong>3\u00ba Escreva em detalhes o seu estado atual.<\/strong><br \/>\nOnde est\u00e1 em sua vida? Como se sente? Fale sobre as pessoas que convivem com voc\u00ea. Est\u00e1 satisfeito com sua profiss\u00e3o, com quanto ganha e com suas conquistas? Escreva sem medo, escreva com o cora\u00e7\u00e3o, O papel n\u00e3o precisa de palavras bonitas, ele precisa de verdades.<\/li>\n<li><strong>4\u00ba Agora vamos desenhar o estado desejado!<\/strong><br \/>\nComo seria este estado? Ou melhor ainda: Como ser\u00e1 este estado? O que pretende? Com quem pretende? De que maneira? Quero que coloque em detalhes como se v\u00ea daqui a 1 anos, 3 anos, 5 anos\u2026 Como estar\u00e1 se sentindo? Quanto mais detalhado for seu desenho melhor para a transforma\u00e7\u00e3o.<br \/>\nUma vez uma pessoa me disse, em uma sess\u00e3o de Coach, que gostaria de ganhar mais dinheiro e, quando perguntei quanto, ela disse que n\u00e3o sabia. Ent\u00e3o dei-lhe 1 euro e ficou resolvido. Entende? Aquele 1 euro j\u00e1 representava mais dinheiro e como ela s\u00f3 tinha a informa\u00e7\u00e3o \u201cganhar mais dinheiro\u201d, aquilo j\u00e1 era solu\u00e7\u00e3o! Simples assim.<\/li>\n<li><em>Nossa mente precisa de detalhes\u2026. N\u00e3o \u00e9 trocar de carro. \u00c9 trocar o meu carro 1998, por um Mercedes 2016 preto, 4 portas. N\u00e3o \u00e9 fazer uma viagem. \u00c9 viajar para Inglaterra em Agosto\/2016 e criar o roteiro da viagem.<\/em><\/li>\n<li><strong>5\u00ba Gosto de chamar esta fase de \u201cO Salto\u201d.<\/strong><br \/>\nComo vamos saltar do estado atual para o estado desejado?<br \/>\nEsta \u00e9 a fase que muitas pessoas querem SALTAR e penso que devemos viver o processo e n\u00e3o saltar, pois n\u00e3o existem milagres, n\u00e3o existe estalar de dedos, muito menos p\u00f3 m\u00e1gico.<br \/>\nPrecisamos construir, de maneira s\u00f3lida, o processo e focar nele, no passo a passo.<br \/>\nSabemos onde estamos, ok? Sabemos onde desejamos chegar, ok? Agora vamos construir a ponte e precisamos saber como constru\u00ed-la.<br \/>\nPrecisaremos de ajuda? Talvez um Coach, ou amigos, ou ler um pouco mais? Precisaremos abandonar algumas cren\u00e7as limitantes? Ent\u00e3o quem sabe um espa\u00e7o a\u00ed no seu caderno para listar cren\u00e7as e depois riscar aquelas que deseja abandonar? Isso pode ser \u00fatil.<br \/>\nPrecisaremos acordar mais cedo por um per\u00edodo? Dormir mais tarde talvez?<\/li>\n<\/ul>\n<blockquote><p>Ent\u00e3o precisaremos prestar aten\u00e7\u00e3o na alimenta\u00e7\u00e3o, pois vamos precisar de energia para concluir tudo isso.<\/p>\n<p>Lembre-se que o ideal \u00e9 colocar datas para cada projeto dentro do \u201cSalto\u201d, e fa\u00e7a isso de maneira consciente. Precisa ter projetos curtos de 30 dias e 90 dias e, alguns, de 6 meses e 3 anos.<\/p><\/blockquote>\n<p style=\"text-align: justify;\"><em>N\u00e3o tenha pressa em desenhar esta estrutura, mas ela tamb\u00e9m precisa ter data para come\u00e7ar e terminar.<\/em><\/p>\n<p style=\"text-align: justify;\">E durante todos os passos lembre-se de respirar\u2026. Ar\u2026 conscientemente\u2026<br \/>\nPare no meio de tudo e respire com calma\u2026 deixe o ar entrar e deixe ele sair\u2026<br \/>\nCom calma\u2026 Se puder feche os olhos e sinta\u2026 sinta sua presen\u00e7a.<\/p>\n<p style=\"text-align: justify;\">Um Abra\u00e7o de Sabedoria e desejo que se torne um grande artista!<br \/>\nE que o desenho da sua vida seja sua maior obra prima.<\/p>\n<p style=\"text-align: justify;\"><a href=\"https:\/\/www.ipubli.com.br\/clientes\/eric-pereira\/contato\/\" rel=\"attachment wp-att-681\"><img fetchpriority=\"high\" decoding=\"async\" class=\"size-full wp-image-681\" src=\"https:\/\/www.ipubli.com.br\/clientes\/eric-pereira\/wp-content\/uploads\/assinatura-1.png\" alt=\"assinatura\" width=\"434\" height=\"154\" \/><\/a><\/p>\n","protected":false},"excerpt":{"rendered":"<p>Palavra forte est\u00e1. Palavra que j\u00e1 alimentou muitas almas, egos e sustentou na\u00e7\u00f5es. Que j\u00e1 criou confus\u00f5es, destruiu amores e amizades e levou algumas lindas hist\u00f3rias ao esquecimento \u2013 Poder! N\u00e3o estou aqui para discursar em torno de tal palavra, muito menos para julgar. Mas o fato \u00e9 que considero esta poderosa palavra importante para [&hellip;]<\/p>\n","protected":false},"author":3,"featured_media":3687,"comment_status":"closed","ping_status":"closed","sticky":false,"template":"","format":"standard","meta":{"footnotes":""},"categories":[60],"tags":[],"blocksy_meta":"","_links":{"self":[{"href":"https:\/\/www.clinicadehipnoseenutricao.com\/blog\/wp-json\/wp\/v2\/posts\/693"}],"collection":[{"href":"https:\/\/www.clinicadehipnoseenutricao.com\/blog\/wp-json\/wp\/v2\/posts"}],"about":[{"href":"https:\/\/www.clinicadehipnoseenutricao.com\/blog\/wp-json\/wp\/v2\/types\/post"}],"author":[{"embeddable":true,"href":"https:\/\/www.clinicadehipnoseenutricao.com\/blog\/wp-json\/wp\/v2\/users\/3"}],"replies":[{"embeddable":true,"href":"https:\/\/www.clinicadehipnoseenutricao.com\/blog\/wp-json\/wp\/v2\/comments?post=693"}],"version-history":[{"count":0,"href":"https:\/\/www.clinicadehipnoseenutricao.com\/blog\/wp-json\/wp\/v2\/posts\/693\/revisions"}],"wp:featuredmedia":[{"embeddable":true,"href":"https:\/\/www.clinicadehipnoseenutricao.com\/blog\/wp-json\/wp\/v2\/media\/3687"}],"wp:attachment":[{"href":"https:\/\/www.clinicadehipnoseenutricao.com\/blog\/wp-json\/wp\/v2\/media?parent=693"}],"wp:term":[{"taxonomy":"category","embeddable":true,"href":"https:\/\/www.clinicadehipnoseenutricao.com\/blog\/wp-json\/wp\/v2\/categories?post=693"},{"taxonomy":"post_tag","embeddable":true,"href":"https:\/\/www.clinicadehipnoseenutricao.com\/blog\/wp-json\/wp\/v2\/tags?post=693"}],"curies":[{"name":"wp","href":"https:\/\/api.w.org\/{rel}","templated":true}]}}