{"id":7102,"date":"2017-04-26T14:01:18","date_gmt":"2017-04-26T17:01:18","guid":{"rendered":"https:\/\/www.ericpereira.eu\/blog\/?p=3895"},"modified":"2017-04-26T14:01:18","modified_gmt":"2017-04-26T17:01:18","slug":"sabe-que-dia-e-hoje","status":"publish","type":"post","link":"https:\/\/www.clinicadehipnoseenutricao.com\/blog\/sabe-que-dia-e-hoje\/","title":{"rendered":"SABE QUE DIA \u00c9 HOJE?"},"content":{"rendered":"<p style=\"text-align: justify;\">EU E O CALEND\u00c1RIO NUNCA FOMOS MELHORES AMIGOS, USO-O PARA VER UMA DATA E OUTRA, MARCAR UM COMPROMISSO E AT\u00c9 VER A DATA DE ANIVERS\u00c1RIO DAS PESSOAS QUERIDAS E NADA MAIS.<\/p>\n<p>MAS PORQUE A PERGUNTA? EU DEVERIA USAR MAIS O CALEND\u00c1RIO? ELE TEM UMA FUN\u00c7\u00c3O FORA ESTA QUE EU N\u00c3O CONHE\u00c7O? (RISOS).<\/p>\n<p>Eu lembro do final de 2016, exatamente no dia 31\/12 que eu estava escrevendo os \u00faltimos ajustes de como \u201cdeveria\u201d ser o ano de 2017! Estava frio em Paris, eu tinha acordado muito cedo para aproveitar o dia e queria fazer estes ajustes no meu planejamento e ainda gravar um v\u00eddeo.<\/p>\n<p>A quest\u00e3o \u00e9 que ali, naquele momento a P\u00e1scoa me parecia t\u00e3o distante e acabamos de sair dela h\u00e1 alguns dias! Os dias passam a uma velocidade incr\u00edvel e quando percebermos, ser\u00e1 mais uma vez dia 31\/12.<\/p>\n<p>Quando avalio isso, dou uma import\u00e2ncia gigante para o calend\u00e1rio e estou sempre perguntando \u00e0s pessoas como elas administram o seu tempo, seu calend\u00e1rio, suas horas. H\u00e1 uns 2 anos que utilizo com muita frequ\u00eancia o calend\u00e1rio do Gmail, isso porque a minha vida \u00e9 organizada pela minha assistente e neste momento as minhas consultas, palestras, viagens, leitura e tudo que preciso est\u00e1 l\u00e1.<\/p>\n<p>Organizado por cores, esta agenda acaba aparecendo no meu notebook, rel\u00f3gio e telem\u00f3vel e minha equipe tem acesso a toda esta programa\u00e7\u00e3o e assim todos n\u00f3s mantemos uma sincronia incr\u00edvel.<\/p>\n<p>Este meu \u201cv\u00edcio\u201d em perguntar para a maioria das pessoas sobre como administram o seu tempo tem muito a ver com a quest\u00e3o do \u201cautom\u00e1tico\u201d que j\u00e1 falo h\u00e1 anos! N\u00e3o nos damos conta que vivemos entrando e saindo do autom\u00e1tico. \u00c0s vezes entramos nele e ficamos por um bom tempo \u201ce\u201d algumas vezes nos perdemos neste autom\u00e1tico. Ao sair nos sentimos meio perdidos, em d\u00favida e \u00e0s vezes demoramos um pouco para voltar ao ritmo normal.<\/p>\n<p>Saber que dia \u00e9 hoje, ter consci\u00eancia do m\u00eas que estamos e compreender em que parte do processo estamos \u00e9 muito importante. \u00c9 claro que sempre ter\u00e1 aquele que dir\u00e1 que a vida deve ser vivida e deixar tudo acontecer por si! Por\u00e9m penso que nunca acontece por si s\u00f3! Ou temos uma estrat\u00e9gia, ou estamos inseridos na estrat\u00e9gia de algu\u00e9m.<\/p>\n<p>O meu planejamento atual \u00e9 de 5 anos e estou no ano 3. Quando olho para o calend\u00e1rio, vejo que tenho situa\u00e7\u00f5es adiantadas, por\u00e9m tenho situa\u00e7\u00f5es atrasadas tamb\u00e9m e preciso dar prioridade e equilibrar a balan\u00e7a. Viver assim n\u00e3o \u00e9 viver \u201cdentro\u201d das regras, mas viver \u201cdentro\u201d de um planejamento e isso pode fazer uma diferen\u00e7a brutal durante o processo.<\/p>\n<p style=\"text-align: justify;\">Digo isso porque algumas pessoas possuem uma certa resist\u00eancia quando falamos em administrar qualquer coisa! Seja dinheiro, tempo, relacionamentos, neg\u00f3cios e esta \u201cresist\u00eancia\u201d pode ser \u201co\u201d desafio que vem lhe impedindo de conseguir mudar de n\u00edvel, de patamar em sua vida.<\/p>\n<p>Administrar talvez (e s\u00f3 talvez) possa ser uma palavra forte e pode dar impress\u00e3o que ter\u00e1 sobre os ombros uma GRANDE E GIGANTESCA responsabilidade e este peso pode te afastar do fazer, do colocar em pr\u00e1tica, por\u00e9m quero que compreenda que n\u00e3o precisa ser assim. Na verdade, n\u00e3o deve ser assim.<\/p>\n<p>Veja por um \u00e2ngulo diferente! Trata-se da sua vida e se n\u00e3o assumir as responsabilidades e organiz\u00e1-la ir\u00e1 sempre viver de qualquer jeito e isso dar\u00e1 qualquer resultado, entende? Quer chegar onde? \u201cTanto faz\u201d, ent\u00e3o chegar \u00e0 esquina pode ser um lugar, certo?<\/p>\n<p>Quando n\u00e3o definimos o que queremos e como queremos, qualquer coisa que vier, aceitamos como recompensa e muitas vezes isso est\u00e1 ligado ao facto de n\u00e3o nos sentirmos merecedores. E se me perguntar o que o calend\u00e1rio tem a ver com isso? Simplesmente tem tudo a ver, pois se tratamos o tempo de qualquer forma e n\u00e3o cuidamos bem da qualidade do nosso tempo, como conseguiremos criar uma ordem de prioridades? Como sabemos o que devemos acreditar e o que devemos descartar de nossa vida?<\/p>\n<p>Sem utilizar bem o tempo, tarefas se acumulam, situa\u00e7\u00f5es ficam mal resolvidas pelo caminho e MESMO que custe algum tempo e alguma coragem existem situa\u00e7\u00f5es que precisam ser (resolvidas), assuntos que precisam ser fechados, encerrados! Simples assim.<\/p>\n<p>Espero que este artigo tenha de alguma maneira contribu\u00eddo para administrar melhor o seu tempo! Pode administrar, cuidar, abra\u00e7ar, usar o termo que se sentir melhor! Todos eles levam para o mesmo caminho.<\/p>\n<p>Deixe o seu coment\u00e1rio aqui em baixo e compartilhe na sua p\u00e1gina para outras pessoas serem tamb\u00e9m beneficiadas.<\/p>\n<p>Abra\u00e7os Hipn\u00f3ticos,<\/p>\n<p><em><strong>Tenho um GRUPO VIP no Telegram e ser\u00e1 um prazer imenso ter sua presen\u00e7a l\u00e1. <a href=\"https:\/\/t.me\/alimenteamente\" target=\"_blank\" rel=\"noopener noreferrer\">Clique aqui<\/a> para participar!<\/strong><\/em><\/p>\n<p style=\"text-align: justify;\"><img fetchpriority=\"high\" decoding=\"async\" class=\"aligncenter size-full wp-image-3876\" src=\"https:\/\/www.ericpereira.eu\/blog\/wp-content\/uploads\/2017\/04\/assinatura.jpg\" alt=\"assinatura\" width=\"1400\" height=\"190\" \/><\/p>\n","protected":false},"excerpt":{"rendered":"<p>EU E O CALEND\u00c1RIO NUNCA FOMOS MELHORES AMIGOS, USO-O PARA VER UMA DATA E OUTRA, MARCAR UM COMPROMISSO E AT\u00c9 VER A DATA DE ANIVERS\u00c1RIO DAS PESSOAS QUERIDAS E NADA MAIS. MAS PORQUE A PERGUNTA? EU DEVERIA USAR MAIS O CALEND\u00c1RIO? ELE TEM UMA FUN\u00c7\u00c3O FORA ESTA QUE EU N\u00c3O CONHE\u00c7O? (RISOS). Eu lembro do [&hellip;]<\/p>\n","protected":false},"author":3,"featured_media":7103,"comment_status":"closed","ping_status":"closed","sticky":false,"template":"","format":"standard","meta":{"footnotes":""},"categories":[60],"tags":[],"blocksy_meta":"","_links":{"self":[{"href":"https:\/\/www.clinicadehipnoseenutricao.com\/blog\/wp-json\/wp\/v2\/posts\/7102"}],"collection":[{"href":"https:\/\/www.clinicadehipnoseenutricao.com\/blog\/wp-json\/wp\/v2\/posts"}],"about":[{"href":"https:\/\/www.clinicadehipnoseenutricao.com\/blog\/wp-json\/wp\/v2\/types\/post"}],"author":[{"embeddable":true,"href":"https:\/\/www.clinicadehipnoseenutricao.com\/blog\/wp-json\/wp\/v2\/users\/3"}],"replies":[{"embeddable":true,"href":"https:\/\/www.clinicadehipnoseenutricao.com\/blog\/wp-json\/wp\/v2\/comments?post=7102"}],"version-history":[{"count":0,"href":"https:\/\/www.clinicadehipnoseenutricao.com\/blog\/wp-json\/wp\/v2\/posts\/7102\/revisions"}],"wp:featuredmedia":[{"embeddable":true,"href":"https:\/\/www.clinicadehipnoseenutricao.com\/blog\/wp-json\/wp\/v2\/media\/7103"}],"wp:attachment":[{"href":"https:\/\/www.clinicadehipnoseenutricao.com\/blog\/wp-json\/wp\/v2\/media?parent=7102"}],"wp:term":[{"taxonomy":"category","embeddable":true,"href":"https:\/\/www.clinicadehipnoseenutricao.com\/blog\/wp-json\/wp\/v2\/categories?post=7102"},{"taxonomy":"post_tag","embeddable":true,"href":"https:\/\/www.clinicadehipnoseenutricao.com\/blog\/wp-json\/wp\/v2\/tags?post=7102"}],"curies":[{"name":"wp","href":"https:\/\/api.w.org\/{rel}","templated":true}]}}