{"id":7532,"date":"2019-07-20T11:27:27","date_gmt":"2019-07-20T14:27:27","guid":{"rendered":"https:\/\/www.ericpereira.eu\/?p=7532"},"modified":"2019-07-20T11:27:27","modified_gmt":"2019-07-20T14:27:27","slug":"cala-a-boca-se-nao-tem-nada-de-bom-pra-falar","status":"publish","type":"post","link":"https:\/\/www.clinicadehipnoseenutricao.com\/blog\/cala-a-boca-se-nao-tem-nada-de-bom-pra-falar\/","title":{"rendered":"Cala a boca! Se n\u00e3o tem nada de bom pra falar."},"content":{"rendered":"<p style=\"text-align: justify;\">Dica Terap\u00eautica | Eric pereira | Para refletir<\/p>\n<p style=\"text-align: justify;\">Acho que sou conhecido por falar MESMO o que penso e quem me segue h\u00e1 algum tempo sabe que n\u00e3o me importo muito com cr\u00edticas, ent\u00e3o sem nenhum medo de errar aqui vai um recadinho para \u201ctodos\u201d que est\u00e3o lendo esta dica: \u201cCala a boca! Se n\u00e3o tem nada de bom para falar, vale mais permanecer em sil\u00eancio, pois o mundo j\u00e1 tem muitas pessoas negativas, pessimistas, cr\u00edticas e isso \u00e0s vezes \u00e9 um SACO!<\/p>\n<p style=\"text-align: justify;\">N\u00e3o seja mais um.<\/p>\n<p style=\"text-align: justify;\">Penso que voc\u00ea j\u00e1 sabe e vou refor\u00e7ar nesta dica terap\u00eautica \u2013 N\u00f3s temos o poder de escolher como queremos ser e eu quero ser uma pessoa que ajuda, que soma, que transmite mensagens positivas, que entrega esperan\u00e7a, estrat\u00e9gias, solu\u00e7\u00f5es, caminhos, resultados positivos e n\u00e3o mensagens \u201cdesmotivadoras\u201d.<\/p>\n<p style=\"text-align: justify;\">Deus do c\u00e9u! Estou constantemente vendo e ouvindo pessoas falarem de outras como se elas fossem \u201cju\u00edzes\u201d com poder de condenar e colocar um ponto final nas atitudes das outras pessoas. Somos feitos mais de \u201cv\u00edrgulas\u201d do que de pontos finais! D\u00ea uma chance para as pessoas, lembre-se que l\u00e1 no fundo nunca sabemos o real motivo que leva as pessoas fazerem o que fazem e logo falamos e despejamos as nossas opini\u00f5es que nem sempre s\u00e3o verdadeiras.<\/p>\n<p style=\"text-align: justify;\">Eu quando penso em falar de outra pessoa e \u201ccome\u00e7o\u201d o meu projeto interno de julgamento, logo penso na MINHA VIDA e isso me faz logo parar, \u00e9 como se eu tivesse ao longo dos anos criado um \u201calerta\u201d, um alarme interno.<\/p>\n<p style=\"text-align: justify;\">Eu n\u00e3o me acho nem de perto o cara mais inteligente da turma, estou constantemente a ler, estudar, pesquisar e a fazer forma\u00e7\u00f5es justamente por saber que n\u00e3o sei tudo, por\u00e9m, observo pessoas que se sentem com este dom e a minha inten\u00e7\u00e3o aqui n\u00e3o \u00e9 julg\u00e1-las! Longeeeee disso! \u00c9 mesmo alertar que se voc\u00ea for uma destas pessoas cr\u00edticas que est\u00e1 sempre a falar mal de outras pessoas, cuidado com a sua l\u00edngua maldosa!<\/p>\n<p style=\"text-align: justify;\">Outro dia ouvi uma pessoa falando mal de um colega do desenvolvimento pessoal e a no meio da frase ele disse: \u201cn\u00e3o estou falando mal dele, ok? Apenas comentando!\u201d Aiaiaia, al\u00e9m de falar mal SIM, ainda cria uma justificativa entre uma frase e outra? Claro que a minha intimidade e frontalidade com esta pessoa fez-me interromper o assunto e dizer o que aqui estou dizendo e ficou um \u201cclima\u201d chato, mas \u00e9 a realidade nua e crua.<\/p>\n<p style=\"text-align: justify;\">Aprendi ao longo dos anos a valorizar o sil\u00eancio! \u00c9 mesmo um santo rem\u00e9dio para centenas de coisas&#8230; Adoro! Pensar antes de falar, ter cuidado com as palavras, pois elas s\u00e3o mesmo programa\u00e7\u00f5es que s\u00e3o atiradas e algumas pessoas possuem \u201co\u201d poder da comunica\u00e7\u00e3o e quando atiram certas palavras, elas ofendem e desestimulam a outra pessoa, simples assim!<\/p>\n<p style=\"text-align: justify;\">Eu posso at\u00e9 estar errado no que estou falando e ok! Por\u00e9m, acredito que podemos ajudar as pessoas t.r.a.n.s.m.i.t.i.n.d.o mensagens importantes, motivadoras, inteligentes. \u00c0s vezes as pessoas precisam de uma palavra amiga, uma frase que as motive, um incentivo. Algumas pessoas chegam em situa\u00e7\u00f5es que perdem fam\u00edlia, trabalho, dinheiro e at\u00e9 a dignidade e acha que elas precisam que apontemos o dedo falando dos seus erros? Acha mesmo que precisamos construir em volta de uma pessoa destas um sistema de lembran\u00e7as de \u201cEiii, lembre-se que voc\u00ea fracassou!\u201d Ahhh, por favor, n\u00e9?<\/p>\n<p style=\"text-align: justify;\">Eu j\u00e1 errei imenso, j\u00e1 fracassei e j\u00e1 perdi muito nesta vida e o que mais \u201cdetestava\u201d era as pessoas com frases do tipo \u201ceu avisei&#8230;\u201d \u201cVoc\u00ea n\u00e3o tem jeito mesmo, n\u00e9?\u201d eu queria algu\u00e9m que me desse um forte abra\u00e7o e me dissesse: \u201cEu estou aqui para ajudar!\u201d e n\u00e3o esperava que algu\u00e9m pegasse na minha m\u00e3o e me guiasse para o caminho certo, mas apenas estivesse ali para me ouvir e s\u00f3.<\/p>\n<p style=\"text-align: justify;\">Ent\u00e3o mais uma vez eu falo: Cala a boca se n\u00e3o tem algo importante para dizer (Por favor), o mundo j\u00e1 tem muitas pessoas idiotas, ent\u00e3o se liga e fa\u00e7a a sua parte como \u201cSer humano\u201d levando o que pode para quem pode e deixe que cada um fa\u00e7a o que for melhor&#8230;.D\u00ea um abra\u00e7o em quem precisa, empreste os seus ouvidos para ouvir uma queixa, o ombro e quem sabe at\u00e9 estenda a m\u00e3o, mas n\u00e3o para apontar um dedo e sim para oferecer um len\u00e7o que acolha as l\u00e1grimas daquela pessoa.<\/p>\n<p style=\"text-align: justify;\">Agora, se n\u00e3o for capaz de fazer nada disso, ok! Est\u00e1 tudo certo tamb\u00e9m, desde que se mantenha calado!<\/p>\n<p style=\"text-align: justify;\">E se esta dica foi \u00fatil pra voc\u00ea, de uma nota de 1 a 10 e pode deixar o seu coment\u00e1rio! Adoro ler os coment\u00e1rios dos leitores.<\/p>\n<p style=\"text-align: justify;\">At\u00e9 a pr\u00f3xima.<\/p>\n","protected":false},"excerpt":{"rendered":"<p>Dica Terap\u00eautica | Eric pereira | Para refletir Acho que sou conhecido por falar MESMO o que penso e quem me segue h\u00e1 algum tempo sabe que n\u00e3o me importo muito com cr\u00edticas, ent\u00e3o sem nenhum medo de errar aqui vai um recadinho para \u201ctodos\u201d que est\u00e3o lendo esta dica: \u201cCala a boca! Se n\u00e3o [&hellip;]<\/p>\n","protected":false},"author":3,"featured_media":7533,"comment_status":"closed","ping_status":"closed","sticky":false,"template":"","format":"standard","meta":{"footnotes":""},"categories":[336],"tags":[],"blocksy_meta":"","_links":{"self":[{"href":"https:\/\/www.clinicadehipnoseenutricao.com\/blog\/wp-json\/wp\/v2\/posts\/7532"}],"collection":[{"href":"https:\/\/www.clinicadehipnoseenutricao.com\/blog\/wp-json\/wp\/v2\/posts"}],"about":[{"href":"https:\/\/www.clinicadehipnoseenutricao.com\/blog\/wp-json\/wp\/v2\/types\/post"}],"author":[{"embeddable":true,"href":"https:\/\/www.clinicadehipnoseenutricao.com\/blog\/wp-json\/wp\/v2\/users\/3"}],"replies":[{"embeddable":true,"href":"https:\/\/www.clinicadehipnoseenutricao.com\/blog\/wp-json\/wp\/v2\/comments?post=7532"}],"version-history":[{"count":0,"href":"https:\/\/www.clinicadehipnoseenutricao.com\/blog\/wp-json\/wp\/v2\/posts\/7532\/revisions"}],"wp:featuredmedia":[{"embeddable":true,"href":"https:\/\/www.clinicadehipnoseenutricao.com\/blog\/wp-json\/wp\/v2\/media\/7533"}],"wp:attachment":[{"href":"https:\/\/www.clinicadehipnoseenutricao.com\/blog\/wp-json\/wp\/v2\/media?parent=7532"}],"wp:term":[{"taxonomy":"category","embeddable":true,"href":"https:\/\/www.clinicadehipnoseenutricao.com\/blog\/wp-json\/wp\/v2\/categories?post=7532"},{"taxonomy":"post_tag","embeddable":true,"href":"https:\/\/www.clinicadehipnoseenutricao.com\/blog\/wp-json\/wp\/v2\/tags?post=7532"}],"curies":[{"name":"wp","href":"https:\/\/api.w.org\/{rel}","templated":true}]}}