{"id":8855,"date":"2020-02-27T21:02:13","date_gmt":"2020-02-28T00:02:13","guid":{"rendered":"https:\/\/www.ericpereira.eu\/?p=8855"},"modified":"2020-02-27T21:02:13","modified_gmt":"2020-02-28T00:02:13","slug":"como-foi-janeiro","status":"publish","type":"post","link":"https:\/\/www.clinicadehipnoseenutricao.com\/blog\/como-foi-janeiro\/","title":{"rendered":"Como foi Janeiro?"},"content":{"rendered":"<p style=\"text-align: justify;\">N\u00ba31| Para Refletir | Eric Pereira<\/p>\n<p style=\"text-align: justify;\">Se voc\u00ea \u00e9 como um cliente que eu atendi hoje, que quando lhe perguntei: \u201cComo foi Janeiro?\u201d Ele respondeu: \u201cComo assim?\u201d Acho que este texto vai dizer-lhe muito.<\/p>\n<p style=\"text-align: justify;\">Hoje em uma sess\u00e3o online fiquei espantado (s\u00f3 um pouquinho), quando ouvi meu cliente respondendo \u201ccomo assim?\u201d e em sil\u00eancio, quando em seguida ele mandou um \u201cN\u00e3o entendi a sua pergunta\u201d, pois isso deixou muito claro (pra mim) que ele n\u00e3o est\u00e1 fazendo as suas avalia\u00e7\u00f5es mensais e sim eu acredito que seja muito importante para as pessoas que desejam ter melhores resultados (que fique claro isso).<\/p>\n<p style=\"text-align: justify;\">Vou explicar de maneira objetiva isso:<\/p>\n<p style=\"text-align: justify;\">Existem muitas maneiras de nos avaliarmos, por\u00e9m acredito que trabalhar nestes 3 n\u00edveis ajudar\u00e1 imensamente e s\u00e3o eles:<\/p>\n<p style=\"text-align: justify;\">1\u00ba Mensalmente<br \/>\nSe todos os meses eu avalio como foi o meu m\u00eas em todos os sentidos, isso me ajuda imensamente a compreender os meus pontos altos e baixos e posso melhorar para o pr\u00f3ximo m\u00eas. Isto significa que se houver uma const\u00e2ncia (todos os meses) em um ano, terei feito 12 avalia\u00e7\u00f5es e isso ir\u00e1 de alguma maneira enriquecer o meu progresso.<\/p>\n<p style=\"text-align: justify;\">2\u00ba Trimestral<br \/>\nEstas s\u00e3o as que eu mais gosto (das 3), pois tenho uma oportunidade de fazer uma avalia\u00e7\u00e3o mais alargada e com isso sinto mais de perto a minha evolu\u00e7\u00e3o. Desta maneira posso dentro de um ano, fazer 4 avalia\u00e7\u00f5es destas mais minuciosas e para voc\u00ea ter uma ideia, em 2019 tive dificuldades nas minhas duas primeiras avalia\u00e7\u00f5es, na primeira porque estava em casa de cama passando por um processo p\u00f3s-cir\u00fargico, a segunda porque voltei ao ativo devagar e ainda estava me adaptando aos projetos novos, aos interrompidos e apenas na terceira avalia\u00e7\u00e3o \u00e9 que consegui enxergar melhor o cen\u00e1rio.<\/p>\n<p style=\"text-align: justify;\">Imagina se n\u00e3o me importasse com nada disso? Talvez n\u00e3o veria a necessidade de aumentar o meu foco em alguns setores e abandonar outros.<\/p>\n<p style=\"text-align: justify;\">3\u00baAnual<br \/>\nEste \u00e9 importante e na minha opini\u00e3o muito f\u00e1cil de fazer, pois tenho em m\u00e3os as avalia\u00e7\u00f5es mensais, as trimestrais. Al\u00e9m disso eu ainda sou viciado em escrever e muitas vezes tenho dezenas de momentos soltos escritos no meu caderno e tudo isso junto me permite avaliar o que funcionou, o que preciso mudar, avaliar o meu processo de evolu\u00e7\u00e3o e a cada ano percebo que fico mais exigente e me sinto melhor por isso.<\/p>\n<p style=\"text-align: justify;\">Ent\u00e3o, espero que compreenda que ter resultados acima da m\u00e9dia, exige um esfor\u00e7o acima da m\u00e9dia tamb\u00e9m e \u201cse\u201d estiver disposto a realmente fazer isso acontecer, pronto pode come\u00e7ar agora, quem sabe at\u00e9 hoje mesmo (31\/01), avaliando como foi o seu m\u00eas de Janeiro e por favor cuidado com as desculpinhas de&#8230; \u201cCome\u00e7o depois\u201d, \u201cquem sabe outro dia\u201d&#8230;. \u201cAgora \u00e9 tarde para isso\u201d&#8230; \u201cMelhor come\u00e7ar quando tiver um caderno melhor\u201d (rindo alto)&#8230; N\u00e3o seja um \u201cprocrastinador\u201d, ok? Seja um fazedor e ponto final.<\/p>\n<p style=\"text-align: justify;\">Lembre-se: Segunda-feira (03\/02), come\u00e7am as Lives #ZERODESCULPAS e ser\u00e1 aqui na minha p\u00e1gina \u00e0s 6:50h da manh\u00e3 (hor\u00e1rio de Portugal).<\/p>\n","protected":false},"excerpt":{"rendered":"<p>N\u00ba31| Para Refletir | Eric Pereira Se voc\u00ea \u00e9 como um cliente que eu atendi hoje, que quando lhe perguntei: \u201cComo foi Janeiro?\u201d Ele respondeu: \u201cComo assim?\u201d Acho que este texto vai dizer-lhe muito. Hoje em uma sess\u00e3o online fiquei espantado (s\u00f3 um pouquinho), quando ouvi meu cliente respondendo \u201ccomo assim?\u201d e em sil\u00eancio, quando [&hellip;]<\/p>\n","protected":false},"author":3,"featured_media":8856,"comment_status":"closed","ping_status":"closed","sticky":false,"template":"","format":"standard","meta":{"footnotes":""},"categories":[336],"tags":[],"blocksy_meta":"","_links":{"self":[{"href":"https:\/\/www.clinicadehipnoseenutricao.com\/blog\/wp-json\/wp\/v2\/posts\/8855"}],"collection":[{"href":"https:\/\/www.clinicadehipnoseenutricao.com\/blog\/wp-json\/wp\/v2\/posts"}],"about":[{"href":"https:\/\/www.clinicadehipnoseenutricao.com\/blog\/wp-json\/wp\/v2\/types\/post"}],"author":[{"embeddable":true,"href":"https:\/\/www.clinicadehipnoseenutricao.com\/blog\/wp-json\/wp\/v2\/users\/3"}],"replies":[{"embeddable":true,"href":"https:\/\/www.clinicadehipnoseenutricao.com\/blog\/wp-json\/wp\/v2\/comments?post=8855"}],"version-history":[{"count":0,"href":"https:\/\/www.clinicadehipnoseenutricao.com\/blog\/wp-json\/wp\/v2\/posts\/8855\/revisions"}],"wp:featuredmedia":[{"embeddable":true,"href":"https:\/\/www.clinicadehipnoseenutricao.com\/blog\/wp-json\/wp\/v2\/media\/8856"}],"wp:attachment":[{"href":"https:\/\/www.clinicadehipnoseenutricao.com\/blog\/wp-json\/wp\/v2\/media?parent=8855"}],"wp:term":[{"taxonomy":"category","embeddable":true,"href":"https:\/\/www.clinicadehipnoseenutricao.com\/blog\/wp-json\/wp\/v2\/categories?post=8855"},{"taxonomy":"post_tag","embeddable":true,"href":"https:\/\/www.clinicadehipnoseenutricao.com\/blog\/wp-json\/wp\/v2\/tags?post=8855"}],"curies":[{"name":"wp","href":"https:\/\/api.w.org\/{rel}","templated":true}]}}