{"id":8877,"date":"2020-02-27T21:56:15","date_gmt":"2020-02-28T00:56:15","guid":{"rendered":"https:\/\/www.ericpereira.eu\/?p=8877"},"modified":"2020-02-27T21:56:15","modified_gmt":"2020-02-28T00:56:15","slug":"a-ferida-sempre-sara","status":"publish","type":"post","link":"https:\/\/www.clinicadehipnoseenutricao.com\/blog\/a-ferida-sempre-sara\/","title":{"rendered":"A Ferida \u201csempre\u201d sara."},"content":{"rendered":"<p style=\"text-align: justify;\">A Ferida \u201csempre\u201d sara.<br \/>\nN\u00ba38| Para Refletir | Eric Pereira<\/p>\n<p style=\"text-align: justify;\">Ouvindo \u201ce\u201d intervindo durante tantos anos para ajudar as pessoas a compreenderem e curarem suas feridas emocionais, aprendi que uma ferida sempre sara, mas o ferido nunca mais volta a ser a mesma pessoa, por\u00e9m quando o ferido trata suas feridas de maneira consciente e terapeuticamente, ele pode at\u00e9 n\u00e3o ser novamente a mesma pessoa, pois talvez perde \u201cno processo\u201d um pouco de sua ingenuidade, da sua confian\u00e7a e at\u00e9 da sua auto estima, mas ele ganha for\u00e7a, resili\u00eancia e amor pr\u00f3prio e tudo isso junto o fortalece para que ele consiga ser a sua melhor vers\u00e3o.<\/p>\n<p style=\"text-align: justify;\">J\u00e1 tive diante de mim, milhares de pessoas nestes \u00faltimos 21 anos de trabalho com as mais diversas feridas&#8230; Trai\u00e7\u00f5es, lutos, medos, traumas, crises, decep\u00e7\u00f5es e feridas muitos expostas, quase j\u00e1 curadas, feridas que aparentavam ser simples e na verdade eram profundas&#8230;. Algumas resolvidas com facilidade, outras com imensa dificuldade, mas todas feridas \u00e9 que necessitavam de interven\u00e7\u00e3o imediata.<\/p>\n<p style=\"text-align: justify;\">Interessante \u00e9 que independente \u201cda\u201d ferida que meus clientes me trazem, o que mais os magoa (acredito eu), \u00e9 que eles entram em um estado de decep\u00e7\u00e3o\/frustra\u00e7\u00e3o t\u00e3o grande que passam e repassam a hist\u00f3ria do ocorrido tantas vezes no azul escuro de suas mentes que aos poucos aquele fato \u201coriginal\u201d vai sendo acrescido de outras imagens e sons \u201cn\u00e3o verdadeiros\u201d e a hist\u00f3ria original ganha um PESO t\u00e3o grande, ganha uma import\u00e2ncia t\u00e3o gigantesca que o que era um fato que tinha pernas para ser superado, se torna um \u201cfato hist\u00f3rico\u201d, se torna um tormento, um verdadeiro filme de terror e para agravar, muitas pessoas vivenciam este \u201cfilme de terror\u201d e al\u00e9m de sabotarem sua mente, come\u00e7am a trazer da mente para o f\u00edsico e sentem verdadeiramente as dores do que est\u00e1 acontecendo.<\/p>\n<p style=\"text-align: justify;\">Sabendo eu, experiente como sou nesta \u00e1rea, digo sem medo de errar que a ferida sempre sara! Independente do tamanho, ela vai sarar \u2013 Agora cabe aqui \u00e9 decidirmos se queremos olhar para ela atentamente, com carinho, com amor, com aten\u00e7\u00e3o \u201cou\u201d se vamos preferir usar as lentes do drama, do caos, do vitimismo.<\/p>\n<p style=\"text-align: justify;\">Um dia disse exatamente isso a uma cliente em meu consult\u00f3rio em Lisboa e ela chorando e quase gritando me perguntou como ela iria olhar com amor para o que aconteceu com sua filhinha de apenas 4 anos que faleceu de cancro e n\u00e3o era justo e compreendia muito bem a dor daquela mulher, at\u00e9 porque eu tamb\u00e9m perdi um filho, na \u00e9poca com 1 ano e seis meses que teve uma forte dor de ouvido e um erro m\u00e9dico o levou para o c\u00e9u.<\/p>\n<p style=\"text-align: justify;\">Foi dif\u00edcil, eu chorei por dias e at\u00e9 questionei Deus! Por\u00e9m olhei para aquilo com amor, com carinho, com aten\u00e7\u00e3o e compreendi que a miss\u00e3o dele era exatamente aquela. Eu acredito que ele tinha 1 ano e seis meses de miss\u00e3o e a cumpriu lindamente. E sempre lembro dele e de uma cena dele me olhando e sorrindo e \u00e0s vezes uma l\u00e1grima escorre e \u00e0s vezes esta imagem me arraca um sorriso! Mas esta ferida est\u00e1 cicatrizada.<\/p>\n<p style=\"text-align: justify;\">Voc\u00ea pode compreender a verdadeira \u201cess\u00eancia\u201d do que estou aqui dizendo&#8230; Ou n\u00e3o! Por\u00e9m um fato (pra mim) \u00e9 mais do que certo \u2013 Tudo nesta vida pode ser encarado como um momento, como um aprendizado, como um processo para a nossa evolu\u00e7\u00e3o ou como uma fatalidade, um entrave, uma \u201cdesgra\u00e7a\u201d, uma falta de sorte.<\/p>\n<p style=\"text-align: justify;\">Agora, como terapeuta que sou, preciso dizer claramente que se escolher olhar para as suas feridas com consci\u00eancia, ir\u00e1 cur\u00e1-las (todas elas), com o melhor que existe a\u00ed dentro de ti, que \u00e9 o amor.<\/p>\n<p style=\"text-align: justify;\">Espero que observe com aten\u00e7\u00e3o e lembre-se que se precisar chorar, pode e deve chorar, se precisar gritar, grite! Se precisar de um ombro, procure as pessoas que confia, se precisar ajuda profissional, v\u00e1 ao encontro de quem realmente confia, e est\u00e1 tudo certo fazer tudo isso, apenas n\u00e3o permane\u00e7a no registo (no pobre registo), de minha vida acabou, n\u00e3o sei o que fazer! Coloque amor e a\u00e7\u00e3o, pois a vida n\u00e3o para, ent\u00e3o n\u00e3o pare a sua!<\/p>\n<p style=\"text-align: justify;\">Fique bem e olhe com carinho e coloque amor nestas suas feridas, logo v\u00e3o cicatrizar.<\/p>\n<p style=\"text-align: justify;\">At\u00e9 a pr\u00f3xima,<\/p>\n<p style=\"text-align: justify;\">**Lembre-se que Todas as segundas, temos a Live #Zerodesculpas as 6:50h da manh\u00e3 (hor\u00e1rio de Portugal)<\/p>\n","protected":false},"excerpt":{"rendered":"<p>A Ferida \u201csempre\u201d sara. N\u00ba38| Para Refletir | Eric Pereira Ouvindo \u201ce\u201d intervindo durante tantos anos para ajudar as pessoas a compreenderem e curarem suas feridas emocionais, aprendi que uma ferida sempre sara, mas o ferido nunca mais volta a ser a mesma pessoa, por\u00e9m quando o ferido trata suas feridas de maneira consciente e [&hellip;]<\/p>\n","protected":false},"author":3,"featured_media":8878,"comment_status":"closed","ping_status":"closed","sticky":false,"template":"","format":"standard","meta":{"footnotes":""},"categories":[336],"tags":[],"blocksy_meta":"","_links":{"self":[{"href":"https:\/\/www.clinicadehipnoseenutricao.com\/blog\/wp-json\/wp\/v2\/posts\/8877"}],"collection":[{"href":"https:\/\/www.clinicadehipnoseenutricao.com\/blog\/wp-json\/wp\/v2\/posts"}],"about":[{"href":"https:\/\/www.clinicadehipnoseenutricao.com\/blog\/wp-json\/wp\/v2\/types\/post"}],"author":[{"embeddable":true,"href":"https:\/\/www.clinicadehipnoseenutricao.com\/blog\/wp-json\/wp\/v2\/users\/3"}],"replies":[{"embeddable":true,"href":"https:\/\/www.clinicadehipnoseenutricao.com\/blog\/wp-json\/wp\/v2\/comments?post=8877"}],"version-history":[{"count":0,"href":"https:\/\/www.clinicadehipnoseenutricao.com\/blog\/wp-json\/wp\/v2\/posts\/8877\/revisions"}],"wp:featuredmedia":[{"embeddable":true,"href":"https:\/\/www.clinicadehipnoseenutricao.com\/blog\/wp-json\/wp\/v2\/media\/8878"}],"wp:attachment":[{"href":"https:\/\/www.clinicadehipnoseenutricao.com\/blog\/wp-json\/wp\/v2\/media?parent=8877"}],"wp:term":[{"taxonomy":"category","embeddable":true,"href":"https:\/\/www.clinicadehipnoseenutricao.com\/blog\/wp-json\/wp\/v2\/categories?post=8877"},{"taxonomy":"post_tag","embeddable":true,"href":"https:\/\/www.clinicadehipnoseenutricao.com\/blog\/wp-json\/wp\/v2\/tags?post=8877"}],"curies":[{"name":"wp","href":"https:\/\/api.w.org\/{rel}","templated":true}]}}