{"id":8880,"date":"2020-02-27T21:58:42","date_gmt":"2020-02-28T00:58:42","guid":{"rendered":"https:\/\/www.ericpereira.eu\/?p=8880"},"modified":"2020-02-27T21:58:42","modified_gmt":"2020-02-28T00:58:42","slug":"aumente-a-linha-invisivel","status":"publish","type":"post","link":"https:\/\/www.clinicadehipnoseenutricao.com\/blog\/aumente-a-linha-invisivel\/","title":{"rendered":"Aumente a linha invis\u00edvel"},"content":{"rendered":"<p style=\"text-align: justify;\">N\u00ba39| Para Refletir | Eric Pereira<\/p>\n<p style=\"text-align: justify;\">Eu acredito que todos n\u00f3s temos uma linha invis\u00edvel em volta de n\u00f3s que um dia foi criada por nossa mente inconsciente e esta linha determina o quanto podemos avan\u00e7ar, evoluir, prosperar e sermos mais felizes. Pe\u00e7o por favor, que preste muita aten\u00e7\u00e3o neste texto, pois acredito que isso poder\u00e1 ser realmente esclarecedor.<\/p>\n<p style=\"text-align: justify;\">Muitas pessoas constroem linhas muito rentes, pequenos c\u00edrculos e n\u00e3o conseguem aumentar este circulo, ent\u00e3o v\u00e3o vivendo um dia de cada vez, \u201cse limitando\u201d a ter e ser o que conseguem e entre uma reclama\u00e7\u00e3o e outra v\u00e3o \u201cs.o.b.r.e.v.i.v.i.e.n.d.o\u201d, por\u00e9m \u00e9 espantoso quando estas pessoas descobrem que podem dar alguns passos a mais em dire\u00e7\u00e3o ao que desejam e j\u00e1 vi em minha vida este \u201cprocesso\u201d de evolu\u00e7\u00e3o, ou como eu gosto de falar, este (alargamento) da linha invis\u00edvel e nesse momento nos sentimos, tipo uauuuu! Que tudo! Parece que ganhamos (e ganhamos) poderes especiais.<\/p>\n<p style=\"text-align: justify;\">Aos poucos e em todos os setores de nossa vida, podemos \u201ce\u201d devemos alargar esta linha invis\u00edvel e como podemos fazer isso? Primeiro que acho que n\u00e3o \u00e9 algo que se ganha consci\u00eancia agora e em 5 minutos a magia est\u00e1 feita, ok? Acho que devemos sim, iniciar ganhando consci\u00eancia, por\u00e9m a seguir devemos determinar que diariamente vamos nos manter conscientes \u201cou\u201d nos esfor\u00e7armos para nos manter o m\u00e1ximo dentro desta consci\u00eancia e digo desta maneira, pois sei que vivemos muitas vezes dentro do autom\u00e1tico da vida, que somos bombardeados de informa\u00e7\u00f5es e isso faz com que entremos facilmente na \u201cdistra\u00e7\u00e3o\u201d.<\/p>\n<p style=\"text-align: justify;\">Depois creio que isso deve ser um exerc\u00edcio di\u00e1rio. Todos os dias devemos trabalhar para ampliar esta linha e a minha experi\u00eancia diz que isso se faz, lendo, estudando, pesquisando, aprendendo, ensinando (que aprendemos 2x) e pode fazer isso ouvindo podcasts, lendo artigos, assistindo lives e sinceramente \u00f3timos conte\u00fados \u00e9 o que n\u00e3o falta hoje nas redes sociais.<\/p>\n<p style=\"text-align: justify;\">Depois que tomei consci\u00eancia desta que chamo de \u201clinha invis\u00edvel\u201d, consigo com mais clareza enxergar e ter atitudes que me levem sempre (ou) na maioria das vezes a alargar esta minha linha imagin\u00e1ria. Uma das coisas que me ajudam neste processo \u00e9 estar em constante movimento para fora da minha zona de conforto e confesso aqui que \u00e9 t\u00e3o bom uma zona de conforto que muitas vezes desejo \u00e9 estar l\u00e1 quetinho, em sil\u00eancio sem ningu\u00e9m me perturbar, por\u00e9m l\u00e1, al\u00e9m de n\u00e3o acontecer muitas coisas, eu n\u00e3o evoluo. Compreende exatamente o que quero dizer?<\/p>\n<p style=\"text-align: justify;\">Uma vez uma aluna em um semin\u00e1rio me questionou sobre descansar e disse que se eu estivesse em constante movimento n\u00e3o descansaria, e sempre que falo disso lembro dela que enriqueceu aquela tarde no semin\u00e1rio \u201cMudan\u00e7as de Alto Impacto\u201d \u2013 Ent\u00e3o que fique claro que quando eu falo em constantes movimentos estou dizendo para n\u00e3o estacionarmos em uma zona de conforto e simplesmente permanecermos por l\u00e1, ok? Eu descanso e muito! Tenho \u00f3timas noites de sono, inclusive depois que mudei a minha alimenta\u00e7\u00e3o, durmo como um anjinho. Rsss.<\/p>\n<p style=\"text-align: justify;\">Tiro f\u00e9rias a cada 90 dias! Nem sempre consigo viajar e est\u00e1 tudo bem, mas preciso a cada 90 dias tirar 7,8 dias para n\u00e3o fazer muitas coisas e \u00e9 neste per\u00edodo que eu consigo dormir mais horas, que eu leio mais intensamente, que vejo mais s\u00e9ries e filmes e que n\u00e3o fa\u00e7o nada com muita facilidade rssss.<\/p>\n<p style=\"text-align: justify;\">Eu j\u00e1 fui de extremos e acho isso muito perigoso (8 ou 80), hoje nem de perto permito que seja assim, pois preciso estar em constante busca por um equil\u00edbrio em todos os setores da minha vida, talvez por que j\u00e1 tenho 43 anos (olha o velhinho falando, rsss), talvez por j\u00e1 ter passado muitas coisas na vida e hoje j\u00e1 ter a consci\u00eancia de que os processos s\u00e3o mesmo assim e precisamos \u00e9 de const\u00e2ncia e persist\u00eancia, por\u00e9m tudo na dose certa?! Enfim, n\u00e3o sei, mas gosto disso tudo x 2.<\/p>\n<p style=\"text-align: justify;\">Importante \u00e9 que diariamente trabalhe para alargar a sua linha! Em alguns dias far\u00e1 isso de maneira mais intensa, em outros com mais tranquilidade&#8230;. Por\u00e9m esteja sempre em movimento.<\/p>\n<p style=\"text-align: justify;\">Desejo que fique bem e lembre-se que todas as segundas tem Live #Zerodesculpas, \u00e0s 6:50h da manh\u00e3 (hor\u00e1rio de Portugal).<\/p>\n<p style=\"text-align: justify;\">At\u00e9 \u00e0 pr\u00f3xima,<\/p>\n","protected":false},"excerpt":{"rendered":"<p>N\u00ba39| Para Refletir | Eric Pereira Eu acredito que todos n\u00f3s temos uma linha invis\u00edvel em volta de n\u00f3s que um dia foi criada por nossa mente inconsciente e esta linha determina o quanto podemos avan\u00e7ar, evoluir, prosperar e sermos mais felizes. Pe\u00e7o por favor, que preste muita aten\u00e7\u00e3o neste texto, pois acredito que isso [&hellip;]<\/p>\n","protected":false},"author":3,"featured_media":8881,"comment_status":"closed","ping_status":"closed","sticky":false,"template":"","format":"standard","meta":{"footnotes":""},"categories":[336],"tags":[],"blocksy_meta":"","_links":{"self":[{"href":"https:\/\/www.clinicadehipnoseenutricao.com\/blog\/wp-json\/wp\/v2\/posts\/8880"}],"collection":[{"href":"https:\/\/www.clinicadehipnoseenutricao.com\/blog\/wp-json\/wp\/v2\/posts"}],"about":[{"href":"https:\/\/www.clinicadehipnoseenutricao.com\/blog\/wp-json\/wp\/v2\/types\/post"}],"author":[{"embeddable":true,"href":"https:\/\/www.clinicadehipnoseenutricao.com\/blog\/wp-json\/wp\/v2\/users\/3"}],"replies":[{"embeddable":true,"href":"https:\/\/www.clinicadehipnoseenutricao.com\/blog\/wp-json\/wp\/v2\/comments?post=8880"}],"version-history":[{"count":0,"href":"https:\/\/www.clinicadehipnoseenutricao.com\/blog\/wp-json\/wp\/v2\/posts\/8880\/revisions"}],"wp:featuredmedia":[{"embeddable":true,"href":"https:\/\/www.clinicadehipnoseenutricao.com\/blog\/wp-json\/wp\/v2\/media\/8881"}],"wp:attachment":[{"href":"https:\/\/www.clinicadehipnoseenutricao.com\/blog\/wp-json\/wp\/v2\/media?parent=8880"}],"wp:term":[{"taxonomy":"category","embeddable":true,"href":"https:\/\/www.clinicadehipnoseenutricao.com\/blog\/wp-json\/wp\/v2\/categories?post=8880"},{"taxonomy":"post_tag","embeddable":true,"href":"https:\/\/www.clinicadehipnoseenutricao.com\/blog\/wp-json\/wp\/v2\/tags?post=8880"}],"curies":[{"name":"wp","href":"https:\/\/api.w.org\/{rel}","templated":true}]}}