{"id":8913,"date":"2020-03-04T10:09:51","date_gmt":"2020-03-04T13:09:51","guid":{"rendered":"https:\/\/www.ericpereira.eu\/?p=8913"},"modified":"2020-03-04T10:09:51","modified_gmt":"2020-03-04T13:09:51","slug":"sim-voce-consegue","status":"publish","type":"post","link":"https:\/\/www.clinicadehipnoseenutricao.com\/blog\/sim-voce-consegue\/","title":{"rendered":"Sim! Voc\u00ea consegue."},"content":{"rendered":"<p style=\"text-align: justify;\">N\u00ba49| Para Refletir | Eric Pereira<\/p>\n<p style=\"text-align: justify;\">Eu j\u00e1 tive dentro do \u201ccaos\u201d algumas vezes e quando digo isso, quero mesmo dizer em momentos onde tudo acontecia ao mesmo tempo, a minha mente estava acelerada, eu a mil por hora e se eu contasse para qualquer pessoa tudo o que estava acontecendo, todos diriam que eu estava tramado e realmente n\u00e3o existia nenhuma chance de me recuperar, de me levantar novamente. Por\u00e9m, mesmo dentro do \u201ccaos\u201d, atravessando o inferno e \u201c\u00e0s vezes\u201d reclamando ou soltando uns bons palavr\u00f5es, uma parte minha era otimista e eu sempre lembrava o que a escritora Helen Keller dizia: \u201cO otimismo \u00e9 a f\u00e9 em a\u00e7\u00e3o. Nada se pode levar a efeito sem otimismo.\u201d<\/p>\n<p style=\"text-align: justify;\">Pode parecer estranho sobre o que vem a seguir, mas sinceramente a cada dia que passa eu vejo o mundo mais doente e pe\u00e7o desculpas se n\u00e3o concorda comigo, pode ser que a minha vis\u00e3o esteja comprometida por ouvir tantas pessoas a reclamarem em meus atendimentos, mas quando analiso isso mais a fundo n\u00e3o se trata apenas dos meus clientes, mas do que vejo pelo mundo fora.<\/p>\n<p style=\"text-align: justify;\">S\u00e3o pais abandonando filhos, s\u00e3o filhos que matam pais por causa de dinheiro, pessoas alucinadas se suicidam porque o namoro acabou, porque est\u00e3o endividadas e muitas porque n\u00e3o conseguem viver com suas tristezas. A ansiedade e o p\u00e2nico parece que tomaram conta do mundo e infelizmente a mesma internet que nos traz as melhores ferramentas, nos possibilitando uma comunica\u00e7\u00e3o r\u00e1pida nos traz as piores not\u00edcias (fake) e antes o que era apenas ler, compreender e acreditar, hoje \u00e9 ler e verificar a autenticidade da informa\u00e7\u00e3o e mesmo sendo verdadeira ela pode mudar daqui a 5 minutos!<\/p>\n<p style=\"text-align: justify;\">Com tanta \u201cloucura\u201d acontecendo, ser\u00e1 que a mem\u00f3ria coletiva n\u00e3o est\u00e1 sendo afetada?! N\u00e3o sei se sabe, mas todos os nossos pensamentos vibram em uma frequ\u00eancia que atrai, que se junta a outros pensamentos e gosto de dizer que quando come\u00e7amos a pensar (por exemplo) em uma vida triste, enviamos para a nuvem, atrav\u00e9s do nosso wi-fi mental esta informa\u00e7\u00e3o e todas as outras pessoas com o mesmo pensamento enviam para a mesma nuvem suas tristezas e \u00e0s vezes quando acessamos novamente, j\u00e1 n\u00e3o descarregamos apenas o que enviamos mas todas as informa\u00e7\u00f5es que l\u00e1 est\u00e3o! Compreende este pensamento? Faz sentido para voc\u00ea?<\/p>\n<p style=\"text-align: justify;\">Agora, quando fa\u00e7o de tudo para me manter dentro do otimismo, tamb\u00e9m envio informa\u00e7\u00f5es positivas para uma nuvem e nela outros otimistas tamb\u00e9m enviam e quando descarrego&#8230; J\u00e1 sabe, n\u00e9? In\u00fameras vezes no meu passado distante quando eu estava mal e me sentia perdido, lembrava do meu primeiro mentor Joseph Murphy e das cassetes que ouvia na \u00e9poca (quase) que for\u00e7ado pelo meu tio para expandir a minha mente. Na \u00e9poca ele fazia-me ouvir para melhorar em matem\u00e1tica, tinha 10,11 anos e mal sabia ele que aquilo se tornaria para mim uma poderosa ferramenta.<\/p>\n<p style=\"text-align: justify;\">Pensar positivo, insistir para sairmos de onde estamos e irmos para um lugar melhor, trabalharmos para transformar, \u00e9 algo extremamente importante que todas as pessoas deveriam ter como prioridade, por\u00e9m ao mesmo tempo que acredito nisso, compreendo que muitas pessoas n\u00e3o conseguem, pois s\u00e3o bombardeadas desde sempre por not\u00edcias negativas e exemplos fracos e desculpa novamente, mas sendo bem direto, muitas fam\u00edlias educam seus filhos dentro de um ambiente de medo, de escassez, de fracasso e isso faz com que a maioria destas crian\u00e7as, cres\u00e7am alimentando-se de uma nuvem assim.<\/p>\n<p style=\"text-align: justify;\">O Famoso pastor Norman Vincent Peale, considerado o ministro dos \u201cmilh\u00f5es de ouvintes\u201d, o doutor em \u201cterap\u00eautica espiritual\u201d, dizia: \u201cMude seus pensamentos e voc\u00ea mudar\u00e1 seu mundo\u201d e sem prepot\u00eancia, posso completar a frase dele dizendo, que quando (n\u00f3s) mudamos os nossos pensamentos, al\u00e9m de mudarmos o nosso mundo, mudamos o das pessoas ao nosso redor, aquelas bem pr\u00f3ximas e depois n\u00f3s com estas pessoas pr\u00f3ximas contagiamos outras pessoas e assim vamos aumentando a nuvem do bem.<\/p>\n<p style=\"text-align: justify;\">Percebo sempre quando estou animado (na maioria das vezes) e basta estar por 1 hora com um cliente para ele me dizer: \u201cS\u00f3 de estar contigo j\u00e1 me sinto bem e saio daqui aliviado\u201d. Entende o que quero dizer? N\u00f3s temos o poder de mudar tudo (dentro) e tamb\u00e9m de mudarmos tudo fora!<\/p>\n<p style=\"text-align: justify;\">Sei que \u00e0s vezes estamos cansados, sei que \u00e0s vezes nos sentimos fartos de algumas coisas que a vida est\u00e1 nos trazendo, mas devemos ter aten\u00e7\u00e3o que a vida n\u00e3o nos imp\u00f5e absolutamente nada!!! Somos n\u00f3s que colocamos movimento, a\u00e7\u00e3o, energia e atra\u00edmos tudo o que queremos e se neste momento est\u00e1 vivendo o \u201ccaos\u201d, olhe para ele com carinho, pois isso que sente a\u00ed dentro, foi constru\u00eddo por voc\u00ea mesmo para se fartar, se cansar e iniciar um processo de transforma\u00e7\u00e3o!<\/p>\n<p style=\"text-align: justify;\">O erro de muitas pessoas \u00e9 sentirem-se desconfort\u00e1veis com algumas situa\u00e7\u00f5es e permanecerem nela e por favor, volte e leia de novo esta frase! E sim, elas est\u00e3o cansadas, mas v\u00e3o se acostumando a viver assim, quase que entrando em um ritmo autom\u00e1tico e muitas vezes porque mal possuem for\u00e7a para se manter dentro daquele ciclo vicioso, imagina sair dele, n\u00e9? Impens\u00e1vel.<\/p>\n<p style=\"text-align: justify;\">Voc\u00ea precisa urgentemente avaliar a maneira como est\u00e1 conduzindo a sua vida e recomendo que fa\u00e7a isso iniciando pelos seus pensamentos! Como tem pensado diariamente?<\/p>\n<p style=\"text-align: justify;\"><em><strong>Observe quais s\u00e3o seus pensamentos quando acorda, nas primeiras horas da manh\u00e3, ao caminho do trabalho, durante seu almo\u00e7o e intervalos. Ap\u00f3s o almo\u00e7o, a caminho de casa, minutos antes do jantar e na hora em que vai dormir.<\/strong><\/em><\/p>\n<p style=\"text-align: justify;\">Pode sim ser cansativo olhar para isso com alguma aten\u00e7\u00e3o, mas acredite em mim quando eu digo que isso \u00e9 realmente importante. \u00c9 mesmo muito importante que observe e que quando estiver observando alguns destes pensamentos, consiga identificar como se sente, pois quando vivo a vida sem questionar, sem compreender, sem ajudar meus movimentos, n\u00e3o posso depois reclamar dos meus resultados, n\u00e3o \u00e9 mesmo? Mas fazemos isso e sabe quando? <strong><em>O tempooooo todoooooo! Reclamamos e reclamamos e \u201c\u00e0s vezes\u201d fazemos uma pequena mudan\u00e7a, n\u00e3o a mantemos e voltamos a reclamar que nada d\u00e1 certo! Rssss.<\/em><\/strong><\/p>\n<p style=\"text-align: justify;\">Estamos sem nenhuma d\u00favida vivendo na era do \u201cimediatismo\u201d e isso tem causado tantos danos na vida das pessoas, ohhh meu Deus!<\/p>\n<p style=\"text-align: justify;\">Enfim, recomendo que antes de mais nada fa\u00e7a esta avalia\u00e7\u00e3o sobre seus pensamentos e fa\u00e7a isso de maneira consciente por 2,3 dias por favor, depois perceba aquilo que deve mudar, alterar e fa\u00e7a imediatamente! Nada de deixar para segunda-feira, para o pr\u00f3ximo dia 1 do pr\u00f3ximo m\u00eas, \u00e9 agora e acredite que daqui a 12 meses voc\u00ea vai ter desejado muitoooo ter feito estas mudan\u00e7as no dia de hoje.<\/p>\n<p style=\"text-align: justify;\">Depois coloque na sua cabe\u00e7a que n\u00e3o existe um segredo para sustentar tudo isso! O que existe aqui \u00e9 consist\u00eancia. Seja consistente, mantenha o plano A e que ele seja ser otimista, acreditar, ter f\u00e9, permanecer dentro da nuvem \u201cEu acredito\u201d e trabalhe para que mesmo quando estiver tudo caminhando lindamente o seu otimismo seja alimentado e para quando tudo estiver realmente dando errado, voc\u00ea consiga dizer para si: Calmaaaa&#8230; Deixa-me olhar para isso direitinho. Deixa-me ver por \u00e2ngulos diferentes e porque isso est\u00e1 acontecendo, deve ter um sinal aqui! O que esta situa\u00e7\u00e3o quer me mostrar e por favor aprenda com os momentos menos bons e se fizer tudo isso certinho, chegar\u00e1 um dia que compreender\u00e1 que tudo nesta vida \u00e9 aprendizado e estamos aqui para evoluir e n\u00e3o existe evolu\u00e7\u00e3o dentro da nossa zona de conforto!<\/p>\n<p style=\"text-align: justify;\">Se fez sentido este artigo, por favor comente e compartilhe nos seus grupos de WhatsApp, nas redes sociais e vamos ajudar outras pessoas tamb\u00e9m a refletirem e colocarem a\u00e7\u00e3o na vida.<\/p>\n<p style=\"text-align: justify;\">At\u00e9 o pr\u00f3ximo,<\/p>\n<p>&nbsp;<\/p>\n","protected":false},"excerpt":{"rendered":"<p>N\u00ba49| Para Refletir | Eric Pereira Eu j\u00e1 tive dentro do \u201ccaos\u201d algumas vezes e quando digo isso, quero mesmo dizer em momentos onde tudo acontecia ao mesmo tempo, a minha mente estava acelerada, eu a mil por hora e se eu contasse para qualquer pessoa tudo o que estava acontecendo, todos diriam que eu [&hellip;]<\/p>\n","protected":false},"author":3,"featured_media":8914,"comment_status":"closed","ping_status":"closed","sticky":false,"template":"","format":"standard","meta":{"footnotes":""},"categories":[336],"tags":[],"blocksy_meta":"","_links":{"self":[{"href":"https:\/\/www.clinicadehipnoseenutricao.com\/blog\/wp-json\/wp\/v2\/posts\/8913"}],"collection":[{"href":"https:\/\/www.clinicadehipnoseenutricao.com\/blog\/wp-json\/wp\/v2\/posts"}],"about":[{"href":"https:\/\/www.clinicadehipnoseenutricao.com\/blog\/wp-json\/wp\/v2\/types\/post"}],"author":[{"embeddable":true,"href":"https:\/\/www.clinicadehipnoseenutricao.com\/blog\/wp-json\/wp\/v2\/users\/3"}],"replies":[{"embeddable":true,"href":"https:\/\/www.clinicadehipnoseenutricao.com\/blog\/wp-json\/wp\/v2\/comments?post=8913"}],"version-history":[{"count":0,"href":"https:\/\/www.clinicadehipnoseenutricao.com\/blog\/wp-json\/wp\/v2\/posts\/8913\/revisions"}],"wp:featuredmedia":[{"embeddable":true,"href":"https:\/\/www.clinicadehipnoseenutricao.com\/blog\/wp-json\/wp\/v2\/media\/8914"}],"wp:attachment":[{"href":"https:\/\/www.clinicadehipnoseenutricao.com\/blog\/wp-json\/wp\/v2\/media?parent=8913"}],"wp:term":[{"taxonomy":"category","embeddable":true,"href":"https:\/\/www.clinicadehipnoseenutricao.com\/blog\/wp-json\/wp\/v2\/categories?post=8913"},{"taxonomy":"post_tag","embeddable":true,"href":"https:\/\/www.clinicadehipnoseenutricao.com\/blog\/wp-json\/wp\/v2\/tags?post=8913"}],"curies":[{"name":"wp","href":"https:\/\/api.w.org\/{rel}","templated":true}]}}