{"id":8935,"date":"2020-03-11T18:40:51","date_gmt":"2020-03-11T21:40:51","guid":{"rendered":"https:\/\/www.ericpereira.eu\/?p=8935"},"modified":"2020-03-11T18:40:51","modified_gmt":"2020-03-11T21:40:51","slug":"a-dor-invisivel","status":"publish","type":"post","link":"https:\/\/www.clinicadehipnoseenutricao.com\/blog\/a-dor-invisivel\/","title":{"rendered":"A dor invis\u00edvel"},"content":{"rendered":"<p style=\"text-align: justify;\">\nN\u00ba55| Para Refletir | Eric Pereira<\/p>\n<p style=\"text-align: justify;\">Ela me dizia que muitas vezes se sentia cercada de pessoas e estava s\u00f3, que via sorrisos por toda parte e ecoava distante em sua mente os bons dias e boas tardes animados e mesmo assim o vazio era constante. Algumas vezes sentia ter ganho algum tipo de \u201cfor\u00e7a extra\u201d e at\u00e9 enxergava algumas coisas mais coloridas e se entusiasmava com algo e minutos depois se perdida dentro daquele entusiasmo e rapidamente seu sorriso se transformava em algumas l\u00e1grimas.<\/p>\n<p style=\"text-align: justify;\">Ele tinha uma voz firme, se vestia muito bem e a primeira impress\u00e3o que transmitia era de uma pessoa de sucesso, mas durante a sess\u00e3o percebi que sim, tinha feito a leitura certa, por\u00e9m depois do aperto de m\u00e3o e sorriso no rosto, sua hist\u00f3ria se confundia com o que transmitia e entre uma respira\u00e7\u00e3o mais forte e outra ele dizia que o dinheiro j\u00e1 n\u00e3o mais preenchia sua \u201cdor\u201d, suas conquistas supria por um tempo, mas era cada vez mais curta e ele sentia uma dor que n\u00e3o sabia explicar e por mais que buscasse \u201co controlo\u201d, vivia internamente descontrolado.<\/p>\n<p style=\"text-align: justify;\">Atendo diariamente clientes com queixas emocionais diferentes, por\u00e9m existem algumas destas pessoas que me relatam uma \u201cdor invis\u00edvel\u201d que muita vezes chega devagar e vai ganhando espa\u00e7o interno e na maioria das vezes nem elas sabem o que se passa, mas os relatos s\u00e3o sempre parecidos, como se elas se conhecessem e falassem sobre o que sentem. Na maioria das vezes se destacam frases como \u201cTenho tudo para estar feliz, mas sinto uma tristeza que parece vir da alma\u201d, \u201cEu estou vivendo a melhor fase da minha vida e algo aqui dentro tem me consumido\u201d e por mais que eu explore os acontecimentos, todas elas n\u00e3o conseguem explicar \u201co vazio\u201d que as consome.<\/p>\n<h3 style=\"text-align: justify;\">Eternos Insatisfeitos.<\/h3>\n<p style=\"text-align: justify;\">\u00c9 como se estas pessoas fossem pessoas insatisfeitas que por mais que fizessem ou conquistassem, nada estivesse bom para elas e \u00e0s vezes elas at\u00e9 conseguem aquietar a mente, a alma, mas \u00e9 sempre moment\u00e2neo, pois preenchem este \u201cvazio\u201d com uma conquista, um momento, um pico de felicidade e depois tudo volta ao normal. Na realidade o normal delas que \u00e9 sentir que falta algo e n\u00e3o conseguir explicar o que lhes falta. Lembro de uma senhora que atendi h\u00e1 poucas semanas atr\u00e1s que vive em Londres, que dizia que depois de anos sentindo este vazio, hoje sente uma saudade de algo, de um tempo que jamais existiu.<\/p>\n<p style=\"text-align: justify;\">H\u00e1 sensivelmente uns 2 anos atr\u00e1s, eu fiz uma live sobre dores invis\u00edveis e se tiver interesse pode encontr\u00e1-la l\u00e1 no meu blog e j\u00e1 faz alguns anos que venho ajudando estas pessoas a se descobrirem e tem sido para mim e para elas uma experi\u00eancia incr\u00edvel e recompensadora, pois em todos os casos que trabalhei at\u00e9 este momento, e n\u00e3o estou afirmando que isso \u00e9 uma regra, ok? Mas todos os casos at\u00e9 este momento, estas pessoas sentem falta de algo que aconteceu na inf\u00e2ncia e na transi\u00e7\u00e3o para a adolesc\u00eancia e n\u00e3o estou falando de viagens, roupas ou brinquedos, ok? Estou falando de afeto, de aten\u00e7\u00e3o, de carinho, de amor.<\/p>\n<p style=\"text-align: justify;\">Comecei este artigo falando sobre uma pessoa que sentia sempre que estava cercada de muitas pessoas e sim, ela tinha uma fam\u00edlia grande, amigos, faculdade boa e trabalhava em uma ag\u00eancia de publicidade com uma equipa divertida (palavras dela) e sentia-se s\u00f3! Sempre s\u00f3! Teve duas rela\u00e7\u00f5es que n\u00e3o duraram, at\u00e9 porque ela n\u00e3o estava em busca de um namorado, ela precisava de uma figura masculina que cuida-se dela e depois de trabalharmos muito ficou clara a aus\u00eancia de pai e m\u00e3e, mas ela sempre esteve cercada de pessoas, irm\u00e3os, tios, primos, cuidadoras, empregadas, mas os pais viajavam muito e quando estavam presentes, n\u00e3o estavam presentes, compreende o que digo aqui?<\/p>\n<p style=\"text-align: justify;\">Lembro de em uma sess\u00e3o ela me contar de uma lembran\u00e7a distante dela chorando no quarto, no ch\u00e3o e os pais discutindo, a m\u00e3e pedindo para ele (o pai) pegar ela e ele gritando: \u201cVoc\u00ea \u00e9 que quis ter filha, agora cuida\u201d e s\u00e3o mensagens como esta que em algum momento da inf\u00e2ncia foram \u201cimpressas\u201d como tatuagem e que v\u00e3o se juntando a outra e mais uma que vai constituindo (na minha opini\u00e3o) a sensa\u00e7\u00e3o de abandono, de rejei\u00e7\u00e3o.<\/p>\n<p style=\"text-align: justify;\">Depois ela foi crescendo, se afastando, sentindo outras experi\u00eancias na escola e ali j\u00e1 n\u00e3o eram as outras crian\u00e7as que a tratavam mal, mas sim a sua postura j\u00e1 era de desconfian\u00e7a, de reclus\u00e3o e as outras crian\u00e7as, apenas sentindo a decis\u00e3o talvez at\u00e9 inconsciente dela, se mantinham distantes e mais uma vez ela confundia as imagens, as a\u00e7\u00f5es e somatizava a rejei\u00e7\u00e3o, o afastamento e desta maneira foi construindo aos poucos um olhar mais cr\u00edtico diante do mundo, das pessoas.<\/p>\n<p style=\"text-align: justify;\">Esta menina assustada se transformou em mulher e cresceu acreditando que precisava ocupar um espa\u00e7o importante e se destacou nos estudos, no trabalho e trabalhava mais do que todos e porqu\u00ea? Ela precisava de se destacar sempre, porque descobriu que todas as vezes que estava em uma posi\u00e7\u00e3o de destaque ela ganhava aten\u00e7\u00e3o, respeito, palmadinha nas costas e claro que a sua alma descobriu uma maneira de se abastecer, mas nunca era o suficiente e como uma \u201cdroga\u201d, ela precisava de mais e como todas as pessoas que se destacam, surgiram pelo seu caminho pessoas invejosas e trai\u00e7oeiras e ela n\u00e3o soube lidar com isso.<\/p>\n<p style=\"text-align: justify;\">Se eu fosse falar apenas sobre ela daria um belo livro, a quest\u00e3o aqui \u00e9 que algo que aconteceu l\u00e1 atr\u00e1s que ela quase n\u00e3o se lembrava mais contribuiu para todo um caminho e quando ela falou comigo a primeira vez, a sua queixa era: \u201cSinto uma dor, um vazio que nem sei explicar\u201d e claro que eu em todos os casos sempre acredito que tem uma explica\u00e7\u00e3o, uma origem e aos poucos fomos \u201cdesenterrando\u201d situa\u00e7\u00f5es, olhando para elas, compreendendo uma a uma ressignificando.<\/p>\n<p style=\"text-align: justify;\">Eu (Eric), j\u00e1 me senti um insatisfeito e por um bom per\u00edodo da minha vida sentia-me inquieto em tempo integral e estava sempre metido em algo que ocuparia o meu tempo, que me traria um novo desafio at\u00e9 um dia atender um empres\u00e1rio (ainda no Brasil) com as mesmas caracter\u00edsticas minhas e ali durante aqueles 6 meses de intenso trabalho, me trabalhei tamb\u00e9m e compreendi o meu \u201cv\u00edcio\u201d em estar sempre fazendo, ocupando a mente \u201ce\u201d me destacando, pois precisava do \u201creconhecimento\u201d e sempre arrumei parceiros e s\u00f3cios mais velhos e compreendi que fazia isso para substituir o pai que perdi muito novinho (2 anos).<\/p>\n<p style=\"text-align: justify;\">Todos n\u00f3s estamos sujeitos de vez em quando de sentir falta de algo, de querer suprir uma perda, mas aten\u00e7\u00e3o que n\u00e3o estou falando aqui de um caso isolado apenas e sim de dores invis\u00edveis s\u00e9rias que realmente levam uma pessoa a uma tristeza profunda, a uma depress\u00e3o rigorosa e confesso que n\u00e3o gosto muito destas nomenclaturas como \u201cdepress\u00e3o\u201d, \u201cansiedade\u201d, \u201cp\u00e2nico\u201d, pois acho que s\u00e3o demasiadamente vagas e rotulam uma pessoa como (\u00e9s doente e ponto!) e gosto de acreditar que ningu\u00e9m o \u00e9&#8230;. Pode estar, mas estar ansioso \u00e9 muitooooo diferente de ser ansioso, compreende?<\/p>\n<p style=\"text-align: justify;\">\u00c0s vezes analisando as pessoas, percebo que por vivermos em um mundo competitivo, repleto de mudan\u00e7as, passamos a maior parte do tempo \u201ccorrendo\u201d, dentro de um senso de urg\u00eancia e n\u00e3o olhamos com mais aten\u00e7\u00e3o para o que nos acontece \u201cou\u201d para como nos acontece, por\u00e9m se observarmos, estamos na maioria das vezes sempre fugindo de estarmos com n\u00f3s mesmos e okok o termo \u201cfugindo\u201d pode parecer um pouco estranho, mas na realidade, muitas de nossas a\u00e7\u00f5es s\u00e3o sim uma fuga da realidade, seja l\u00e1 o que isso signifique.<\/p>\n<p style=\"text-align: justify;\">Hoje vejo por exemplo muitos dos meus clientes que passam horas assistindo s\u00e9ries e vivendo \u201ca emo\u00e7\u00e3o\u201d que aquela s\u00e9rie proporciona, outros vivem a vida de outras pessoas no Instagram e claro que com o tempo come\u00e7am a achar suas vidas mon\u00f3tonas e chatas, pois est\u00e3o se comparando com a vida de sonho que s\u00e3o postadas ali.<\/p>\n<p style=\"text-align: justify;\">D.i.s.t.r.a.\u00e7.\u00f5.e.s e mais distra\u00e7\u00f5es para nos levar para qualquer lugar, desde que n\u00e3o seja para dentro de n\u00f3s POR FAVORRRRR! Compreende isso? Estou sendo claro com minhas palavras? A sociedade, as grandes empresas de entretenimento t\u00eam em m\u00e3os um grande produto \u2013 entreter! Nos distrair e at\u00e9 acho que muitas pessoas precisam desta \u201canestesia\u201d, pois n\u00e3o suportam sua realidade e aqui quero que aumente a sua aten\u00e7\u00e3o, por favor! Elas n\u00e3o suportam a sua realidade porque suas cren\u00e7as acreditam que&#8230; E \u00e0s vezes a realidade pode ser vista de outra maneira, mas para isso elas precisam estar conscientes, precisam olhar para dentro com carinho, com amor, com responsabilidade.<\/p>\n<p style=\"text-align: justify;\">Eu adoro me distrair, mas em contexto de divers\u00e3o e n\u00e3o de fuga! E \u00f3bvio que j\u00e1 fugi in\u00fameras vezes da \u201cminha realidade\u201d at\u00e9 eu poder olhar para ela com mais amor e quando o fiz at\u00e9 as dores que eram mais profundas foram abra\u00e7adas com um pouco da minha compreens\u00e3o e as feridas que mais doeram ao longo da minha vida foram tratadas com um pouco de perd\u00e3o e tudo foi se resolvendo com muito amor, ok, com algumas l\u00e1grimas tamb\u00e9m, confesso, mas mesmo nestas l\u00e1grimas tinha amor.<\/p>\n<p style=\"text-align: justify;\">A vida n\u00e3o tem nada de complicado, por\u00e9m \u00e0s vezes carregamos algumas coisas que nos fazem vivermos mais pesados, mais tristes, mais pra baixo e como disse \u201ccarregamos\u201d e muitas das vezes nem somos n\u00f3s que colocamos aquele peso, mas carregamos porque algu\u00e9m o colocou ali e fomos achando que era normal e continuamos a carregar, a aumentar, a fortalecer e n\u00e3o nos damos conta de que tudo o que estamos fazendo \u00e9 continuarmos a alimentar o que um dia n\u00e3o foi alimentando com a emo\u00e7\u00e3o certa, ent\u00e3o vamos colocando ali naqueles \u201cburaquinhos\u201d o que temos e \u00e0s vezes at\u00e9 o que achamos ser o mais certo.<\/p>\n<p style=\"text-align: justify;\">N\u00e3o podemos nos culpar por tudo o que aconteceu, nem pelo que nos tornamos, por favor n\u00e3o! Devemos \u00e9 aprender a olhar para tudo o que somos e n\u00e3o fugirmos de nenhuma de nossas vers\u00f5es e olharmos MESMO com aten\u00e7\u00e3o e colocarmos amor ali aqui, por todo lado, por toda a parte.<\/p>\n<p style=\"text-align: justify;\">Uma vez em consult\u00f3rio disse algo parecido para uma jovem de 28 anos que chorava por sentir um vazio enorme e ela me disse chorando: \u201cComo eu vou me amar, se me tornei isso que nem sei explicar?\u201d e imediatamente eu respondi: \u201cEste \u00e9 o maior motivo para se amar! O se tornar isso \u00e9 a resposta que voc\u00ea precisava\u201d.<\/p>\n<p style=\"text-align: justify;\">\u00c0s vezes \u201co\u201d isso que ela disse e que nos dizemos \u00e9 tudo o que precisamos para olharmos para n\u00f3s sem dramas, sem historinhas sem treta e com amor dizer para n\u00f3s mesmos, eu amo voc\u00ea e estou aqui para te ajudar no seu processo de transforma\u00e7\u00e3o! Procure olhar para quem voc\u00ea \u00e9 e diga a voc\u00ea mesmo que est\u00e1 para o ajudar. Se voc\u00ea n\u00e3o consegue olhar para si com amor, como as outras pessoas v\u00e3o fazer isso?<\/p>\n<p style=\"text-align: justify;\">Primeiro voc\u00ea deve acreditar, primeiro voc\u00ea deve querer se curar, primeiro voc\u00ea deve desejar compreender e quando voc\u00ea se tornar prioridade, todas as suas vers\u00f5es ter\u00e3o a sua aten\u00e7\u00e3o e o processo de transforma\u00e7\u00e3o se iniciar\u00e1.<\/p>\n<p style=\"text-align: justify;\">Espero ter ajudado e j\u00e1 agora, tem alguma dor invis\u00edvel? S\u00f3 escreva sim ou n\u00e3o!<\/p>\n<p style=\"text-align: justify;\">At\u00e9 breve,<\/p>\n","protected":false},"excerpt":{"rendered":"<p>N\u00ba55| Para Refletir | Eric Pereira Ela me dizia que muitas vezes se sentia cercada de pessoas e estava s\u00f3, que via sorrisos por toda parte e ecoava distante em sua mente os bons dias e boas tardes animados e mesmo assim o vazio era constante. Algumas vezes sentia ter ganho algum tipo de \u201cfor\u00e7a [&hellip;]<\/p>\n","protected":false},"author":3,"featured_media":8936,"comment_status":"closed","ping_status":"closed","sticky":false,"template":"","format":"standard","meta":{"footnotes":""},"categories":[336],"tags":[],"blocksy_meta":"","_links":{"self":[{"href":"https:\/\/www.clinicadehipnoseenutricao.com\/blog\/wp-json\/wp\/v2\/posts\/8935"}],"collection":[{"href":"https:\/\/www.clinicadehipnoseenutricao.com\/blog\/wp-json\/wp\/v2\/posts"}],"about":[{"href":"https:\/\/www.clinicadehipnoseenutricao.com\/blog\/wp-json\/wp\/v2\/types\/post"}],"author":[{"embeddable":true,"href":"https:\/\/www.clinicadehipnoseenutricao.com\/blog\/wp-json\/wp\/v2\/users\/3"}],"replies":[{"embeddable":true,"href":"https:\/\/www.clinicadehipnoseenutricao.com\/blog\/wp-json\/wp\/v2\/comments?post=8935"}],"version-history":[{"count":0,"href":"https:\/\/www.clinicadehipnoseenutricao.com\/blog\/wp-json\/wp\/v2\/posts\/8935\/revisions"}],"wp:featuredmedia":[{"embeddable":true,"href":"https:\/\/www.clinicadehipnoseenutricao.com\/blog\/wp-json\/wp\/v2\/media\/8936"}],"wp:attachment":[{"href":"https:\/\/www.clinicadehipnoseenutricao.com\/blog\/wp-json\/wp\/v2\/media?parent=8935"}],"wp:term":[{"taxonomy":"category","embeddable":true,"href":"https:\/\/www.clinicadehipnoseenutricao.com\/blog\/wp-json\/wp\/v2\/categories?post=8935"},{"taxonomy":"post_tag","embeddable":true,"href":"https:\/\/www.clinicadehipnoseenutricao.com\/blog\/wp-json\/wp\/v2\/tags?post=8935"}],"curies":[{"name":"wp","href":"https:\/\/api.w.org\/{rel}","templated":true}]}}