{"id":8962,"date":"2020-03-20T14:33:34","date_gmt":"2020-03-20T17:33:34","guid":{"rendered":"https:\/\/www.ericpereira.eu\/?p=8962"},"modified":"2020-03-20T14:33:34","modified_gmt":"2020-03-20T17:33:34","slug":"escolhas-conscientes","status":"publish","type":"post","link":"https:\/\/www.clinicadehipnoseenutricao.com\/blog\/escolhas-conscientes\/","title":{"rendered":"Escolhas Conscientes"},"content":{"rendered":"<p style=\"text-align: justify;\">\nN\u00ba61| Para Refletir | Eric Pereira<\/p>\n<p style=\"text-align: justify;\">Hoje acordei pensativo! Muito pensativo e acredito que chegou a hora de fazermos escolhas conscientes e pe\u00e7o por favor que leia com aten\u00e7\u00e3o esta dica terap\u00eautica.<\/p>\n<p style=\"text-align: justify;\">Estamos todos a n\u00edvel mundial passando por uma situa\u00e7\u00e3o nova, diferente sem temos a menor ideia do que realmente vai acontecer nos pr\u00f3ximos dias ou meses e quanto mais ou\u00e7o especialistas e leigos a expressarem suas opini\u00f5es, mais confuso eu deste lado fico e n\u00e3o sei voc\u00ea, mas acredito que ningu\u00e9m estava preparado para uma situa\u00e7\u00e3o como esta e n\u00e3o estou falando, apenas em estarmos em casa \u201cisolados\u201d, mas estarmos isolados \u201ce\u201d sem sabermos o que vai acontecer amanh\u00e3.<\/p>\n<p style=\"text-align: justify;\">Confesso que ontem meu dia foi extremamente irritante, acordei com um mau humor n\u00edvel 15 (de 1 a 10), e procurei me afastar de todos, n\u00e3o atendi chamadas telef\u00f3nicas, n\u00e3o respondi a maioria das mensagens e nem o #podcast365 fiz, por\u00e9m depois de passar por este mau humor \u201ctalvez\u201d sem sentido, acordei cheio de garra, de vontade e decidi que serei irritantemente feliz (Rindo alto aqui), pois \u00e9 estranho falar em ser irritantemente feliz, n\u00e9? Mas quando uma pessoa \u00e9 feliz em tempo integral, \u00e0s vezes ela nos irrita, pois ningu\u00e9m pode ser t\u00e3o feliz assim!!! Kkkkkkkkkk&#8230;&#8230;<\/p>\n<p style=\"text-align: justify;\">O facto \u00e9 que acredito que est\u00e1 na hora de tomarmos decis\u00f5es conscientes e quando utilizo a palavra \u201cconsciente\u201d, eu quero dizer MESMO de maneira consciente, clara, s\u00f3bria! Adoro esta palavra \u201cs\u00f3bria\u201d, \u00e9 t\u00e3o forte, n\u00e3o acham? Amo-a! Presenciei milhares de vezes pessoas falando sobre estarem conscientes, enquanto estavam cheias de ego, de raiva, de medo e \u00e0s vezes at\u00e9 cheias de \u201csi mesmas\u201d e n\u00e3o vejo isso como consci\u00eancia plena e sim, como uma m\u00e1scara que pode fazer \u201calgum\u201d sentido no momento e sim, somente no momento.<\/p>\n<p style=\"text-align: justify;\">A situa\u00e7\u00e3o atual \u00e9 um convite para nos despirmos de qualquer pel\u00edcula que foi constru\u00edda com o tempo para nos protegermos e n\u00e3o se preocupe \u201cse\u201d acha que ao se despir, se tornar\u00e1 uma pessoa vulner\u00e1vel! Pode ser que descubra que sempre esteve vulner\u00e1vel por estar usando estas \u201cpel\u00edculas de prote\u00e7\u00e3o\u201d ou melhor dizendo pel\u00edcula de (falsa) prote\u00e7\u00e3o, pois nunca nos protegeu, apenas nos afastou de sermos quem realmente somos.<\/p>\n<p style=\"text-align: justify;\">Atendo h\u00e1 21 anos e neste tempo o que mais vejo s\u00e3o pessoas que constroem vidas paralelas e at\u00e9 compreendo que cada um tem seus motivos para n\u00e3o assumir o seu real papel neste mundo de pel\u00edculas nada verdadeiras, mas ser\u00e1 que n\u00e3o est\u00e1 MESMO na hora de assumirmos? Ser\u00e1 que n\u00e3o est\u00e1 mesmo na hora de fazermos algo diferente?<\/p>\n<p style=\"text-align: justify;\">Escolhas conscientes na minha opini\u00e3o!<\/p>\n<p style=\"text-align: justify;\">As pessoas de ponta a ponta do globo est\u00e3o se reinventando e descobrindo coisas incr\u00edveis sobre elas mesmas, pois est\u00e3o tendo a oportunidade de estarem consigo e mesmo que a maioria n\u00e3o esteja acostumadas, parece que os dias est\u00e3o se tornando mais longos, aprenda a observar e se fizer escolhas conscientes vai logo come\u00e7ar desacelerando a sua mente! (Isso \u00e9 mesmo importante).<\/p>\n<p style=\"text-align: justify;\">N\u00e3o estamos em momento de aumentarmos \u201ca crise\u201d, de sentirmos medo, de mergulharmos dentro do vazio, n\u00e3oooooo! Estamos em momento de melhorarmos imediatamente nos nossos pensamentos, ajustarmos a frequ\u00eancia, acreditarmos, colaborarmos, fazermos por onde e s\u00f3 conseguimos se fizermos escolhas conscientes.<\/p>\n<p style=\"text-align: justify;\">Alimente a sua mente, respire devagar e fa\u00e7a isso conscientemente mais vezes ao dia e sinta-se bem!<\/p>\n<p style=\"text-align: justify;\">Se quiser me ouvir pelo #podcast365, segue aqui um dos caminhos que levam at\u00e9 meus \u00e1udios. S\u00e3o gratuitos e recomendo que ou\u00e7a um por dia!<br \/>\nhttps:\/\/soundcloud.com\/ericpereiraoficial<\/p>\n<p style=\"text-align: justify;\">Nos encontramos em breve,<\/p>\n","protected":false},"excerpt":{"rendered":"<p>N\u00ba61| Para Refletir | Eric Pereira Hoje acordei pensativo! Muito pensativo e acredito que chegou a hora de fazermos escolhas conscientes e pe\u00e7o por favor que leia com aten\u00e7\u00e3o esta dica terap\u00eautica. Estamos todos a n\u00edvel mundial passando por uma situa\u00e7\u00e3o nova, diferente sem temos a menor ideia do que realmente vai acontecer nos pr\u00f3ximos [&hellip;]<\/p>\n","protected":false},"author":3,"featured_media":8963,"comment_status":"closed","ping_status":"closed","sticky":false,"template":"","format":"standard","meta":{"footnotes":""},"categories":[336],"tags":[],"blocksy_meta":"","_links":{"self":[{"href":"https:\/\/www.clinicadehipnoseenutricao.com\/blog\/wp-json\/wp\/v2\/posts\/8962"}],"collection":[{"href":"https:\/\/www.clinicadehipnoseenutricao.com\/blog\/wp-json\/wp\/v2\/posts"}],"about":[{"href":"https:\/\/www.clinicadehipnoseenutricao.com\/blog\/wp-json\/wp\/v2\/types\/post"}],"author":[{"embeddable":true,"href":"https:\/\/www.clinicadehipnoseenutricao.com\/blog\/wp-json\/wp\/v2\/users\/3"}],"replies":[{"embeddable":true,"href":"https:\/\/www.clinicadehipnoseenutricao.com\/blog\/wp-json\/wp\/v2\/comments?post=8962"}],"version-history":[{"count":0,"href":"https:\/\/www.clinicadehipnoseenutricao.com\/blog\/wp-json\/wp\/v2\/posts\/8962\/revisions"}],"wp:featuredmedia":[{"embeddable":true,"href":"https:\/\/www.clinicadehipnoseenutricao.com\/blog\/wp-json\/wp\/v2\/media\/8963"}],"wp:attachment":[{"href":"https:\/\/www.clinicadehipnoseenutricao.com\/blog\/wp-json\/wp\/v2\/media?parent=8962"}],"wp:term":[{"taxonomy":"category","embeddable":true,"href":"https:\/\/www.clinicadehipnoseenutricao.com\/blog\/wp-json\/wp\/v2\/categories?post=8962"},{"taxonomy":"post_tag","embeddable":true,"href":"https:\/\/www.clinicadehipnoseenutricao.com\/blog\/wp-json\/wp\/v2\/tags?post=8962"}],"curies":[{"name":"wp","href":"https:\/\/api.w.org\/{rel}","templated":true}]}}