{"id":8968,"date":"2020-03-24T15:08:19","date_gmt":"2020-03-24T18:08:19","guid":{"rendered":"https:\/\/www.ericpereira.eu\/?p=8968"},"modified":"2020-03-24T15:08:19","modified_gmt":"2020-03-24T18:08:19","slug":"uma-coisa-e-certa-esta-tudo-errado","status":"publish","type":"post","link":"https:\/\/www.clinicadehipnoseenutricao.com\/blog\/uma-coisa-e-certa-esta-tudo-errado\/","title":{"rendered":"Uma coisa \u00e9 CERTA! Est\u00e1 tudo ERRADO!"},"content":{"rendered":"<p style=\"text-align: justify;\">N\u00ba62| Para Refletir | Eric Pereira<\/p>\n<p style=\"text-align: justify;\">Vou pular a parte onde falaria que estamos vivendo dentro de uma enorme mudan\u00e7a e bl\u00e1 bl\u00e1 bl\u00e1, pois acredito que j\u00e1 esteja ouvindo isso por tantos meios diferentes que deve j\u00e1 ter gravado a\u00ed no seu inconsciente, n\u00e9?<\/p>\n<p style=\"text-align: justify;\">Olhando friamente para a situa\u00e7\u00e3o atual, vejo que uma coisa \u00e9 certa, est\u00e1 tudo errado! Este movimento que todos estamos fazendo, sendo quase que \u201cfor\u00e7ados\u201d a nos isolarmos, j\u00e1 deveria ter acontecido h\u00e1 muito tempo e n\u00e3o por uma amea\u00e7a invis\u00edvel e t\u00e3o letal como este v\u00edrus, mas por iniciativa nossa, ra\u00e7a humana, seres pensadores, animais racionais! Por\u00e9m nunca fizemos nenhum movimento deste tipo para desacelerarmos, nunca cuidamos tanto da nossa higiene como agora!<\/p>\n<p style=\"text-align: justify;\">Isso me faz lembrar de uma hist\u00f3ria que aconteceu comigo e garanto que j\u00e1 deve ter acontecido com alguns de voc\u00eas, se n\u00e3o com todos!<\/p>\n<p style=\"text-align: justify;\">Fazia pouco mais de 2 anos que eu e a Paula t\u00ednhamos fundado o Instituto Ponto de Equil\u00edbrio, eu recebia clientes na unidade da madeira vindos de v\u00e1rios lugares da Europa, sess\u00f5es online, fazia palestra com 300,400,500 pessoas mensalmente (pode ver as fotos no meu facebook) e na \u00e9poca ainda escrevia para 6 revistas diferentes, trabalhava no meu primeiro livro e achava que era \u201co\u201d cara, at\u00e9 adoecer e ficar em casa muito mal por 12 dias. Nos primeiros 5, s\u00f3 pensava como poderia suprir tudo que estava fazendo naquele estado e ali aprendi uma li\u00e7\u00e3o (1\u00ba vez), eu precisava abrandar.<\/p>\n<p style=\"text-align: justify;\">O tempo passou e esqueci daquilo e fui acelerando, aumentando o ritmo at\u00e9 que l\u00e1 estava eu e agora com mais uma unidade do Instituto no Porto e outra em Lisboa e atendendo 10 dias diretos na unidade da Madeira, e depois de uma destas minhas viagens para a Madeira e ter atendido 84 pessoas, chego a Lisboa e no dia seguinte sinto uma falta de ar, vou parar no Hospital onde sofro um pneumot\u00f3rax e passo por uma cirurgia. 8 dias depois mais um e mais uma cirurgia e por 6 meses fiquei em casa descansando, desacelerando, reaprendendo a dormir, a fechar os olhos e relaxar, a meditar.<\/p>\n<p style=\"text-align: justify;\">Entende onde quero chegar?<\/p>\n<p style=\"text-align: justify;\">Quando n\u00e3o cuidamos de n\u00f3s, o Universo se encarrega de cuidar e na minha opini\u00e3o \u00e9 exatamente o que est\u00e1 acontecendo neste exato momento da nossa vida! N\u00e3o lemos os sinais, continuamos cada vez mais acelerando a nossa vida, a dos outros, ignorando a nossa sa\u00fade, construindo ritmos cada vez mais acelerados, dormindo mal e vivendo ligados no \u201cpiloto autom\u00e1tico\u201d, sem contar o mal que est\u00e1vamos fazendo ao mudo, n\u00e9? Poluindo, estragando, desrespeitando e sinceramente se n\u00e3o \u201cnos\u201d respeitamos, como vamos respeitar o outro, n\u00e9? E o planeta? Nem pensar!<\/p>\n<p style=\"text-align: justify;\">O Universo arrumou uma maneira dentro dos seus mist\u00e9rios e nos parou! O mundo inteiro est\u00e1 parando, desacelerando e alguns est\u00e3o aprendendo, alguns est\u00e3o compreendendo e acredito MESMO que depois que tudo isso passar, nunca mais seremos os mesmos! Ops! Calma, algumas pessoas (e espero que seja a maioria), nunca mais ser\u00e3o as mesmas, pois ter\u00e3o despertado, acordado, sa\u00eddo deste piloto autom\u00e1tico, desta \u201cescravid\u00e3o\u201d e espero muito que seja para nunca mais cair dentro este ciclo vicioso.<\/p>\n<p style=\"text-align: justify;\">Uma coisa \u00e9 certa! Est\u00e1 tudo errado, mas sou daqueles que ainda acredita que podemos consertar, estruturar, curar e se voc\u00ea tamb\u00e9m acredita nisso, por favor fa\u00e7a a sua parte e n\u00e3o estou apenas falando para ficar em casa! Estou falando para se cuidar, se entregar, aprender, se superar, melhorar.<\/p>\n<p style=\"text-align: justify;\">Liberte-se!<\/p>\n","protected":false},"excerpt":{"rendered":"<p>N\u00ba62| Para Refletir | Eric Pereira Vou pular a parte onde falaria que estamos vivendo dentro de uma enorme mudan\u00e7a e bl\u00e1 bl\u00e1 bl\u00e1, pois acredito que j\u00e1 esteja ouvindo isso por tantos meios diferentes que deve j\u00e1 ter gravado a\u00ed no seu inconsciente, n\u00e9? Olhando friamente para a situa\u00e7\u00e3o atual, vejo que uma coisa [&hellip;]<\/p>\n","protected":false},"author":3,"featured_media":8969,"comment_status":"closed","ping_status":"closed","sticky":false,"template":"","format":"standard","meta":{"footnotes":""},"categories":[336],"tags":[],"blocksy_meta":"","_links":{"self":[{"href":"https:\/\/www.clinicadehipnoseenutricao.com\/blog\/wp-json\/wp\/v2\/posts\/8968"}],"collection":[{"href":"https:\/\/www.clinicadehipnoseenutricao.com\/blog\/wp-json\/wp\/v2\/posts"}],"about":[{"href":"https:\/\/www.clinicadehipnoseenutricao.com\/blog\/wp-json\/wp\/v2\/types\/post"}],"author":[{"embeddable":true,"href":"https:\/\/www.clinicadehipnoseenutricao.com\/blog\/wp-json\/wp\/v2\/users\/3"}],"replies":[{"embeddable":true,"href":"https:\/\/www.clinicadehipnoseenutricao.com\/blog\/wp-json\/wp\/v2\/comments?post=8968"}],"version-history":[{"count":0,"href":"https:\/\/www.clinicadehipnoseenutricao.com\/blog\/wp-json\/wp\/v2\/posts\/8968\/revisions"}],"wp:featuredmedia":[{"embeddable":true,"href":"https:\/\/www.clinicadehipnoseenutricao.com\/blog\/wp-json\/wp\/v2\/media\/8969"}],"wp:attachment":[{"href":"https:\/\/www.clinicadehipnoseenutricao.com\/blog\/wp-json\/wp\/v2\/media?parent=8968"}],"wp:term":[{"taxonomy":"category","embeddable":true,"href":"https:\/\/www.clinicadehipnoseenutricao.com\/blog\/wp-json\/wp\/v2\/categories?post=8968"},{"taxonomy":"post_tag","embeddable":true,"href":"https:\/\/www.clinicadehipnoseenutricao.com\/blog\/wp-json\/wp\/v2\/tags?post=8968"}],"curies":[{"name":"wp","href":"https:\/\/api.w.org\/{rel}","templated":true}]}}