{"id":9114,"date":"2020-06-06T20:19:48","date_gmt":"2020-06-06T23:19:48","guid":{"rendered":"https:\/\/www.ericpereira.eu\/?p=9114"},"modified":"2020-06-06T20:19:48","modified_gmt":"2020-06-06T23:19:48","slug":"quer-organizar-toda-a-sua-vida","status":"publish","type":"post","link":"https:\/\/www.clinicadehipnoseenutricao.com\/blog\/quer-organizar-toda-a-sua-vida\/","title":{"rendered":"QUER ORGANIZAR TODA A SUA VIDA?"},"content":{"rendered":"<p style=\"text-align: justify;\"><strong>Eu adoro escrever artigos e acredito que at\u00e9 j\u00e1 tenha lido alguns deles, por\u00e9m hoje ser\u00e1 mais poderoso que todos os outros, pois decidi dedicar horas aqui para apresentar uma esp\u00e9cie de \u201cGuia pr\u00e1tico\u201d para colocar a vida em ordem. Ent\u00e3o se prepare que ser\u00e1 longo, minucioso e contar\u00e1 com v\u00eddeo e \u00e1udio de apoio e espero que some no seu processo de evolu\u00e7\u00e3o.<\/strong><\/p>\n<p style=\"text-align: justify;\">N\u00e3o foi hoje que este pensamento de \u201corganizar\u201d absolutamente tudo surgiu, ele surgiu h\u00e1 pouco tempo, enquanto constru\u00eda a estrat\u00e9gia de um cliente e percebi que me faria muito bem colocar toda a minha vida em ordem. Quando iniciei, fiquei surpreso como n\u00e3o havia percebido antes que era tudo o que faltava para a minha vida ganhar uma roupagem nova e ao longo deste, compreender\u00e1 \u201ce\u201d gosto de pensar que tamb\u00e9m vai aderir \u00e0 ideia de organizar tudo.<\/p>\n<p style=\"text-align: justify;\">Ahh, deixa dizer &#8211; S\u00e3o 6:15h da manh\u00e3, estou no meu escrit\u00f3rio, terminei os meus 15 minutos de medita\u00e7\u00e3o, ainda sinto o cheirinho agrad\u00e1vel do incenso e o meu corpo aproveita a sess\u00e3o de bem-estar enquanto, com um leve sorriso no rosto, ou\u00e7o o meu (Jazz) e escrevo este artigo&#8230; #Adoro escrever ao som de um leve Jazz&#8230; N\u00e3o sei dizer o porqu\u00ea, mas me ajuda a criar de maneira conectada.<\/p>\n<p style=\"text-align: justify;\">H\u00e1 alguns meses atr\u00e1s fui contactado por um empres\u00e1rio que ouvia os meus Podcasts e a sua curiosidade era saber como eu constru\u00eda estrat\u00e9gias para as pessoas e porque \u00e9 que eu estava sempre dizendo que \u201ctreinava a mente das pessoas\u201d. Depois de uma longa avalia\u00e7\u00e3o online, aceitei e abracei aquele desafio, por\u00e9m percebi que ele tinha uma vida completamente desorganizada. Os seus pensamentos eram confusos, come\u00e7ava tudo com \u00e2nimo e desistia na mesma velocidade, estava sempre envolvido em diversos projetos e era o \u201cconselheiro\u201d da fam\u00edlia, mas come\u00e7ou a ficar cansado de acumular tarefas, de deixar coisas pela metade e principalmente de n\u00e3o concluir \u201ca maioria\u201d das coisas que iniciava.<\/p>\n<p style=\"text-align: justify;\">Durante a avalia\u00e7\u00e3o disse que anotou uma das frases que ouviu no meu podcast e olhou para ela por dias: \u201cSe est\u00e1 cansado de recome\u00e7ar, pare de desistir\u201d. Esta \u00e9 uma das minhas preferidas e acredito que todos n\u00f3s (incluindo eu) acabamos desistindo muito de algumas coisas e chega um momento que cansamos de recome\u00e7os, n\u00e9? E isso faz com que a vida entre em um ritmo alucinante onde acumulamos \u201cfrustra\u00e7\u00f5es\u201d, \u201cdecep\u00e7\u00f5es\u201d e at\u00e9 momentos de confus\u00f5es. Contudo, chega uma hora que a vida fica estranha, confusa, desorganizada e nos acostumamos a viver assim dentro desta \u201corganizada bagun\u00e7a\u201d e sinceramente o \u201corganizado\u201d nesta frase \u00e9 apenas uma maneira de dizer que isso \u201c\u00e9\u201d ilus\u00f3rio, pois olhamos para a \u201cnossa bagun\u00e7a\u201d e acreditamos que sabemos o que est\u00e1 acontecendo, mas na realidade n\u00e3o sabemos.<\/p>\n<p style=\"text-align: justify;\">A minha maior inten\u00e7\u00e3o neste artigo \u201cGuia Pr\u00e1tico\u201d \u00e9 ajud\u00e1-lo a pensar sobre tudo isso e poder colocar a\u00e7\u00e3o imediata, se organizando a um ponto que as mudan\u00e7as na sua vida possam ser vis\u00edveis. Teremos muitas etapas aqui, desde falar sobre a desorganiza\u00e7\u00e3o mental, o pensamento acelerado at\u00e9 organizar a vida pessoal, profissional e arrumar \u201ce\u201d resolver pend\u00eancias. Eu quero come\u00e7ar com algo que faz muito sentido pra mim dentro das minhas sess\u00f5es terap\u00eauticas online: \u201ca nega\u00e7\u00e3o\u201d.<\/p>\n<h2 style=\"text-align: justify;\"><strong>NEGA\u00c7\u00c3O<\/strong><\/h2>\n<p style=\"text-align: justify;\">A nega\u00e7\u00e3o dentro da psicologia \u00e9 um mecanismo de defesa que se refere a um processo pelo qual a pessoa, de alguma forma, inconsciente, n\u00e3o quer tomar conhecimento de algum desejo, fantasia, pensamento ou sentimento.<\/p>\n<p style=\"text-align: justify;\">A teoria da nega\u00e7\u00e3o foi pesquisada de maneira profunda pela filha do Dr. Freud, a Anna Freud, que classificou na \u00e9poca a nega\u00e7\u00e3o como um mecanismo da mente imatura porque entra em conflito com a capacidade de aprender e lidar com a realidade. Sinceramente estudando a sua teoria, acredito que faz muito sentido. Durante muitos anos \u201ce hoje\u201d tenho clientes que falam sobre as suas queixas emocionais e mesmo assim insistem em negar que s\u00e3o respons\u00e1veis ou que est\u00e3o vivendo aquele processo.<\/p>\n<p style=\"text-align: justify;\">Pesquisando ainda mais sobre \u201ca nega\u00e7\u00e3o\u201d me deparei com alguns estudos de psicanalistas contempor\u00e2neos que tratam a nega\u00e7\u00e3o como o primeiro est\u00e1gio de um ciclo de enfrentamento. Existem imensos estudos sobre o assunto, por\u00e9m quando olho de perto para este tema, compreendo que o simples ato de negarmos \u00e9 uma maneira de fecharmos confortavelmente os nossos olhos, mandando uma mensagem \u201cclara\u201d para o inconsciente de que estamos em paz em rela\u00e7\u00e3o a determinado assunto (penso eu) e meu trabalho como terapeuta tem sido inclusive ajudar estas pessoas a ver que quando entram em nega\u00e7\u00e3o, nada posso fazer para ajud\u00e1-las, pois est\u00e3o me dizendo que n\u00e3o possuem aquele \u201cproblema\u201d.<\/p>\n<p style=\"text-align: justify;\">Vou iluminar a mente de voc\u00eas aqui \u2013 Eu \u201cEric Pereira\u201d olhei recentemente para a minha vida com uma aten\u00e7\u00e3o maior no inicio da quarentena e sinceramente foi neste olhar mais cr\u00edtico que observei que a minha vida estava \u201corganizadamente\u201d bagun\u00e7ada e digo \u00a0\u201corganizadamente\u201d, pois estava iludido achando que tudo estava muito bem organizado, enquanto na realidade tudo o que eu estava fazendo era me mantendo ocupado e focado no lado profissional, enquanto muitas coisas deixei para resolver depois&#8230;<\/p>\n<p style=\"text-align: justify;\">Quando paramos e estamos mais atentos, come\u00e7amos a ver o que nem quer\u00edamos ver \u201cou\u201d propositadamente deixamos para depois, esquecemos em algum arquivo mental mais profundo justamente porque resolver (naquela \u00e9poca) parecia mais complicado e como aquilo nunca atrapalhou, ali ficou. Isso me faz imaginar a nossa casa no nosso dia a dia \u2013 Colocamos uma caixinha no cantinho da sala, ela incomoda nos primeiros dias e depois parece fazer parte da mob\u00edlia, ent\u00e3o dentro deste sentimento confort\u00e1vel colocamos outra e mais uma e empilhamos v\u00e1rias e voltamos a viver dentro do autom\u00e1tico da vida, onde permanecemos cegos. Se torna mais f\u00e1cil eu dizer que aquilo n\u00e3o \u00e9 uma bagun\u00e7a, que n\u00e3o me atrapalha, que n\u00e3o tem nenhum problema estar ali, do que ter que olhar para aquilo, pois se \u201cassumir\u201d que aquilo pode atrapalhar, me sentirei incomodado e terei que resolver, compreende?<\/p>\n<p style=\"text-align: justify;\">Quando me propus escrever sobre <strong><em>\u201corganizar toda a sua vida\u201d<\/em><\/strong>, n\u00e3o estava brincando, n\u00e3o quis apenas colocar um passo a passo, dizendo fa\u00e7a assim e pronto! Quero levar voc\u00ea a pensar, a compreender, a mergulhar dentro este pensamento para que a sua capacidade de percep\u00e7\u00e3o se expanda e a medida que alimenta aqui a sua mente, possa despertar o desejo de, tal como eu e os meus clientes, iniciar este processo de organizar tudo para ter uma vida mais feliz e durante est\u00e1 leitura compreender\u00e1 porque associo a organiza\u00e7\u00e3o a ser mais feliz.<\/p>\n<p style=\"text-align: justify;\">Agora que j\u00e1 entende sobre se manter na posi\u00e7\u00e3o de \u201cnega\u00e7\u00e3o\u201d e assumir que tem algo para se resolver aqui, \u00e9 hora de compreendermos algo importante antes de irmos mais fundo neste assunto: \u201cO Poder da Informa\u00e7\u00e3o\u201d<\/p>\n<p><img fetchpriority=\"high\" decoding=\"async\" class=\" wp-image-9119 aligncenter\" src=\"https:\/\/www.ipubli.com.br\/clientes\/base56\/wp-content\/uploads\/2020\/06\/estudando.jpg\" alt=\"\" width=\"600\" height=\"400\" srcset=\"https:\/\/www.clinicadehipnoseenutricao.com\/blog\/wp-content\/uploads\/2020\/06\/estudando.jpg 1024w, https:\/\/www.clinicadehipnoseenutricao.com\/blog\/wp-content\/uploads\/2020\/06\/estudando-150x100.jpg 150w, https:\/\/www.clinicadehipnoseenutricao.com\/blog\/wp-content\/uploads\/2020\/06\/estudando-450x300.jpg 450w, https:\/\/www.clinicadehipnoseenutricao.com\/blog\/wp-content\/uploads\/2020\/06\/estudando-768x512.jpg 768w\" sizes=\"(max-width: 600px) 100vw, 600px\" \/><\/p>\n<p style=\"text-align: justify;\">Distribuo diariamente muita informa\u00e7\u00e3o para o meu p\u00fablico e fa\u00e7o isso atrav\u00e9s de <em><strong>Podcasts<\/strong><\/em>, textos e v\u00eddeos e sempre com a ideia de entregar conte\u00fados terap\u00eauticos que possam ajudar as pessoas comuns a se tornarem extraordin\u00e1rias, pois acredito que quando temos informa\u00e7\u00e3o conseguimos clarear a nossa mente, mas insisto (sempre) que obter informa\u00e7\u00e3o \u00e9 realmente um passo muito importante, por\u00e9m quando n\u00e3o a utilizamos, ela n\u00e3o vale de nada, compreende isso? Pode ler este artigo mais de uma vez, assistir os v\u00eddeos que publicarei e at\u00e9 ouvir o \u00e1udio que quero gravar no final, contudo&#8230;. sem \u201ca\u00e7\u00e3o\u201d tudo n\u00e3o passar\u00e1 de mais um momento de ilus\u00e3o.<\/p>\n<p style=\"text-align: justify;\">Sinceramente eu acho at\u00e9 um pouco perigoso nos mantermos nesta posi\u00e7\u00e3o de termos a informa\u00e7\u00e3o fortemente dentro de n\u00f3s e n\u00e3o a colocarmos em pr\u00e1tica, pois corremos o risco de nos entusiasmarmos imenso e at\u00e9 sentirmos a euforia e imaginarmos como seria se acontecesse, mas este efeito de \u201cimaginar\u201d e n\u00e3o executar pode criar uma falsa realidade que nos alimenta por um tempo e depois \u00e9 esquecido como tantas outras&#8230;<\/p>\n<h3 style=\"text-align: center;\"><strong><em>\u201cJ\u00e1 percebeu que algumas situa\u00e7\u00f5es<\/em><\/strong><br \/>\n<strong><em>quando repetidas, elas se tornam <\/em><\/strong><br \/>\n<strong><em>um h\u00e1bito e aprendemos com<\/em><\/strong><br \/>\n<strong><em>facilidade a conviver com tais h\u00e1bitos\u201d<\/em><\/strong><\/h3>\n<p style=\"text-align: justify;\">Ent\u00e3o use e abuse destas informa\u00e7\u00f5es para realmente compreender e colocar a\u00e7\u00e3o, combinado? Quero que continue a ser um leitor do meu <em>blog<\/em>, mas quero mais que seja um seguidor de resultados, algu\u00e9m que coloca a\u00e7\u00e3o, energia e fa\u00e7a acontecer, pois as minhas entregas s\u00e3o sempre para produzir transforma\u00e7\u00f5es e somar no processo de evolu\u00e7\u00e3o, ent\u00e3o vamos nesta!<\/p>\n<h2><b>POR ONDE COME\u00c7AR?<\/b><\/h2>\n<p style=\"text-align: justify;\">Pelo come\u00e7o! Esta \u00e9 a resposta que vem \u00e0 minha mente e acredito que \u00e0 sua tamb\u00e9m e sendo assim, este come\u00e7o est\u00e1 a\u00ed dentro da sua mente, ent\u00e3o vamos trabalhar para organizar os nossos pensamentos, estruturar as ideias, a maneira como pensamos e principalmente para termos a mente leve e livre para podermos organizar tudo o resto.<\/p>\n<p style=\"text-align: justify;\">Sendo o terapeuta que sou, gosto muito de apresentar solu\u00e7\u00f5es \u201cmentais\u201d para os meus clientes e por ter como base a Hipnoterapia, ensino-lhes muito a utilizar a medita\u00e7\u00e3o e a auto-hipnose e acredito que podemos usar ambas \u2013 Uma para desacelerar e outra para nos ajudar a programar e claro que o ideal aqui seria fazer um curso de auto-hipnose e aprender minuciosamente este mergulho, por\u00e9m vou procurar ajud\u00e1-lo a compreender este mergulho&#8230;<\/p>\n<p style=\"text-align: justify;\"><strong>Na medita\u00e7\u00e3o<\/strong> \u2013 Eu procuro uma posi\u00e7\u00e3o confort\u00e1vel, tranquila, escolho um belo mantra e apenas fecho os meus olhos e exercito com aten\u00e7\u00e3o o \u201cinspirar\u201d e o \u201cexpirar\u201d o ar, fazendo com que eu consiga sentir o ar entrando (inspirar) e ele saindo (expirando) e tudo isso focado no meu corpo, nas minhas sensa\u00e7\u00f5es e apenas deixo a mente ir&#8230; Desacelerar&#8230; \u00c9 claro que no in\u00edcio muitas cenas \u201cinvadem\u201d a minha mente e o segredo aqui (na minha opini\u00e3o) \u00e9 apenas deixar que estas cenas, venham e v\u00e3o sem interferir \u201cou\u201d escolher alguma para manter no quadro central&#8230;<\/p>\n<p style=\"text-align: justify;\">A experi\u00eancia me ensinou que n\u00e3o \u00e9 f\u00e1cil (pelo menos para mim nunca foi), deixar ir&#8230;mas \u00e0 medida que fui praticando, experimentando, mergulhando, foi ficando mais aceit\u00e1vel, mais f\u00e1cil e confort\u00e1vel fazer&#8230;<\/p>\n<p style=\"text-align: justify;\">Pode encontrar no Youtube muitos canais focados em meditar, como pode encontrar muitos mantras lindos que somam no processo de fechar os olhos e se entregar. Eu medito diariamente por 15 minutos, no meu escrit\u00f3rio, normalmente muito cedo e minha inten\u00e7\u00e3o \u00e9 sempre desacelerar, me entregar para esvaziar a mente e sinto que mesmo quando estou em um momento leve, preciso meditar para manter este processo de esvaziar e sentir-me bem&#8230;<\/p>\n<p style=\"text-align: justify;\">A Terapeuta Paula Briani iniciou h\u00e1 pouco um canal muito bom, onde ela tem medita\u00e7\u00f5es guiadas incr\u00edveis e ontem ouvi uma que compartilho com voc\u00eas aqui:<\/p>\n<p style=\"text-align: center;\"><iframe src=\"https:\/\/www.youtube.com\/embed\/FOzRI23h7x0\" width=\"560\" height=\"315\" frameborder=\"0\" allowfullscreen=\"allowfullscreen\"><\/iframe><\/p>\n<p style=\"text-align: justify;\"><strong>Na Auto-Hipnose<\/strong> \u2013 Aqui o mergulho tamb\u00e9m exige uma respira\u00e7\u00e3o tranquila e uma aten\u00e7\u00e3o plena, por\u00e9m em auto-hipnose o transe \u00e9 conduzido por quem o faz, ent\u00e3o quando eu fa\u00e7o auto-hipnose eu procuro mergulhar de maneira profunda em um processo onde \u201ccrio\u201d os cen\u00e1rios, onde utilizo ferramentas espec\u00edficas para ressignificar o que est\u00e1 acontecendo, \u00e0s vezes utilizando uma auto-hipnose mais instant\u00e2nea, \u00e0s vezes indo ao lugar seguro, de qualquer forma dentro do \u201ctranse\u201d conseguimos estabelecer uma melhor comunica\u00e7\u00e3o interna.<\/p>\n<p style=\"text-align: justify;\">Recentemente gravei uma \u201cintrodu\u00e7\u00e3o \u00e0 auto-hipnose\u201d para as pessoas que queriam compreender melhor o passo a passo e utilizar esta poderosa ferramenta e vou disponibilizar estes 5 v\u00eddeos aqui, mais um v\u00eddeo b\u00f3nus para aumentar o seu entendimento sobre auto-hipnose, por\u00e9m \u00e9 preciso separar um tempo maior, pois estas v\u00eddeos aulas totalizam um pouco mais de 2 horas, mas garanto que ser\u00e1 um tempo muito bem investido, pois conseguir\u00e1 compreender.<\/p>\n<p style=\"text-align: justify;\">Pode voltar depois e assistir, mas se comprometa a fazer isso, ent\u00e3o coloque a\u00ed na sua agenda para realmente fazer, pois sem comprometimento esta aprendizagem ser\u00e1 perdida, combinado?<\/p>\n<p><iframe width=\"100%\" height=\"450\" scrolling=\"no\" frameborder=\"no\" allow=\"autoplay\" src=\"https:\/\/w.soundcloud.com\/player\/?url=https%3A\/\/api.soundcloud.com\/playlists\/1066241374&#038;color=%23ff5500&#038;auto_play=false&#038;hide_related=false&#038;show_comments=false&#038;show_user=false&#038;show_reposts=false&#038;show_teaser=false\"><\/iframe><\/p>\n<div style=\"font-size: 10px; color: #cccccc;line-break: anywhere;word-break: normal;overflow: hidden;white-space: nowrap;text-overflow: ellipsis; font-family: Interstate,Lucida Grande,Lucida Sans Unicode,Lucida Sans,Garuda,Verdana,Tahoma,sans-serif;font-weight: 100;\"><a href=\"https:\/\/soundcloud.com\/ericpereiraoficial\" title=\"Eric Pereira\" target=\"_blank\" style=\"color: #cccccc; text-decoration: none;\" rel=\"noopener noreferrer\">Eric Pereira<\/a> \u00b7 <a href=\"https:\/\/soundcloud.com\/ericpereiraoficial\/sets\/introducao-a-hipnose\" title=\"Introdu\u00e7\u00e3o a Hipnose\" target=\"_blank\" style=\"color: #cccccc; text-decoration: none;\" rel=\"noopener noreferrer\">Introdu\u00e7\u00e3o a Hipnose<\/a><\/div>\n<div style=\"font-size: 10px; color: #cccccc; line-break: anywhere; word-break: normal; overflow: hidden; white-space: nowrap; text-overflow: ellipsis; font-family: Interstate,Lucida Grande,Lucida Sans Unicode,Lucida Sans,Garuda,Verdana,Tahoma,sans-serif; font-weight: 100;\"><a style=\"color: #cccccc; text-decoration: none;\" title=\"Eric Pereira\" href=\"https:\/\/soundcloud.com\/ericpereiraoficial\" target=\"_blank\" rel=\"noopener noreferrer\">Eric Pereira<\/a> \u00b7 <a style=\"color: #cccccc; text-decoration: none;\" title=\"Introdu\u00e7\u00e3o a Hipnose\" href=\"https:\/\/soundcloud.com\/ericpereiraoficial\/sets\/introducao-a-hipnose\" target=\"_blank\" rel=\"noopener noreferrer\">Introdu\u00e7\u00e3o a Hipnose<\/a><\/div>\n<p style=\"text-align: justify;\">Penso que j\u00e1 percebeu que a ideia aqui \u00e9 trabalhar a mente para que possa realmente \u201cdesacelerar\u201d atrav\u00e9s da medita\u00e7\u00e3o di\u00e1ria e reeduc\u00e1-la e \u201cprogram\u00e1-la\u201d atrav\u00e9s da auto-hipnose. Por favor, compreenda que n\u00e3o estou falando de passar o dia fazendo exerc\u00edcios chatos ou a se manter em posi\u00e7\u00f5es que o v\u00e3o transformar no pr\u00f3ximo \u201cBuda\u201d sagrado do ocidente, ok? Eu hoje n\u00e3o abro m\u00e3o de meditar 15 minutos no in\u00edcio do meu dia, mas comecei com 5 minutos apenas. Voc\u00ea pode come\u00e7ar com 5 tamb\u00e9m e aos poucos vai percebendo a sua real necessidade e ainda digo duas coisinhas aqui: A primeira delas \u00e9 que eu detestava meditar e achava uma grande bobagem e hoje n\u00e3o me vejo levando uma vida sem esvaziar a minha mente. Segundo, a maioria dos meus clientes s\u00e3o meio resistentes no in\u00edcio, mas depois se apaixonam por meditar, ent\u00e3o experimente, tanto meditar, como aprender a utilizar a auto-hipnose.<\/p>\n<h2 style=\"text-align: justify;\">CONTINUANDO&#8230;<\/h2>\n<p style=\"text-align: justify;\">Ent\u00e3o agora vamos avan\u00e7ar para outro tipo de organiza\u00e7\u00e3o t\u00e3o importante quanto a mental! A minha m\u00e3e dizia que a organiza\u00e7\u00e3o come\u00e7a sempre \u201cem casa\u201d e naquela \u00e9poca (um adolescente) nem queria saber de nada rsss, mas com o tempo compreendi a import\u00e2ncia desta frase. Hoje valorizo imenso este tipo de organiza\u00e7\u00e3o e frequentemente organizo as minhas coisas. Confesso que talvez n\u00e3o o fa\u00e7a na frequ\u00eancia que gostaria, mas fa\u00e7o sempre que posso \u2013 Lembro que em Novembro\/2019, fiz uma grande organiza\u00e7\u00e3o nas minhas roupas e cal\u00e7ado que at\u00e9 fiquei impressionado por perceber quantas coisas estavam ali sem uso, acumulando espa\u00e7o e energia, que poderiam ser usadas por outras pessoas. Esse foi um dia de limpeza e organiza\u00e7\u00e3o e isso sinceramente d\u00e1 at\u00e9 uma leveza depois.<\/p>\n<p style=\"text-align: justify;\">A minha sugest\u00e3o \u00e9 que tire um ou dois dias para fazer uma varredura nos arm\u00e1rios da sua casa e consiga separar aquilo que n\u00e3o lhe serve mais e doe para quem realmente precisa! Na \u00e9poca fiz um an\u00fancio no Facebook e logo apareceram pessoas e se quiser que esta \u201corganiza\u00e7\u00e3o\u201d seja mesmo grande, observe tamb\u00e9m os m\u00f3veis que est\u00e3o ocupando espa\u00e7o, os utens\u00edlios de cozinha e olhe para todos os c\u00f3modos da sua casa! Eu n\u00e3o tenho crian\u00e7as, mas se tiver garanto que vale a pena at\u00e9 fazer uma boa sele\u00e7\u00e3o nos brinquedos e jogue fora os quebrados e doe aqueles que os seus filhos n\u00e3o brincam mais e aproveite esta a\u00e7\u00e3o para ensinar-lhes a import\u00e2ncia de doar, de ajudar o pr\u00f3ximo, de ser bom.<\/p>\n<h3 style=\"text-align: justify;\">Uma Li\u00e7\u00e3o<\/h3>\n<p style=\"text-align: justify;\">Durante esta pandemia, descobri uma coisa muito importante, ou melhor (eu j\u00e1 sabia), mas nunca tinha colocado em pr\u00e1tica, que n\u00e3o precisamos de muito para viver! Preste aten\u00e7\u00e3o nisso que estou trazendo, pois \u00e9 a mais pura verdade e n\u00e3o estou dizendo para se desfazer de tudo, ok? Apenas para olhar com carinho e compreender que \u201cmenos \u00e9 MAIS\u201d nos dias de hoje.<\/p>\n<h2 style=\"text-align: center;\">Antes de avan\u00e7ar veja estas 7 valiosas dicas:<\/h2>\n<p style=\"text-align: center;\"><iframe src=\"https:\/\/www.youtube.com\/embed\/xWaBwKsCPxk\" width=\"560\" height=\"315\" frameborder=\"0\" allowfullscreen=\"allowfullscreen\"><\/iframe><\/p>\n<p style=\"text-align: justify;\">Depois de ter tudo organizado \u00e9 hora de partir para organizar a sua vida de maneira geral e quando falo deste tipo de organiza\u00e7\u00e3o, estou falando de maneira mais estrat\u00e9gica, pois sou daqueles que acreditam que se possu\u00edmos uma boa estrat\u00e9gia, conseguimos obter muitos resultados.<\/p>\n<p><img decoding=\"async\" class=\" wp-image-9122 aligncenter\" src=\"https:\/\/www.ipubli.com.br\/clientes\/base56\/wp-content\/uploads\/2020\/06\/TI-1030x547.jpg\" alt=\"\" width=\"600\" height=\"319\" \/><\/p>\n<p style=\"text-align: justify;\">Acredito que um passo poderoso para iniciar qualquer organiza\u00e7\u00e3o \u00e9 olhar para as cenas pendentes e n\u00e3o arregale esses olhos, nem fique a\u00ed querendo deixar isso para depois, muitas pessoas querem avan\u00e7ar em um processo deixando coisas mal resolvidas para tr\u00e1s e sinceramente isso nunca d\u00e1 certo!<\/p>\n<p style=\"text-align: justify;\">Neste exato momento que estou organizando a minha vida, tenho uma lista de pend\u00eancias que v\u00e3o desde contas a pagar que ficaram no passado e preciso trazer para o presente, negociar e resolver, at\u00e9 metas esquecidas e projetos iniciados e inacabados. E pode apostar que quando estas \u201cpend\u00eancias\u201d ficam esquecidas em algum lugar da sua vida, nada vai fluir com tanta intensidade at\u00e9 que coloque tudo em ordem e aten\u00e7\u00e3o aqui que nem estou dizendo que precisa resolver tudo imediatamente, ok? Estou dizendo que precisa ter isso na sua lista de prioridades e essa lista precisa ter data e hora para ser resolvida, pois se ficar abandonada, logo esquecer\u00e1 de novo&#8230;<\/p>\n<p style=\"text-align: justify;\">Sem medo de errar eu digo que \u201ccoisinhas\u201d mal resolvidas s\u00e3o como pedrinhas no sapato que nos incomodam a continuar andando e podem at\u00e9 criar feridas mais profundas, ent\u00e3o mesmo que custe, tome uma respira\u00e7\u00e3o mais profunda, pare de procrastinar e resolva, sem falsas ideias de solu\u00e7\u00e3o, ok? \u00c9 mesmo para resolver e se for grande demais, resolva por etapas e lembre-se que o importante \u00e9 resolver para se livrar \u201cda pend\u00eancia\u201d.<\/p>\n<h2><strong>ORGANIZAR A VIDA<br \/>\n<\/strong><strong>PASSO A PASSO<\/strong><\/h2>\n<p style=\"text-align: justify;\">A esta altura penso que percebeu que organizar a vida n\u00e3o se trata de estalar os dedos e fazer magia, n\u00e9? \u00c9 um \u00e1rduo trabalho que exige, al\u00e9m de alguma motiva\u00e7\u00e3o, muita disciplina e gosto muito de pensar que esta disciplina vem com o facto de aumentarmos a nossa consci\u00eancia, pois enquanto vamos entendendo, fingindo que estamos fazendo e nos perdendo no contexto, tudo vai se tornando num grande sobe e desce de acontecimentos, em que ora estamos muito bem e ora muito mal e mesmo n\u00e3o acreditando que seremos felizes para sempre quando mantemos uma vida organizada, sou dos que acredita que as chances s\u00e3o maiores, (muito) maiores do que quando estamos vivendo dentro do caos.<\/p>\n<p style=\"text-align: justify;\">Atendo cerca de 4\/6 clientes por dia em sess\u00f5es online e na maioria dos casos, independente da queixa emocional, preciso organizar antes a casa para depois trabalharmos as quest\u00f5es e sabe porque este \u00e9 o primeiro passo? Pois se o \u201ccaos\u201d est\u00e1 presente e a bagun\u00e7a \u00e9 grande, nem o meu cliente saber\u00e1 me dizer por onde podemos come\u00e7ar e \u00e0s vezes v\u00e3o 2 ou 3 sess\u00f5es organizando os pensamentos, as \u00faltimas a\u00e7\u00f5es, os acontecimentos menos bons e \u201cat\u00e9\u201d os momentos de imenso caos e quando conclu\u00edmos estas etapas \u201cenxergamos\u201d e vou repetir aqui para fixar, ok? \u201cEnxergamos\u201d melhor o cen\u00e1rio geral e ent\u00e3o a\u00ed podemos trabalhar melhor.<\/p>\n<p style=\"text-align: justify;\">Se deseja organizar MESMO com seriedade para dar uma super volta na sua vida \u00e9 necess\u00e1rio que voc\u00ea aja da mesma forma, pois s\u00f3 assim ver\u00e1 o que precisa ser feito e c\u00e1 pra n\u00f3s, vamos acrescentar aqui uma dose de realidade? Como organizamos tudo com uma mente acelerada, com uma vida completamente repleta de pend\u00eancias e problemas?<\/p>\n<p style=\"text-align: justify;\">Acredito que o processo que se segue depois de tudo o que j\u00e1 falamos \u00e9 termos a capacidade de olhar com muita aten\u00e7\u00e3o para todos os setores da nossa vida e penso que separar por setores pode mesmo ser mais produtivo, ent\u00e3o recomendo que tenha em mente uma roda da vida, sendo:<\/p>\n<p style=\"text-align: center;\"><img decoding=\"async\" class=\"size-full wp-image-9125 aligncenter\" src=\"https:\/\/www.ipubli.com.br\/clientes\/base56\/wp-content\/uploads\/2020\/06\/01.jpg\" alt=\"\" width=\"258\" height=\"142\" srcset=\"https:\/\/www.clinicadehipnoseenutricao.com\/blog\/wp-content\/uploads\/2020\/06\/01.jpg 258w, https:\/\/www.clinicadehipnoseenutricao.com\/blog\/wp-content\/uploads\/2020\/06\/01-150x83.jpg 150w\" sizes=\"(max-width: 258px) 100vw, 258px\" \/> <img loading=\"lazy\" decoding=\"async\" class=\"size-large wp-image-9126 aligncenter\" src=\"https:\/\/www.ipubli.com.br\/clientes\/base56\/wp-content\/uploads\/2020\/06\/02.png\" alt=\"\" width=\"258\" height=\"142\" srcset=\"https:\/\/www.clinicadehipnoseenutricao.com\/blog\/wp-content\/uploads\/2020\/06\/02.png 258w, https:\/\/www.clinicadehipnoseenutricao.com\/blog\/wp-content\/uploads\/2020\/06\/02-150x83.png 150w\" sizes=\"(max-width: 258px) 100vw, 258px\" \/><\/p>\n<p><img loading=\"lazy\" decoding=\"async\" class=\"size-full wp-image-9127 aligncenter\" src=\"https:\/\/www.ipubli.com.br\/clientes\/base56\/wp-content\/uploads\/2020\/06\/03.jpg\" alt=\"\" width=\"258\" height=\"142\" srcset=\"https:\/\/www.clinicadehipnoseenutricao.com\/blog\/wp-content\/uploads\/2020\/06\/03.jpg 258w, https:\/\/www.clinicadehipnoseenutricao.com\/blog\/wp-content\/uploads\/2020\/06\/03-150x83.jpg 150w\" sizes=\"(max-width: 258px) 100vw, 258px\" \/><\/p>\n<p><img loading=\"lazy\" decoding=\"async\" class=\"size-full wp-image-9128 aligncenter\" src=\"https:\/\/www.ipubli.com.br\/clientes\/base56\/wp-content\/uploads\/2020\/06\/04.jpg\" alt=\"\" width=\"258\" height=\"142\" srcset=\"https:\/\/www.clinicadehipnoseenutricao.com\/blog\/wp-content\/uploads\/2020\/06\/04.jpg 258w, https:\/\/www.clinicadehipnoseenutricao.com\/blog\/wp-content\/uploads\/2020\/06\/04-150x83.jpg 150w\" sizes=\"(max-width: 258px) 100vw, 258px\" \/><\/p>\n<p style=\"text-align: justify;\">N\u00e3o necessariamente precisa ser organizado nesta ordem, mas creio que estes s\u00e3o os setores que merecem uma aten\u00e7\u00e3o especial e quando olhar para cada um deles pode fazer uma avalia\u00e7\u00e3o de 0 a 10 para compreender o quanto tem trabalhado aquele setor, entende? Por exemplo, h\u00e1 pessoas que quando o assunto \u00e9 qualidade de vida d\u00e3o \u201cdois\u201d para a fam\u00edlia, \u201czero\u201d para o \u201cdesenvolvimento amoroso\u201d, mas conseguem classificar as suas \u201cvidas sociais\u201d com um gordo 10, e aten\u00e7\u00e3o aqui que n\u00e3o existe certo ou errado, pois o meu objetivo n\u00e3o o transformar num super cr\u00edtico, mas numa pessoa que enxerga com clareza a vida, que n\u00e3o \u201cnega\u201d as suas falhas e tem habilidades para trabalhar a organiza\u00e7\u00e3o \u201ce\u201d equilibrar a sua vida.<\/p>\n<p style=\"text-align: justify;\">Eu, n\u00e3o tenho 10 em tudo, ok?! Tinha muitos \u201czeros\u201d e alguns \u201cdois\u201d e depois de ficar mais atento, consegui trabalhar para equilibrar o jogo! E mesmo assim \u00e0s vezes um sobe de mais e outro cai e se me perguntar se \u00e9 normal, n\u00e3o sei, penso que sim, mas o importante \u00e9 que \u00e0 medida que vou organizando tudo sinto o equilibro, a m\u00e9dia e \u00e9 neste momento que digo que estou bem. \u00c0s vezes nem se trata de uma felicidade absoluta, ok? Mas se um estado de \u201cmiss\u00e3o cumprida\u201d, de vida em andamento&#8230;rs! Acho que ficou melhor assim.<\/p>\n<h2 style=\"text-align: justify;\">PARA FINALIZAR<\/h2>\n<p style=\"text-align: justify;\">Acredito que n\u00e3o tem todas as informa\u00e7\u00f5es at\u00e9 porque algumas s\u00e3o muito pessoais e precisamos dar in\u00edcio ao processo e ir enxergando a continuidade dele, mas quando o iniciar, acredito que conseguir\u00e1 dar continuidade, agora grave no seu cora\u00e7\u00e3o isto \u2013 Todo o processo de transforma\u00e7\u00e3o precisa ser encarado com seriedade ou um bom acompanhamento, para n\u00e3o desistirmos logo nos primeiros obst\u00e1culos e pode apostar que eles surgir\u00e3o, mas n\u00e3o se deixe intimidar, n\u00e3o permita que isso roube a sua vontade de mudan\u00e7a.<\/p>\n<p style=\"text-align: justify;\">Pode parecer dif\u00edcil, pode parecer complexo \u201ce\u201d \u00e0s vezes pode at\u00e9 parecer que tudo indica para que voc\u00ea desista, mas por favor, n\u00e3o fa\u00e7a isso! Se precisar descanse, tome uma respira\u00e7\u00e3o mais profunda, duas ou tr\u00eas, mas n\u00e3o desista, pois se fizer isso vai aos poucos acumulando momentos frustrantes e isso n\u00e3o ajuda a transformar, ajuda \u00e9 a desanimar.<\/p>\n<p><img loading=\"lazy\" decoding=\"async\" class=\" wp-image-9131 aligncenter\" src=\"https:\/\/www.ipubli.com.br\/clientes\/base56\/wp-content\/uploads\/2020\/06\/16708759_1323564384375483_6843162557105964401_n.jpg\" alt=\"\" width=\"600\" height=\"600\" srcset=\"https:\/\/www.clinicadehipnoseenutricao.com\/blog\/wp-content\/uploads\/2020\/06\/16708759_1323564384375483_6843162557105964401_n.jpg 960w, https:\/\/www.clinicadehipnoseenutricao.com\/blog\/wp-content\/uploads\/2020\/06\/16708759_1323564384375483_6843162557105964401_n-300x300.jpg 300w, https:\/\/www.clinicadehipnoseenutricao.com\/blog\/wp-content\/uploads\/2020\/06\/16708759_1323564384375483_6843162557105964401_n-80x80.jpg 80w, https:\/\/www.clinicadehipnoseenutricao.com\/blog\/wp-content\/uploads\/2020\/06\/16708759_1323564384375483_6843162557105964401_n-768x768.jpg 768w, https:\/\/www.clinicadehipnoseenutricao.com\/blog\/wp-content\/uploads\/2020\/06\/16708759_1323564384375483_6843162557105964401_n-150x150.jpg 150w, https:\/\/www.clinicadehipnoseenutricao.com\/blog\/wp-content\/uploads\/2020\/06\/16708759_1323564384375483_6843162557105964401_n-450x450.jpg 450w\" sizes=\"(max-width: 600px) 100vw, 600px\" \/><\/p>\n<p style=\"text-align: justify;\">Estou aqui e posso ser o seu Coach durante todo este processo ou apenas somar no seu processo atrav\u00e9s do #podcast365, o que importa de verdade \u00e9 que quando come\u00e7ar n\u00e3o olhe pra tr\u00e1s e continue at\u00e9 atingir os seus objetivos.<\/p>\n<p style=\"text-align: justify;\">Espero que tenha gostado e se gostou escreva a\u00ed o que achou deste artigo! S\u00e3o justamente os coment\u00e1rios que me animam a continuar a escrever todas as semanas.<\/p>\n<p style=\"text-align: justify;\">Forte Abra\u00e7os,<\/p>\n<p style=\"text-align: justify;\"><strong>Eric Pereira<\/strong><br \/>\nFundador do Instituto Ponto de Equil\u00edbrio<br \/>\nCoach e Hipnoterapeuta<\/p>\n<p><a href=\"https:\/\/wa.me\/351912607888\" target=\"_blank\" rel=\"noopener noreferrer\"><img loading=\"lazy\" decoding=\"async\" class=\"size-full wp-image-9135 alignnone\" src=\"https:\/\/www.ipubli.com.br\/clientes\/base56\/wp-content\/uploads\/2020\/06\/33.png\" alt=\"\" width=\"371\" height=\"112\" srcset=\"https:\/\/www.clinicadehipnoseenutricao.com\/blog\/wp-content\/uploads\/2020\/06\/33.png 371w, https:\/\/www.clinicadehipnoseenutricao.com\/blog\/wp-content\/uploads\/2020\/06\/33-150x45.png 150w\" sizes=\"(max-width: 371px) 100vw, 371px\" \/><\/a><\/p>\n<p><a href=\"https:\/\/spoti.fi\/2XyvzVA\" target=\"_blank\" rel=\"noopener noreferrer\"><img loading=\"lazy\" decoding=\"async\" class=\"wp-image-9137 alignnone aligncenter\" src=\"https:\/\/www.ipubli.com.br\/clientes\/base56\/wp-content\/uploads\/2020\/06\/spotfy.png\" alt=\"\" width=\"113\" height=\"34\" srcset=\"https:\/\/www.clinicadehipnoseenutricao.com\/blog\/wp-content\/uploads\/2020\/06\/spotfy.png 2000w, https:\/\/www.clinicadehipnoseenutricao.com\/blog\/wp-content\/uploads\/2020\/06\/spotfy-1536x463.png 1536w, https:\/\/www.clinicadehipnoseenutricao.com\/blog\/wp-content\/uploads\/2020\/06\/spotfy-150x45.png 150w, https:\/\/www.clinicadehipnoseenutricao.com\/blog\/wp-content\/uploads\/2020\/06\/spotfy-450x136.png 450w, https:\/\/www.clinicadehipnoseenutricao.com\/blog\/wp-content\/uploads\/2020\/06\/spotfy-1200x362.png 1200w, https:\/\/www.clinicadehipnoseenutricao.com\/blog\/wp-content\/uploads\/2020\/06\/spotfy-768x232.png 768w\" sizes=\"(max-width: 113px) 100vw, 113px\" \/><\/a><a href=\"https:\/\/www.deezer.com\/br\/show\/574882\" target=\"_blank\" rel=\"noopener noreferrer\"><img loading=\"lazy\" decoding=\"async\" class=\"wp-image-9138 alignnone aligncenter\" src=\"https:\/\/www.ipubli.com.br\/clientes\/base56\/wp-content\/uploads\/2020\/06\/Deezer_logo.png\" alt=\"\" width=\"157\" height=\"30\" srcset=\"https:\/\/www.clinicadehipnoseenutricao.com\/blog\/wp-content\/uploads\/2020\/06\/Deezer_logo.png 1280w, https:\/\/www.clinicadehipnoseenutricao.com\/blog\/wp-content\/uploads\/2020\/06\/Deezer_logo-150x29.png 150w, https:\/\/www.clinicadehipnoseenutricao.com\/blog\/wp-content\/uploads\/2020\/06\/Deezer_logo-450x86.png 450w, https:\/\/www.clinicadehipnoseenutricao.com\/blog\/wp-content\/uploads\/2020\/06\/Deezer_logo-1200x229.png 1200w, https:\/\/www.clinicadehipnoseenutricao.com\/blog\/wp-content\/uploads\/2020\/06\/Deezer_logo-768x146.png 768w\" sizes=\"(max-width: 157px) 100vw, 157px\" \/><\/a><a href=\"https:\/\/bit.ly\/2Xb1hcB\" target=\"_blank\" rel=\"noopener noreferrer\"><img loading=\"lazy\" decoding=\"async\" class=\"wp-image-9140 alignnone\" src=\"https:\/\/www.ipubli.com.br\/clientes\/base56\/wp-content\/uploads\/2020\/06\/navLogo.c3d5a81b.png\" alt=\"\" width=\"107\" height=\"40\" srcset=\"https:\/\/www.clinicadehipnoseenutricao.com\/blog\/wp-content\/uploads\/2020\/06\/navLogo.c3d5a81b.png 153w, https:\/\/www.clinicadehipnoseenutricao.com\/blog\/wp-content\/uploads\/2020\/06\/navLogo.c3d5a81b-150x56.png 150w\" sizes=\"(max-width: 107px) 100vw, 107px\" \/>\u00a0<\/a><\/p>\n<p style=\"text-align: justify;\">\n","protected":false},"excerpt":{"rendered":"<p>Eu adoro escrever artigos e acredito que at\u00e9 j\u00e1 tenha lido alguns deles, por\u00e9m hoje ser\u00e1 mais poderoso que todos os outros, pois decidi dedicar horas aqui para apresentar uma esp\u00e9cie de \u201cGuia pr\u00e1tico\u201d para colocar a vida em ordem. Ent\u00e3o se prepare que ser\u00e1 longo, minucioso e contar\u00e1 com v\u00eddeo e \u00e1udio de apoio [&hellip;]<\/p>\n","protected":false},"author":3,"featured_media":9116,"comment_status":"closed","ping_status":"closed","sticky":false,"template":"","format":"standard","meta":{"footnotes":""},"categories":[336],"tags":[],"blocksy_meta":"","_links":{"self":[{"href":"https:\/\/www.clinicadehipnoseenutricao.com\/blog\/wp-json\/wp\/v2\/posts\/9114"}],"collection":[{"href":"https:\/\/www.clinicadehipnoseenutricao.com\/blog\/wp-json\/wp\/v2\/posts"}],"about":[{"href":"https:\/\/www.clinicadehipnoseenutricao.com\/blog\/wp-json\/wp\/v2\/types\/post"}],"author":[{"embeddable":true,"href":"https:\/\/www.clinicadehipnoseenutricao.com\/blog\/wp-json\/wp\/v2\/users\/3"}],"replies":[{"embeddable":true,"href":"https:\/\/www.clinicadehipnoseenutricao.com\/blog\/wp-json\/wp\/v2\/comments?post=9114"}],"version-history":[{"count":0,"href":"https:\/\/www.clinicadehipnoseenutricao.com\/blog\/wp-json\/wp\/v2\/posts\/9114\/revisions"}],"wp:featuredmedia":[{"embeddable":true,"href":"https:\/\/www.clinicadehipnoseenutricao.com\/blog\/wp-json\/wp\/v2\/media\/9116"}],"wp:attachment":[{"href":"https:\/\/www.clinicadehipnoseenutricao.com\/blog\/wp-json\/wp\/v2\/media?parent=9114"}],"wp:term":[{"taxonomy":"category","embeddable":true,"href":"https:\/\/www.clinicadehipnoseenutricao.com\/blog\/wp-json\/wp\/v2\/categories?post=9114"},{"taxonomy":"post_tag","embeddable":true,"href":"https:\/\/www.clinicadehipnoseenutricao.com\/blog\/wp-json\/wp\/v2\/tags?post=9114"}],"curies":[{"name":"wp","href":"https:\/\/api.w.org\/{rel}","templated":true}]}}