{"id":9531,"date":"2020-08-25T20:11:16","date_gmt":"2020-08-25T23:11:16","guid":{"rendered":"https:\/\/www.ericpereira.eu\/?p=9531"},"modified":"2020-08-25T20:11:16","modified_gmt":"2020-08-25T23:11:16","slug":"eu-quero-paz","status":"publish","type":"post","link":"https:\/\/www.clinicadehipnoseenutricao.com\/blog\/eu-quero-paz\/","title":{"rendered":"EU QUERO PAZ!"},"content":{"rendered":"<p>Ou\u00e7o muito esta curta e t\u00e3o importante frase! E acredito que como eu e a maioria da humanidade, tudo o que queremos para a nossa vida \u201c\u00e9\u201d PAZ e concordo muito com est\u00e1 ideia, agora qual \u00e9 a sua defini\u00e7\u00e3o de paz? Porque sinceramente eu n\u00e3o acho que ter paz \u00e9 \u201caus\u00eancia\u201d de conflitos! Acredito que ter paz \u00e9 saber administrar os conflitos com tranquilidade.<\/p>\n<p>Vivemos em comunidade, com pessoas diferentes, com leis, normas, com \u201cmanipula\u00e7\u00f5es e com muita confus\u00e3oooo (na minha opini\u00e3o), ok?! E como muitas coisas n\u00e3o dependem apenas de n\u00f3s, como podemos simplesmente viver em paz absoluta? Bom, sendo sincero, eu sou uma das pessoas que queria que isso acontecesse e se eu pudesse escolher, inclusive seria sem muitos esfor\u00e7os (risos).<\/p>\n<p>Tenho a impress\u00e3o que os conflitos sempre existiram e nem sempre s\u00e3o sobre voc\u00ea, mas podem estar conectados com pessoas muito pr\u00f3ximos a voc\u00ea e isso de certa forma pode lhe afetar. Eu acredito que ter paz, sentir verdadeiramente a paz \u00e9 conseguir olhar para os conflitos (seus ou de quem ama) com a tranquilidade que \u00e9 necess\u00e1rio para contribuir para a solu\u00e7\u00e3o.<\/p>\n<p>Posso dizer que tenho conflitos constantes na minha vida, ao meu redor e hoje a \u201cmaioria\u201d \u00e9 resolvida em um n\u00edvel completamente diferente daquele em que foram criados, com alguma observa\u00e7\u00e3o e com muita tranquilidade busco resolver e at\u00e9 quando as outras pessoas est\u00e3o aos berros e vivendo intensamente \u201co\u201d stress, l\u00e1 estou eu me esfor\u00e7ando para solucionar tudo dentro da tranquilidade.<\/p>\n<p>Outro dia eu comentava com um amigo que n\u00e3o sei se isso est\u00e1 relacionado com a experi\u00eancia que vamos ganhando durante a vida ou a idade (43) ou quem sabe \u00e9 um pouco de cada um, mas hoje troco com muita FACILIDADE o \u201cestar certo\u201d para \u201cter paz\u201d e pensando assim fica claro (pra mim) que a paz n\u00e3o \u00e9 algo que surge do nada, que brota do ch\u00e3o em uma ter\u00e7a-feira qualquer, trata-se de construir, de decidir, de fazer escolhas, de sermos mais observadores, de deixamos que outras pessoas alimentem os seus egos, enquanto estamos aqui do outro lado apenas sentindo-nos bem com as nossas escolhas, com quem n\u00f3s somos.<\/p>\n<p>Enfim, permanecer dentro desta energia de paz e tranquilidade hoje faz mais sentido do que lutar bravamente para provar pontos de vistas&#8230;. N\u00e3ooooo! Abandonei estes movimentos h\u00e1 muito tempo e garanto que sou mais feliz assim&#8230;. Deixe as pessoas se pegarem, reclamarem, apontarem dedos, culparem \u201cE\u201d inclusive julgarem tudo e todos (incluindo eu), suas opini\u00f5es j\u00e1 n\u00e3o me afetam em nada&#8230;. Prefiro vibrar dentro deste meu circuito de paz&#8230;..<\/p>\n<p>Lembre-se que tudo \u00e9 uma quest\u00e3o de decis\u00e3o. Ent\u00e3o eu decidido ser feliz!<br \/>\nMega dia a\u00ed e espero que as suas escolhas tamb\u00e9m sejam para proporcionar um pouco mais de paz para voc\u00ea e para as pessoas que voc\u00ea ama.<\/p>\n<p>J\u00e1 conhece os meus v\u00eddeos com dicas terap\u00eauticas no Youtube?<\/p>\n<p>Todas as semanas tenho postado um v\u00eddeo mais longo e agora penso em postar dois por semana&#8230;. Se gostar da ideia entre l\u00e1, siga e deixe os seus coment\u00e1rios nos v\u00eddeos (por favor)<\/p>\n<p>Ser\u00e1 um prazer ter voc\u00ea no meu grupo VIP no <strong>Telegram<\/strong>, <a href=\"https:\/\/t.me\/alimenteamente\" target=\"_blank\" rel=\"noopener noreferrer\">clique aqui para participar!<\/a><\/p>\n","protected":false},"excerpt":{"rendered":"<p>Ou\u00e7o muito esta curta e t\u00e3o importante frase! E acredito que como eu e a maioria da humanidade, tudo o que queremos para a nossa vida \u201c\u00e9\u201d PAZ e concordo muito com est\u00e1 ideia, agora qual \u00e9 a sua defini\u00e7\u00e3o de paz? Porque sinceramente eu n\u00e3o acho que ter paz \u00e9 \u201caus\u00eancia\u201d de conflitos! Acredito [&hellip;]<\/p>\n","protected":false},"author":3,"featured_media":9532,"comment_status":"closed","ping_status":"closed","sticky":false,"template":"","format":"standard","meta":{"footnotes":""},"categories":[60],"tags":[361,831,344,647,436,469,832,784,458,451,781],"blocksy_meta":"","_links":{"self":[{"href":"https:\/\/www.clinicadehipnoseenutricao.com\/blog\/wp-json\/wp\/v2\/posts\/9531"}],"collection":[{"href":"https:\/\/www.clinicadehipnoseenutricao.com\/blog\/wp-json\/wp\/v2\/posts"}],"about":[{"href":"https:\/\/www.clinicadehipnoseenutricao.com\/blog\/wp-json\/wp\/v2\/types\/post"}],"author":[{"embeddable":true,"href":"https:\/\/www.clinicadehipnoseenutricao.com\/blog\/wp-json\/wp\/v2\/users\/3"}],"replies":[{"embeddable":true,"href":"https:\/\/www.clinicadehipnoseenutricao.com\/blog\/wp-json\/wp\/v2\/comments?post=9531"}],"version-history":[{"count":0,"href":"https:\/\/www.clinicadehipnoseenutricao.com\/blog\/wp-json\/wp\/v2\/posts\/9531\/revisions"}],"wp:featuredmedia":[{"embeddable":true,"href":"https:\/\/www.clinicadehipnoseenutricao.com\/blog\/wp-json\/wp\/v2\/media\/9532"}],"wp:attachment":[{"href":"https:\/\/www.clinicadehipnoseenutricao.com\/blog\/wp-json\/wp\/v2\/media?parent=9531"}],"wp:term":[{"taxonomy":"category","embeddable":true,"href":"https:\/\/www.clinicadehipnoseenutricao.com\/blog\/wp-json\/wp\/v2\/categories?post=9531"},{"taxonomy":"post_tag","embeddable":true,"href":"https:\/\/www.clinicadehipnoseenutricao.com\/blog\/wp-json\/wp\/v2\/tags?post=9531"}],"curies":[{"name":"wp","href":"https:\/\/api.w.org\/{rel}","templated":true}]}}