{"id":9698,"date":"2020-09-11T04:00:25","date_gmt":"2020-09-11T07:00:25","guid":{"rendered":"https:\/\/www.ericpereira.eu\/?p=9698"},"modified":"2020-09-11T04:00:25","modified_gmt":"2020-09-11T07:00:25","slug":"vendo-me","status":"publish","type":"post","link":"https:\/\/www.clinicadehipnoseenutricao.com\/blog\/vendo-me\/","title":{"rendered":"VENDO-ME!"},"content":{"rendered":"<p>Come\u00e7o j\u00e1 dizendo que acredito que estou um pouquinho pensativo hoje, ok? E sabe o que isso significa, n\u00e9? Que vou falar mesmoooooo&#8230;<\/p>\n<p>J\u00e1 faz uns dias que estou com um pensamento fixo sobre a nossa vida \u201catual\u201d e que pode ser apenas um pensamento tolo, pode ser apenas eu querendo \u201ccriticar\u201d algu\u00e9m OU quem sabe pode ser apenas eu com alguma inveja, apesar de preferir ser apenas eu, sendo eu mesmo.<\/p>\n<h3>Desde adolescente que ou\u00e7o&#8230;<\/h3>\n<p>&#8230;que precisamos saber \u201cnos vender\u201d que a <strong>primeira impress\u00e3o \u00e9 a que fica<\/strong>, que apar\u00eancia \u00e9 importante, que seja em uma entrevista de emprego em um primeiro encontro, venda-se da melhor maneira poss\u00edvel e tal&#8230;.<\/p>\n<p>Depois entre os meus 15 e 19 anos vendi seguros sa\u00fade e em todos os cursos que fiz (de vendas), o que mais ouvia dos treinadores era como precis\u00e1vamos \u201cvender\u201d as nossas ideias \u00e0s pessoas e aprendi muito, utilizei mais ainda cada t\u00e9cnica que aprendi e hoje estou eu aqui, sentado em um caf\u00e9 de Lisboa escrevendo sobre \u201ccomo nos vendemos\u201d em tempo integral e talvez eu esteja aqui fazendo uma an\u00e1lise sobre as redes sociais! S\u00f3 talvez&#8230;.<\/p>\n<p>Sou mais de compartilhar conte\u00fado do que ficar no feed, vendo conte\u00fados, mas \u00e0s vezes tamb\u00e9m o fa\u00e7o e n\u00e3o sei por que motivo de h\u00e1 uns dias pra c\u00e1 tenho visto alguns feeds e pensado porque as pessoas insistem em postar fotos quase nuas ou extravagantes ostentando uma vida linda, incr\u00edvel e maravilhosa!<\/p>\n<h3>Este \u00e9 aquele momento que pode me dizer o que eu tenho com a vida das pessoas e ok, aceito!<\/h3>\n<p>Por\u00e9m, eu como terapeuta (e isso n\u00e3o \u00e9 uma desculpa), estudo h\u00e1 anos o comportamento das pessoas (inclusive o meu) e isso me chama a aten\u00e7\u00e3o.<\/p>\n<p><strong>Ser\u00e1 que estamos mesmo vivendo um momento em que queremos \u201cNOS VENDER\u201d para as outras pessoas gostarem mais de n\u00f3s?<\/strong> Eu por exemplo me vendo o tempo todo e tenho consci\u00eancia disso!<\/p>\n<p>Ops&#8230; Calma a\u00ed, deixa explicar \u201cmelhor\u201d \u2013 Eu vendo o tempo todo o meu trabalho, as minhas habilidades profissionais e se me acompanha h\u00e1 muito tempo, deve perceber que junto com o que vendo vai junto aquilo que n\u00e3o sou bom, pois vivo falando sobre falhas minhas, sobre sermos todos iguais. (ou mais ou menos iguais), enfim.<\/p>\n<p>Agora tem pessoas que vendem \u201co corpo\u201d, a \u201cvida perfeita\u201d, \u201co dinheiro\u201d, o \u201ceu tenho e voc\u00ea n\u00e3o tem\u201d e claroooo que posso estar aqui exagerando (e muito), mas quando observo esta venda excessiva de beleza e poder, fico me perguntando se estas pessoas s\u00e3o realmente felizes, se elas apenas vivem isso nas redes sociais e no dia a dia s\u00e3o sofredoras, se n\u00e3o se trata de venda e sim de estarem tao felizes que isso n\u00e3o cabe dentro delas e precisam mostrar para o mundo ou se eu sou um idiota com assuntos idiotas aqui&#8230; e ri alto agora!!!<\/p>\n<p>Sei l\u00e1!<\/p>\n<h3>Ok, ent\u00e3o porque escrevo sobre isso enquanto tomo meu cappuccino?<\/h3>\n<p>Primeiro porque gosto de trazer mesmo os meus pensamentos pra c\u00e1 para podermos pensar juntos e quem sabe faz mais sentido para voc\u00ea, do que para mim e segundo (que talvez deveria ser primeiro) \u00e9 mesmo para analisarmos o nosso comportamento e sendo ainda mais sincero, para que voc\u00ea olhe para suas a\u00e7\u00f5es e quem sabe ajust\u00e1-las!<\/p>\n<p><strong>\u00c9 o que tento fazer na maior parte do tempo.<\/strong><\/p>\n<p>Em 2017 e 2018 fui in\u00fameras vezes para Paris e It\u00e1lia e postava muito toda a viagem \u201cat\u00e9\u201d o dia em que olhei para as minhas redes sociais e realmente parecia que eu estava me exibindo (e deveria estar), mas a grande quest\u00e3o nem foi esta, foi mesmo me perguntar porque eu fazia aquilo?<\/p>\n<p>Porque perdia tempo (por exemplo) fotografando a minha comida ou mesmo o meu caf\u00e9? O que eu queria com aquilo? Qual a ideia de \u201cvender\u201d para o mundo aquele momento que era t\u00e3o meu?!<\/p>\n<p>\u00c9 como expor o meu casamento! No passado postamos imensas coisas que faz\u00edamos e hoje bem menos&#8230;.<\/p>\n<p>As redes sociais s\u00e3o feitas para divers\u00e3o, n\u00e9? Eu \u00e9 que \u00e0s uso mais para trabalho e ser\u00e1 que o erro \u00e9 este? No final nem sei dizer, mas a impress\u00e3o que tenho aqui \u00e9 que estamos nos vendendo o tempo todo!<\/p>\n<h3 style=\"text-align: left;\">E \u00e0s vezes pode ser legal e at\u00e9 divertido \u201cSE\u201d voc\u00ea realmente vende quem voc\u00ea \u00e9&#8230;. ok?<\/h3>\n<p>Agora, mesmo assim se vender o tempo todo com a inten\u00e7\u00e3o de mostrar a sua vida incr\u00edvel, fod\u00e1stica, maravilhosa, cheia de coisas interessantes pode ser um problema que vale mesmo olhar para isso.<\/p>\n<p>\u00c0s vezes vejo pessoas na cama postando pequenos v\u00eddeos acordando \u201cmaquiadas\u201d, com cabelo super arrumado \u2013 Desculpa a\u00ed, pois eu acordo mega desarrumado e quando meu cabelo era maior, acordava despenteado e \u00e0s vezes com um olho fechado e outro aberto!<\/p>\n<p>\u00c0s vezes com pressa coloco minhas meias e apenas na rua percebo que s\u00e3o diferentes (\u00e9 verdade) e algumas vezes nem vontade de levantar da cama tenho (Rindo alto).<\/p>\n<h3>Sou um anormal?<\/h3>\n<p>N\u00e3ooooo&#8230;. Sou este cara que todos os dias estou aqui e na MAIORIA das vezes est\u00e1 realmente super bem, mas \u00e0s vezes est\u00e1 de saco cheio soltando palavr\u00f5es e JULGANDO pessoas!<\/p>\n<p>Desculpa, ok? N\u00e3o sou perfeito, mas me esfor\u00e7o e muito! Ahh, s\u00f3 para deixar claro, me esfor\u00e7o para n\u00e3o julgar, porque perfeito nunca serei MESMO! Sou perfeitamente imperfeito e est\u00e1 tudo bem ser assim.<\/p>\n<p>Enfim&#8230;. Como disse no in\u00edcio \u00e9 apenas mais um pensamento que pode ser mega, super aproveitadoooo \u201cou\u201d descartado porque n\u00e3o tem tempo para isso j\u00e1 que precisa mostrar a sua vida foda de mais! (pitada de ironia aqui).<\/p>\n<p>Mesmo assim e com as brincadeiras \u00e0 parte desejo que todos n\u00f3s tenhamos um dia lindo e sinceramente poste o que voc\u00ea quiser da maneira que desejar, pois as redes sociais s\u00e3o suas, a vida \u00e9 sua e eu sou apenas o cara querendo vender a ideia sobre vendermos a nossa vida.<\/p>\n<p>At\u00e9 amanh\u00e3,<\/p>\n<p>\u27a1\ufe0fTenho um GRUPO VIP no Telegram e ser\u00e1 um prazer imenso ter sua presen\u00e7a l\u00e1. <a href=\"https:\/\/t.me\/alimenteamente\" target=\"_blank\" rel=\"noopener noreferrer\">Clique aqui<\/a> para participar!<\/p>\n<p>J\u00e1 se inscreveu no meu canal no YOUTUBE? Se ainda n\u00e3o, <a href=\"https:\/\/www.youtube.com\/channel\/UCufF1-tjXQ0ObEgcYmgvFHQ\" target=\"_blank\" rel=\"noopener noreferrer\">clique aqui<\/a> e se inscreva, aproveita e d\u00e1 uma olhadinha no conte\u00fado.<\/p>\n","protected":false},"excerpt":{"rendered":"<p>Come\u00e7o j\u00e1 dizendo que acredito que estou um pouquinho pensativo hoje, ok? E sabe o que isso significa, n\u00e9? Que vou falar mesmoooooo&#8230; J\u00e1 faz uns dias que estou com um pensamento fixo sobre a nossa vida \u201catual\u201d e que pode ser apenas um pensamento tolo, pode ser apenas eu querendo \u201ccriticar\u201d algu\u00e9m OU quem [&hellip;]<\/p>\n","protected":false},"author":3,"featured_media":9699,"comment_status":"closed","ping_status":"closed","sticky":false,"template":"","format":"standard","meta":{"footnotes":""},"categories":[60],"tags":[361,854,855,647,749,436,856,857,457,858,859,860],"blocksy_meta":"","_links":{"self":[{"href":"https:\/\/www.clinicadehipnoseenutricao.com\/blog\/wp-json\/wp\/v2\/posts\/9698"}],"collection":[{"href":"https:\/\/www.clinicadehipnoseenutricao.com\/blog\/wp-json\/wp\/v2\/posts"}],"about":[{"href":"https:\/\/www.clinicadehipnoseenutricao.com\/blog\/wp-json\/wp\/v2\/types\/post"}],"author":[{"embeddable":true,"href":"https:\/\/www.clinicadehipnoseenutricao.com\/blog\/wp-json\/wp\/v2\/users\/3"}],"replies":[{"embeddable":true,"href":"https:\/\/www.clinicadehipnoseenutricao.com\/blog\/wp-json\/wp\/v2\/comments?post=9698"}],"version-history":[{"count":0,"href":"https:\/\/www.clinicadehipnoseenutricao.com\/blog\/wp-json\/wp\/v2\/posts\/9698\/revisions"}],"wp:featuredmedia":[{"embeddable":true,"href":"https:\/\/www.clinicadehipnoseenutricao.com\/blog\/wp-json\/wp\/v2\/media\/9699"}],"wp:attachment":[{"href":"https:\/\/www.clinicadehipnoseenutricao.com\/blog\/wp-json\/wp\/v2\/media?parent=9698"}],"wp:term":[{"taxonomy":"category","embeddable":true,"href":"https:\/\/www.clinicadehipnoseenutricao.com\/blog\/wp-json\/wp\/v2\/categories?post=9698"},{"taxonomy":"post_tag","embeddable":true,"href":"https:\/\/www.clinicadehipnoseenutricao.com\/blog\/wp-json\/wp\/v2\/tags?post=9698"}],"curies":[{"name":"wp","href":"https:\/\/api.w.org\/{rel}","templated":true}]}}