{"id":9776,"date":"2020-09-19T07:57:35","date_gmt":"2020-09-19T10:57:35","guid":{"rendered":"https:\/\/www.ericpereira.eu\/?p=9776"},"modified":"2020-09-19T07:57:35","modified_gmt":"2020-09-19T10:57:35","slug":"as-vezes-doi-ne","status":"publish","type":"post","link":"https:\/\/www.clinicadehipnoseenutricao.com\/blog\/as-vezes-doi-ne\/","title":{"rendered":"As vezes \u201cD\u00d3I\u201d, n\u00e9?!"},"content":{"rendered":"<p>Existem feridas que desaparecem rapidamente e outras que demoram um tempo para cicatrizarem e n\u00e3o estou falando de feridas \u201cna pele\u201d. Estou falando sobre feridas emocionais! Aquelas que \u00e0s vezes n\u00e3o s\u00e3o vistas pelas pessoas, mas s\u00e3o sentidas por quem as carrega.<\/p>\n<p>Dores invis\u00edveis que parecem que fazem o nosso peito estar carregando um enorme bloco de cimento e que em algumas pessoas chega a fazer faltar o ar!<\/p>\n<p>\u00c0s vezes a dor \u00e9 t\u00e3o grande que ela transborda pelos olhos, ela provoca sono, insiste em nos manter na cama, no escuro e n\u00e3o queremos ouvir ningu\u00e9m&#8230;. Em algumas pessoas esta \u201cdor\u201d \u00e9 passageira e em outras \u00e9 a porta para uma profunda depress\u00e3o.<\/p>\n<h3>Independente da causa que provocou esta ferida, ningu\u00e9m merece ou deseja permanecer em estado de sofrimento.<\/h3>\n<p>Eu entendo que \u00e0s vezes acontecem situa\u00e7\u00f5es que realmente nos machucam emocionalmente, que \u00e9 dif\u00edcil, virar a p\u00e1gina, mudar o mindset, esquecer e at\u00e9 perdoar e sim, eu entendo e nestes anos tenho ouvido muitas hist\u00f3rias tristes de pessoas que entraram nas mais diversas situa\u00e7\u00f5es e isso trouxe sofrimento!<\/p>\n<p>Algumas destas pessoas aumentaram estas dores, sendo v\u00edtimas, outras encararam a situa\u00e7\u00e3o e deram a volta por cima, mas todas sofreram.<\/p>\n<p>Hoje o meu papel aqui n\u00e3o \u00e9 apenas compreender que todos estamos sujeitos a sofrer, mas afirmar que n\u00e3o precisamos permanecer neste estado emocional e por mais dif\u00edcil que possa parecer, sair dele urgentemente.<\/p>\n<p>Quem me conhece melhor, diz que tenho uma enorme facilidade em \u201cvirar a chavinha\u201d, que mudo o mindset com imensa facilidade e \u00e9 sim verdade, pois tenho em mente (FIXADO), algumas coisas importantes que s\u00e3o elas: A vida \u00e9 t\u00e3o curta para perdermos tempo \u2013 Se algo \u201cmenos bom\u201d aconteceu eu tamb\u00e9m sou respons\u00e1vel e por se tratar da minha vida, quanto mais eu permanecer dentro daquela hist\u00f3ria, mais vou sofrer e sinceramente eu acredito em oportunidades, perdoo com muita facilidade e amo muito a minha vida para sofrer!<\/p>\n<h3>O dia que voc\u00ea colocar em mente que n\u00e3o precisa \u201cse castigar\u201d por nada que aconte\u00e7a, que \u201ccarregar CULPA\u201d \u00e9 atraso de vida, a\u00ed com certeza absoluta a sua vida vai mudar imenso&#8230;<\/h3>\n<p>A vida n\u00e3o acontece! Aten\u00e7\u00e3o a isso \u2013 Ela vai acontecendo e tudo neste planeta s\u00e3o experi\u00eancias e s\u00f3! Eu depois que comecei a ver a vida por este prisma, vivo dentro de outra realidade e todos n\u00f3s podemos viver assim.<\/p>\n<p>Antes da pandemia fiz uma palestra no Funchal \u2013 \u201cFeridas Emocionais\u201d com mais ou menos 1 hora e vou disponibilizar o \u00e1udio dela para voc\u00ea ouvir e espero que esta divertida palestra possa ajud\u00e1-lo a compreender mais sobre o assunto. <a href=\"https:\/\/www.ericpereira.eu\/feridas-emocionais\" target=\"_blank\" rel=\"noopener noreferrer\">(Clique Aqui para ouvir a palestra)<\/a><\/p>\n<p>E agora que tal levarmos isso a mais pessoas, ehh? O que me diz? Outras pessoas tamb\u00e9m merecem, n\u00e3o acha? Ent\u00e3o por favor, marque as pessoas que precisam disso ou compartilhe nas suas redes sociais.<\/p>\n<p>Agrade\u00e7o que deixe seu coment\u00e1rio se gostou!<\/p>\n<p>E aproveite para participar do meu GRUPO VIP no Telegram, <a href=\"https:\/\/t.me\/alimenteamente\" target=\"_blank\" rel=\"noopener noreferrer\">clicando aqui<\/a>! Sua presen\u00e7a \u00e9 muito importante.<\/p>\n<p>At\u00e9 \u00e0 pr\u00f3xima,<\/p>\n","protected":false},"excerpt":{"rendered":"<p>Existem feridas que desaparecem rapidamente e outras que demoram um tempo para cicatrizarem e n\u00e3o estou falando de feridas \u201cna pele\u201d. Estou falando sobre feridas emocionais! Aquelas que \u00e0s vezes n\u00e3o s\u00e3o vistas pelas pessoas, mas s\u00e3o sentidas por quem as carrega. Dores invis\u00edveis que parecem que fazem o nosso peito estar carregando um enorme [&hellip;]<\/p>\n","protected":false},"author":3,"featured_media":9778,"comment_status":"closed","ping_status":"closed","sticky":false,"template":"","format":"standard","meta":{"footnotes":""},"categories":[60],"tags":[890,361,512,891,362,425,892,893,510,364,894,895],"blocksy_meta":"","_links":{"self":[{"href":"https:\/\/www.clinicadehipnoseenutricao.com\/blog\/wp-json\/wp\/v2\/posts\/9776"}],"collection":[{"href":"https:\/\/www.clinicadehipnoseenutricao.com\/blog\/wp-json\/wp\/v2\/posts"}],"about":[{"href":"https:\/\/www.clinicadehipnoseenutricao.com\/blog\/wp-json\/wp\/v2\/types\/post"}],"author":[{"embeddable":true,"href":"https:\/\/www.clinicadehipnoseenutricao.com\/blog\/wp-json\/wp\/v2\/users\/3"}],"replies":[{"embeddable":true,"href":"https:\/\/www.clinicadehipnoseenutricao.com\/blog\/wp-json\/wp\/v2\/comments?post=9776"}],"version-history":[{"count":0,"href":"https:\/\/www.clinicadehipnoseenutricao.com\/blog\/wp-json\/wp\/v2\/posts\/9776\/revisions"}],"wp:featuredmedia":[{"embeddable":true,"href":"https:\/\/www.clinicadehipnoseenutricao.com\/blog\/wp-json\/wp\/v2\/media\/9778"}],"wp:attachment":[{"href":"https:\/\/www.clinicadehipnoseenutricao.com\/blog\/wp-json\/wp\/v2\/media?parent=9776"}],"wp:term":[{"taxonomy":"category","embeddable":true,"href":"https:\/\/www.clinicadehipnoseenutricao.com\/blog\/wp-json\/wp\/v2\/categories?post=9776"},{"taxonomy":"post_tag","embeddable":true,"href":"https:\/\/www.clinicadehipnoseenutricao.com\/blog\/wp-json\/wp\/v2\/tags?post=9776"}],"curies":[{"name":"wp","href":"https:\/\/api.w.org\/{rel}","templated":true}]}}