{"id":9931,"date":"2020-12-01T19:25:37","date_gmt":"2020-12-01T21:25:37","guid":{"rendered":"https:\/\/www.ericpereira.eu\/?p=9931"},"modified":"2020-12-01T19:25:37","modified_gmt":"2020-12-01T21:25:37","slug":"o-ano-acabou","status":"publish","type":"post","link":"https:\/\/www.clinicadehipnoseenutricao.com\/blog\/o-ano-acabou\/","title":{"rendered":"O ANO ACABOU!"},"content":{"rendered":"<h2>S\u00e9rio que voc\u00ea ainda pensa assim? Acredita MESMO que o ano j\u00e1 acabou?<\/h2>\n<p>Ok, concordo que estamos perto disso, por\u00e9m quando olho no \u201cmeu\u201d calend\u00e1rio vejo que ainda faltam 30 dias (e poderia acrescentar), longos&#8230;. 30 longos dias para que 2021 chegue e mesmo acreditando que 2021 j\u00e1 bate \u00e0 porta, n\u00e3o \u00e9 hora dele entrar, n\u00e9?<\/p>\n<p>Muitas pessoas dizem que devido a tantos problemas que tiveram em 2020, n\u00e3o veem a hora deste ano terminar e 2021 come\u00e7ar e eu aqui sentado na mesma cadeira que passei todo este ano escrevendo, gravando e atendendo pessoas, me pergunto se quando 2021 se iniciar algo diferente vai acontecer com o mundo, com as pessoas, com a \u201crealidade\u201d que elas constru\u00edram das suas vidas?! Sinceramente?<\/p>\n<p>Eu adoro finais e in\u00edcios de ano, pois simbolicamente acredito que \u00e9 uma esp\u00e9cie de \u201climite\u201d de final e in\u00edcio de ciclo, por\u00e9m (na minha opini\u00e3o), quando terminamos um ano, sem uma bela e profunda retrospetiva, quando encerramos um ano desta forma, ignorando os \u00faltimos 30 dias que falta para termin\u00e1-lo e iniciamos um ano apenas desejando que tudo de bom aconte\u00e7a, acho que terminamos em caos e iniciamos em desastre! MESMO!<\/p>\n<p>Terminamos este \u201cciclo\u201d mergulhados em caos, pois n\u00e3o sabemos como ele realmente aconteceu e ficamos perdidos usando palavras soltas como \u201cmenos bom\u201d, \u201cestranho\u201d, ou \u201cat\u00e9 que foi bom\u201d, mas insisto em perguntar: Como foi realmente o ano de 2020 para voc\u00ea? E pergunto isso em v\u00e1rios setores \u2013 pessoal, profissional, espiritual&#8230;. E poderia ser mais minucioso ainda&#8230;. Em suas rela\u00e7\u00f5es, em sua vida familiar, como pessoa, como foram os seus pensamentos em 2020? Mais positivos? Mais negativos? Esteve com a auto estima mais em alta ou mais em baixo? Conseguiu identificar as cren\u00e7as que te limitaram durante o ano de 2020? Anotou como foram as suas semanas? Teve mais motivos para sorrir, chorar? Sentiu-se equilibrado ou viveu mergulhado em caos?<\/p>\n<h2>Consegue compreender a MAIOR INTEN\u00c7\u00c3O deste texto aqui hoje?<\/h2>\n<p>E se n\u00e3o sabe, muito sobre aquilo que (J\u00c1) vivenciou, me responda uma pergunta: Como ser\u00e1 o ano de 2021? Sinceramente se n\u00e3o consegue \u201cmedir\u201d como foi 2020, vai me dizer que consegue medir o que ainda (VAI) acontecer em 2021? N\u00e3o podemos brincar de \u201cest\u00e1 tudo certo\u201d ou de \u201cdeixo nas m\u00e3os do Universo\u201d quando queremos realmente ter mais momentos felizes do que (menos bons). \u00c9 de extrema import\u00e2ncia que possamos \u201cenxergar\u201d um pouco mais adiante para aumentarmos o nosso foco no momento presente, na constru\u00e7\u00e3o de todo o processo que vai desde o nosso estado atual (ponto A), at\u00e9 o estado desejado (ponto B) e sem aten\u00e7\u00e3o, clareza e principalmente um plano de a\u00e7\u00e3o, as chances diminuem e muito.<\/p>\n<p>Ent\u00e3o, o ano ainda n\u00e3o acabou! Podemos fazer imensas coisas at\u00e9 o dia 31\/12 e em todos os outros dias&#8230;.<\/p>\n<p>Espero ter contribu\u00eddo! Agora fa\u00e7a a sua parte!<br \/>\nAt\u00e9 \u00e0 pr\u00f3xima,<\/p>\n<p><img fetchpriority=\"high\" decoding=\"async\" class=\" wp-image-9809 aligncenter\" src=\"https:\/\/www.ipubli.com.br\/clientes\/base56\/wp-content\/uploads\/2020\/09\/assinatura-300x108.jpg\" alt=\"\" width=\"494\" height=\"178\" \/><\/p>\n","protected":false},"excerpt":{"rendered":"<p>S\u00e9rio que voc\u00ea ainda pensa assim? Acredita MESMO que o ano j\u00e1 acabou? Ok, concordo que estamos perto disso, por\u00e9m quando olho no \u201cmeu\u201d calend\u00e1rio vejo que ainda faltam 30 dias (e poderia acrescentar), longos&#8230;. 30 longos dias para que 2021 chegue e mesmo acreditando que 2021 j\u00e1 bate \u00e0 porta, n\u00e3o \u00e9 hora dele [&hellip;]<\/p>\n","protected":false},"author":3,"featured_media":9932,"comment_status":"closed","ping_status":"closed","sticky":false,"template":"","format":"standard","meta":{"footnotes":""},"categories":[60],"tags":[],"blocksy_meta":"","_links":{"self":[{"href":"https:\/\/www.clinicadehipnoseenutricao.com\/blog\/wp-json\/wp\/v2\/posts\/9931"}],"collection":[{"href":"https:\/\/www.clinicadehipnoseenutricao.com\/blog\/wp-json\/wp\/v2\/posts"}],"about":[{"href":"https:\/\/www.clinicadehipnoseenutricao.com\/blog\/wp-json\/wp\/v2\/types\/post"}],"author":[{"embeddable":true,"href":"https:\/\/www.clinicadehipnoseenutricao.com\/blog\/wp-json\/wp\/v2\/users\/3"}],"replies":[{"embeddable":true,"href":"https:\/\/www.clinicadehipnoseenutricao.com\/blog\/wp-json\/wp\/v2\/comments?post=9931"}],"version-history":[{"count":0,"href":"https:\/\/www.clinicadehipnoseenutricao.com\/blog\/wp-json\/wp\/v2\/posts\/9931\/revisions"}],"wp:featuredmedia":[{"embeddable":true,"href":"https:\/\/www.clinicadehipnoseenutricao.com\/blog\/wp-json\/wp\/v2\/media\/9932"}],"wp:attachment":[{"href":"https:\/\/www.clinicadehipnoseenutricao.com\/blog\/wp-json\/wp\/v2\/media?parent=9931"}],"wp:term":[{"taxonomy":"category","embeddable":true,"href":"https:\/\/www.clinicadehipnoseenutricao.com\/blog\/wp-json\/wp\/v2\/categories?post=9931"},{"taxonomy":"post_tag","embeddable":true,"href":"https:\/\/www.clinicadehipnoseenutricao.com\/blog\/wp-json\/wp\/v2\/tags?post=9931"}],"curies":[{"name":"wp","href":"https:\/\/api.w.org\/{rel}","templated":true}]}}